{"id":1100,"date":"2021-12-30T03:09:57","date_gmt":"2021-12-30T03:09:57","guid":{"rendered":"http:\/\/msaludsgo.gov.ar\/web\/?p=1100"},"modified":"2023-01-03T12:00:10","modified_gmt":"2023-01-03T12:00:10","slug":"centros-de-hisopado","status":"publish","type":"post","link":"https:\/\/msaludsgo.gov.ar\/web\/centros-de-hisopado\/","title":{"rendered":"TESTEO COVID-19"},"content":{"rendered":"\n<p class=\"has-large-font-size\"><strong>\u00bfCu\u00e1ndo hay que realizarse un hisopado?<\/strong><\/p>\n\n\n\n<p><strong><em>El Ministerio de Salud recuerda los criterios de testeo que se est\u00e1n implementando ante la actual situaci\u00f3n epidemiol\u00f3gica que atraviesa la provincia y el pa\u00eds.<\/em><\/strong><\/p>\n\n\n\n<p>Consult\u00e1&nbsp;<strong><a href=\"#centro-de-testeo-hint\" data-type=\"internal\" data-id=\"#centro-de-testeo-hint\">AQUI&nbsp;<\/a><\/strong>los centros de testeo COVID-19 habilitados<\/p>\n\n\n\n<p><strong>\u00bfCu\u00e1ndo hay que realizarse un hisopado para diagn\u00f3stico de COVID-19?<\/strong><\/p>\n\n\n\n<ul class=\"wp-block-list\">\n<li>Deben testearse las<strong>&nbsp;personas que tienen SINTOMAS compatibles de COVID-19&nbsp;<\/strong>(fiebre de 37,5\u00b0C o m\u00e1s, tos, dolor de garganta, dificultad respiratoria, dolor muscular, cefalea, diarrea y\/o v\u00f3mitos, congesti\u00f3n nasal, p\u00e9rdida brusca de gusto u olfato).<br><strong><em>Es necesario avisar a los contactos estrechos para que se a\u00edslen hasta obtener el resultado.<\/em><\/strong><br>Si presenta&nbsp;<strong>dificultad respiratoria, o los s\u00edntomas no mejoran,<\/strong>&nbsp;deben realizar una c<strong>onsulta m\u00e9dica en una guardia del hospital m\u00e1s cercano.<\/strong><\/li>\n\n\n\n<li>La persona que es&nbsp;<strong>CONTACTO ESTRECHO y tiene S\u00cdNTOMAS<\/strong>&nbsp;<em>pero es menor de 60 a\u00f1os y no tiene factores de riesgo<\/em>,&nbsp;<strong>NO ES necesario que se realice el hisopado.<\/strong>&nbsp;El caso positivo se confirma por nexo cl\u00ednico epidemiol\u00f3gico.<\/li>\n<\/ul>\n\n\n\n<p class=\"has-background has-medium-font-size\" style=\"background-color:#8dd2fc80\"><strong>Si tu resultado es positivo \/detectabe para Covid-19 consulta <a href=\"https:\/\/msaludsgo.gov.ar\/web\/informacion-para-casos-confirmados-y-contactos-estrechos\/\" data-type=\"URL\" data-id=\"https:\/\/msaludsgo.gov.ar\/web\/informacion-para-casos-confirmados-y-contactos-estrechos\/\">aqui<\/a> como seguir <\/strong><\/p>\n\n\n\n<p class=\"has-large-font-size\"><strong>\u00bfQu\u00e9 hago si tengo diagn\u00f3stico confirmado o s\u00edntomas compatibles con COVID-19?<\/strong><\/p>\n\n\n\n<p>&#x1f4cc;&nbsp;&nbsp;&nbsp;Si sos <strong>mayor de 50 a\u00f1os o ten\u00e9s condiciones de riesgo<\/strong> y te dio positivo el test, ten\u00e9s que hacer todo lo<strong> <a href=\"#recomendaciones-hint\" data-type=\"internal\" data-id=\"#recomendaciones-hint\">recomendado<\/a><\/strong> que se indican posteriormente, adem\u00e1s, <strong>control cl\u00ednico estricto y seguir las recomendaciones que te indiquen<\/strong>.<\/p>\n\n\n\n<p>&#x1f4cc;Si sos contacto estrecho, <strong>no ten\u00e9s que aislarte ni testearte<\/strong> <strong>pero si extremar el uso de barbijo y medidas preventivas durante , 10 d\u00edas<\/strong>. Tambi\u00e9n debes estar atento\/a a la aparici\u00f3n de s\u00edntomas; si aparecen, segu\u00ed las indicaciones , de acuerdo a si sos grupo priorizado para testeo o no.<\/p>\n\n\n\n<p>&#x2b55; <strong>Si los s\u00edntomas no mejoran<\/strong>, se debe realizar una&nbsp;<strong>consulta m\u00e9dica en una guardia del centro de salud m\u00e1s cercano<\/strong><\/p>\n\n\n\n<p class=\"has-background\" style=\"background-color:#8dd2fc47\"><strong>En relaci\u00f3n al ALTA o fin de aislamiento COVID-19 se informa que es AUTOM\u00c1TICA cumpliendo los d\u00edas de aislamiento desde la fecha del hisopado, de acuerdo al estado del esquema de vacunaci\u00f3n.<\/strong><\/p>\n\n\n\n<p><\/p>\n\n\n\n<figure class=\"wp-block-gallery has-nested-images columns-default is-cropped wp-block-gallery-1 is-layout-flex wp-block-gallery-is-layout-flex\">\n<figure class=\"wp-block-image size-large\"><img fetchpriority=\"high\" decoding=\"async\" width=\"819\" height=\"1024\" data-id=\"4311\" src=\"https:\/\/msaludsgo.gov.ar\/web\/wp-content\/uploads\/2022\/01\/1-819x1024.png\" alt=\"\" class=\"wp-image-4311\" srcset=\"https:\/\/msaludsgo.gov.ar\/web\/wp-content\/uploads\/2022\/01\/1-819x1024.png 819w, https:\/\/msaludsgo.gov.ar\/web\/wp-content\/uploads\/2022\/01\/1-240x300.png 240w, https:\/\/msaludsgo.gov.ar\/web\/wp-content\/uploads\/2022\/01\/1-120x150.png 120w, https:\/\/msaludsgo.gov.ar\/web\/wp-content\/uploads\/2022\/01\/1-768x960.png 768w, https:\/\/msaludsgo.gov.ar\/web\/wp-content\/uploads\/2022\/01\/1-320x400.png 320w, https:\/\/msaludsgo.gov.ar\/web\/wp-content\/uploads\/2022\/01\/1.png 1080w\" sizes=\"(max-width: 819px) 100vw, 819px\" \/><\/figure>\n\n\n\n<figure class=\"wp-block-image size-large\"><img decoding=\"async\" width=\"819\" height=\"1024\" data-id=\"4312\" src=\"https:\/\/msaludsgo.gov.ar\/web\/wp-content\/uploads\/2022\/01\/2-819x1024.png\" alt=\"\" class=\"wp-image-4312\" srcset=\"https:\/\/msaludsgo.gov.ar\/web\/wp-content\/uploads\/2022\/01\/2-819x1024.png 819w, https:\/\/msaludsgo.gov.ar\/web\/wp-content\/uploads\/2022\/01\/2-240x300.png 240w, https:\/\/msaludsgo.gov.ar\/web\/wp-content\/uploads\/2022\/01\/2-120x150.png 120w, https:\/\/msaludsgo.gov.ar\/web\/wp-content\/uploads\/2022\/01\/2-768x960.png 768w, https:\/\/msaludsgo.gov.ar\/web\/wp-content\/uploads\/2022\/01\/2-320x400.png 320w, https:\/\/msaludsgo.gov.ar\/web\/wp-content\/uploads\/2022\/01\/2.png 1080w\" sizes=\"(max-width: 819px) 100vw, 819px\" \/><\/figure>\n\n\n\n<figure class=\"wp-block-image size-large\"><img decoding=\"async\" width=\"819\" height=\"1024\" data-id=\"4313\" src=\"https:\/\/msaludsgo.gov.ar\/web\/wp-content\/uploads\/2022\/01\/3-819x1024.png\" alt=\"\" class=\"wp-image-4313\" srcset=\"https:\/\/msaludsgo.gov.ar\/web\/wp-content\/uploads\/2022\/01\/3-819x1024.png 819w, https:\/\/msaludsgo.gov.ar\/web\/wp-content\/uploads\/2022\/01\/3-240x300.png 240w, https:\/\/msaludsgo.gov.ar\/web\/wp-content\/uploads\/2022\/01\/3-120x150.png 120w, https:\/\/msaludsgo.gov.ar\/web\/wp-content\/uploads\/2022\/01\/3-768x960.png 768w, https:\/\/msaludsgo.gov.ar\/web\/wp-content\/uploads\/2022\/01\/3-320x400.png 320w, https:\/\/msaludsgo.gov.ar\/web\/wp-content\/uploads\/2022\/01\/3.png 1080w\" sizes=\"(max-width: 819px) 100vw, 819px\" \/><\/figure>\n<\/figure>\n\n\n\n<p class=\"has-large-font-size\" id=\"centro-de-testeo-hint\"><strong>Centro de testeo de la provincia<\/strong><\/p>\n\n\n\n<p class=\"has-white-color has-vivid-cyan-blue-background-color has-text-color has-background has-medium-font-size\">Ciudad Capital <\/p>\n\n\n\n<p class=\"has-vivid-cyan-blue-color has-text-color has-medium-font-size\"><strong>HOSPITALES DE LA CIUDAD CAPITAL SANTIAGO DEL ESTERO<\/strong><\/p>\n\n\n\n<p><\/p>\n\n\n\n<p><strong>&gt;&gt; HOSPITAL INDEPENDENCIA \u2013&nbsp;<\/strong>Av. Belgrano Norte 660<\/p>\n\n\n\n<p>De lunes a viernes de 14 a 16 hs. (presentar fotocopia de DNI)<\/p>\n\n\n\n<p><strong>&gt;&gt; CENTRO DE SALUD \u201cMAMA ANTULA\u201d \u2013&nbsp;<\/strong>Av. De circunvalaci\u00f3n Dr. Ra\u00fal Alfons\u00edn (por colectora) esquina Doctor Ren\u00e9 Favaloro<\/p>\n\n\n\n<p>Lunes a viernes desde 8 hs.  y desde 18 hs. (en cada turno se entregan 150 n\u00fameros)<\/p>\n\n\n\n<p><\/p>\n\n\n\n<p class=\"has-vivid-cyan-blue-color has-text-color has-medium-font-size\"><strong>CENTROS DE ATENCI\u00d3N PRIMARIA (UPAS Y CAPS)<\/strong><\/p>\n\n\n\n<p><strong>De lunes a viernes de 7 a 9 horas<\/strong><\/p>\n\n\n\n<p><strong>&gt;&gt; <strong><strong><strong><strong><strong>ZONA ESTE:<\/strong><\/strong><\/strong><\/strong><\/strong><\/strong> <strong>UPA N\u00ba 2 B\u00b0 C\u00e1ceres<\/strong><br>Olaechea y Alsina<br>Tel.: 4504420 \u2013 155112567<br>Facebook: Upa Caceres<\/p>\n\n\n\n<p><strong>&gt;&gt; <strong>ZONA NOROESTE: <\/strong>UPA N\u00ba 5 B\u00b0 Autonom\u00eda<\/strong><br>R. Hellman N\u00ba 158<br>Tel.: 4397021<br>Facebook: Upa Autonomia<\/p>\n\n\n\n<p><strong>&gt;&gt;<strong><strong>ZONA OESTE:<\/strong><\/strong> UPA N\u00ba 6 B\u00b0 Smata<\/strong><br>Mar\u00eda Auxiliadora y Posadas<br>Tel.: 43191412<br>Facebook: Upa Smata<\/p>\n\n\n\n<p><strong>&gt;&gt; <strong><strong><strong><strong>ZONA SUR:<\/strong><\/strong><\/strong><\/strong> UPA N\u00ba 8 B\u00b0 Los Flores<\/strong><br>Camino a la Costa S\/N<br>Tel.: 6994928<br>Facebook: Upa Los Flores<\/p>\n\n\n\n<p><strong>&gt;&gt; <strong><strong><strong>ZONA SUDOESTE:<\/strong><\/strong><\/strong>UPA N\u00ba 16 B\u00b0 Campo Contreras<\/strong><br>Mza 29 Lote 5<br>Tel.: 4319015<br>Facebook: Upa Campo Contreras<\/p>\n\n\n\n<p><strong>&gt;&gt; ZONA NORTE: UPA N\u00ba 17 B\u00b0 Borges<\/strong><br>Calle 109 N\u00b02666<br>Tel.: 4237485 \u2013 4345032<br>Facebook: Upa N\u00b017 Borges<\/p>\n\n\n\n<p><strong>&gt;&gt; <strong><strong><strong><strong><strong>ZONA CENTRO:<\/strong><\/strong><\/strong><\/strong><\/strong><\/strong> <strong>CAPS B\u00b0 Fco. de Aguirre<\/strong>&nbsp;\u2013 San Mart\u00edn N\u00b0 874 \u2013 Tel 4227258<\/p>\n\n\n\n<p><\/p>\n\n\n\n<p class=\"has-white-color has-vivid-cyan-blue-background-color has-text-color has-background has-medium-font-size\"><strong>CIUDAD LA BANDA<\/strong><\/p>\n\n\n\n<p class=\"has-vivid-cyan-blue-color has-text-color has-medium-font-size\"><strong>HOSPITALES  <\/strong><\/p>\n\n\n\n<p><strong>&gt;&gt; CENTRO INTEGRAL DE SALUD \u201cDr. Ricardo Abdala\u201d&nbsp;<\/strong>\u2013 Av. San Mart\u00edn S\/N, ciudad de La Banda<\/p>\n\n\n\n<p>De lunes a viernes de 7 a 10 hs&nbsp;<\/p>\n\n\n\n<p class=\"has-vivid-cyan-blue-color has-text-color has-medium-font-size\"><strong>CENTROS DE ATENCI\u00d3N PRIMARIA QUE REALIZAN HISOPADO<\/strong><\/p>\n\n\n\n<p><\/p>\n\n\n\n<p><strong>De lunes a viernes de 7 a 9 horas<\/strong><\/p>\n\n\n\n<p><strong>&gt;&gt; UPA N\u00ba 1 B\u00b0 El Cruce<\/strong><br>Maestro Bulacio N\u00b0495<br>Tel.: 4373605<br>Facebook: Upa N1 El Cruce<\/p>\n\n\n\n<p><strong>&gt;&gt; UPA N\u00ba 4 B\u00b0 Misky Mayu<\/strong><br>Ruta 1 (Vereda Tobas) S\/N<br>Tel.: 4373606<br>Facebook: Upa Misky Mayu<\/p>\n\n\n\n<p><strong>&gt;&gt; UPA N\u00ba 7 B\u00b0 Los Lagos<\/strong><br>Jujuy N\u00b0 1150<br>tel.: 4275783<br>Facebook: Upa N\u00famero Siete Los Lagos<\/p>\n\n\n\n<p><strong>&gt;&gt;<\/strong> <strong>POLIDEPORTIVO LUZ Y FUERZA<\/strong><\/p>\n\n\n\n<p>Calle 8 de Octubre <\/p>\n\n\n\n<p class=\"has-black-color has-text-color\">lunes a domingo a partir de las 14 hs.<\/p>\n\n\n\n<p><\/p>\n\n\n\n<p class=\"has-white-color has-vivid-cyan-blue-background-color has-text-color has-background has-medium-font-size\"><strong>INTERIOR DE LA PROVINCIA<\/strong><\/p>\n\n\n\n<p class=\"has-vivid-cyan-blue-color has-text-color has-medium-font-size\"><strong>HOSPITALES QUE REALIZAN HISOPADO en el interior de la provincia de Santiago del Estero<\/strong><\/p>\n\n\n\n<p><strong>&gt;&gt;<\/strong>&nbsp;<strong>HOSPITAL A\u00d1ATUYA<\/strong><\/p>\n\n\n\n<p>Todos los d\u00edas de la semana a partir de las 8 hs<\/p>\n\n\n\n<p>Direcci\u00f3n: Jos\u00e9 Ingenieros 106 \u2013 Tel\u00e9fono: 03844 42-1034<\/p>\n\n\n\n<p><strong>&gt;&gt;<\/strong>&nbsp;<strong>HOSPITAL CAMPO GALLO<\/strong><\/p>\n\n\n\n<p>Todos los d\u00edas de la semana a partir de las 8 hs<\/p>\n\n\n\n<p>Direcci\u00f3n: Lasalle S\/N \u2013 Tel\u00e9fono: 03846 49-1070<\/p>\n\n\n\n<p><strong>&gt;&gt;<\/strong>&nbsp;<strong>HOSPITAL DE FERN\u00c1NDEZ \u00abDR. RUDECINDO CAZZANIGA\u00bb<\/strong><\/p>\n\n\n\n<p>Todos los d\u00edas de la semana a partir de las 8 hs<\/p>\n\n\n\n<p>Direcci\u00f3n: Calle Dorrego 491 (CP 4322) \u2013 Tel\u00e9fono:&nbsp;<a href=\"https:\/\/www.google.com\/search?q=hospital+fernandez+santiago+del+estero&amp;oq=hospital+fernandez&amp;aqs=chrome.1.69i57j0l9.7203j0j15&amp;sourceid=chrome&amp;ie=UTF-8\">0385 491-1373<\/a><\/p>\n\n\n\n<p><strong>&gt;&gt;<\/strong>&nbsp;<strong>HOSPITAL DE FRIAS<\/strong><\/p>\n\n\n\n<p>Todos los d\u00edas de la semana a partir de las 8 hs<\/p>\n\n\n\n<p>Direcci\u00f3n: Av. Pelegrini 400 (CP 4230) \u2013 Tel\u00e9fono: 03854 42-1642<\/p>\n\n\n\n<p><strong>&gt;&gt;<\/strong>&nbsp;<strong>HOSPITAL DE LORETO<\/strong><\/p>\n\n\n\n<p>Todos los d\u00edas de la semana a partir de las 8 hs<\/p>\n\n\n\n<p>Direcci\u00f3n: Ruta 9 S\/N \u2013 Tel\u00e9fono: 03854 42-1642<\/p>\n\n\n\n<p><strong>&gt;&gt;<\/strong>&nbsp;<strong>HOSPITAL DE OJO DE AGUA \u201cDR. CLEOFAS MASSA\u201d<\/strong><\/p>\n\n\n\n<p>Todos los d\u00edas de la semana a partir de las 8 hs<\/p>\n\n\n\n<p>Direcci\u00f3n: 25 de Mayo y Sarmiento (CP 5250) \u2013 Tel\u00e9fono: 03856-421032<\/p>\n\n\n\n<p><strong>&gt;&gt;<\/strong>&nbsp;<strong>HOSPITAL DE MONTE QUEMADO<\/strong><\/p>\n\n\n\n<p>Todos los d\u00edas de la semana a partir de las 8 hs<\/p>\n\n\n\n<p>Tel\u00e9fono: 03841 42-1026<\/p>\n\n\n\n<p><strong>&gt;&gt;<\/strong>&nbsp;<strong>HOSPITAL DE PINTO \u201cDR. FRANCISCO CALISE\u201d<\/strong><\/p>\n\n\n\n<p>Todos los d\u00edas de la semana a partir de las 8 hs<\/p>\n\n\n\n<p>Direcci\u00f3n: Sarmiento S\/N \u2013 Tel\u00e9fono: 03857 48-1111<\/p>\n\n\n\n<p><strong>&gt;&gt;<\/strong>&nbsp;<strong>CENTRO INTEGRAL DE SALUD TERMAS DE RIO HONDO<\/strong><\/p>\n\n\n\n<p>Todos los d\u00edas de la semana a partir de las 8 hs<\/p>\n\n\n\n<p>Direcci\u00f3n: Sta Fe y Av. Manuel Belgrano \u2013 Tel\u00e9fono: 03857 48-1111<\/p>\n\n\n\n<p><strong>&gt;&gt;<\/strong>&nbsp;<strong>HOSPITAL DE NUEVA ESPERANZA<\/strong><\/p>\n\n\n\n<p>Todos los d\u00edas de la semana a partir de las 8 hs<\/p>\n\n\n\n<p>Direcci\u00f3n: Avenida 9 de Julio S\/N (CP 4197) \u2013 Tel\u00e9fono: 03861-421025<\/p>\n\n\n\n<p><strong>&gt;&gt;<\/strong>&nbsp;<strong>HOSPITAL DE QUIMILI \u201cDR. BERNARDO HOUSSAY\u201d<\/strong><\/p>\n\n\n\n<p>Todos los d\u00edas de la semana a partir de las 8 hs<\/p>\n\n\n\n<p>Direcci\u00f3n: Independencia y Obispo Yanes S\/N (CP 3740) \u2013 Tel\u00e9fono: 03843-421012<\/p>\n\n\n\n<p><strong>&gt;&gt;<\/strong>&nbsp;<strong>HOSPITAL DE BANDERA \u201cDR. ELISEO OGALLAR\u201d<\/strong><\/p>\n\n\n\n<p>Todos los d\u00edas de la semana a partir de las 8 hs<\/p>\n\n\n\n<p>Direcci\u00f3n: Maip\u00fa 202, Bandera&nbsp;\u2013 Dpto. Belgrano \u2013 Tel\u00e9fono: 03857- 421031<\/p>\n\n\n\n<p><strong>&gt;&gt;<\/strong>&nbsp;<strong>HOSPITAL DE BANDERA BAJADA \u201cDR. MIGUEL CANLLO\u201d<\/strong><\/p>\n\n\n\n<p>Todos los d\u00edas de la semana a partir de las 8 hs<\/p>\n\n\n\n<p>Direcci\u00f3n: Bandera Bajada \u2013 Dpto. Figueroa \u2013 Tel\u00e9fono: 03855-421130<\/p>\n\n\n\n<p><strong>&gt;&gt;<\/strong>&nbsp;<strong>HOSPITAL DE CLODOMIRA \u201cDR. GUILLERMO RAWSON\u201d<\/strong><\/p>\n\n\n\n<p>Todos los d\u00edas de la semana a partir de las 8 hs<\/p>\n\n\n\n<p>Direcci\u00f3n: San Martin S\/N \u2013 Clodomira \u2013 Dpto. Banda \u2013 Tel\u00e9fono: (0385) 492-1033<\/p>\n\n\n\n<p><strong>&gt;&gt;<\/strong>&nbsp;<strong>HOSPITAL DE COLONIA EL SIMBOLAR<\/strong><\/p>\n\n\n\n<p>Todos los d\u00edas de la semana a partir de las 8 hs<\/p>\n\n\n\n<p>Direcci\u00f3n: Colonia El Simbolar \u2013 Simbolar \u2013 Dpt. Robles \u2013 Tel\u00e9fono: 0385 15-514-8289<\/p>\n\n\n\n<p><strong>&gt;&gt;<\/strong>&nbsp;<strong>HOSPITAL DE FORRES<\/strong><\/p>\n\n\n\n<p>Todos los d\u00edas de la semana a partir de las 8 hs<\/p>\n\n\n\n<p>Direcci\u00f3n: Ram\u00f3n Carrillo s\/n B\u00ba Avellaneda \u2013 Forres \u2013 Dpto. Robles \u2013 Tel\u00e9fono: 0385 490-2014<\/p>\n\n\n\n<p><strong>&gt;&gt;<\/strong>&nbsp;<strong>HOSPITAL DE SELVA \u201cDR. RUBEN E. ALBERDI\u201d<\/strong><\/p>\n\n\n\n<p>Todos los d\u00edas de la semana a partir de las 8 hs<\/p>\n\n\n\n<p>Direcci\u00f3n: A. Seintz S\/N- Selva- Dpto. Rivadavia \u2013 Tel\u00e9fono: 03857-495071<\/p>\n\n\n\n<p><strong>&gt;&gt;<\/strong>&nbsp;<strong>HOSPITAL DE SAN PEDRO DE GUASAYAN \u00abDR. OCTAVIO CARABAJAL\u00bb<\/strong><\/p>\n\n\n\n<p>Todos los d\u00edas de la semana a partir de las 8 hs<\/p>\n\n\n\n<p>Direcci\u00f3n: 9 de julio S\/N- San Pedro\u2013Dpto. Guasay\u00e1n \u2013 Tel\u00e9fono: 03854-493047<\/p>\n\n\n\n<p><strong>&gt;&gt;<\/strong>&nbsp;<strong>HOSPITAL DE VILLA SALAVINA \u00abDR. ALBERT SCHWEITZER\u00bb<\/strong><\/p>\n\n\n\n<p>Todos los d\u00edas de la semana a partir de las 8 hs<\/p>\n\n\n\n<p>Direcci\u00f3n: Villa Salavina \u2013 Dpto. Salavina<\/p>\n\n\n\n<p><strong>&gt;&gt;<\/strong>&nbsp;<strong>HOSPITAL DE PAMPA DE LOS GUANACOS<\/strong><\/p>\n\n\n\n<p>Todos los d\u00edas de la semana a partir de las 8 hs<\/p>\n\n\n\n<p>Direcci\u00f3n: Maipu 251- Pampa de los Guanacos \u2013 Dpto. Copo \u2013 Tel\u00e9fono: 0841-491-020<\/p>\n\n\n\n<p><strong>&gt;&gt;<\/strong>&nbsp;<strong>HOSPITAL DE TINTINA \u201cDr. Francisco Vittar\u201d<\/strong><\/p>\n\n\n\n<p>Todos los d\u00edas de la semana a partir de las 8 hs<\/p>\n\n\n\n<p>Direcci\u00f3n: Calle J. Farhat S\/N \u2013 Tintina- Dpto. Moreno \u2013 Tel\u00e9fono: 03846-421025<\/p>\n\n\n\n<p><strong>&gt;&gt;<\/strong>&nbsp;<strong>HOSPITAL DE EL BOBADAL<\/strong><\/p>\n\n\n\n<p>Todos los d\u00edas de la semana a partir de las 8 hs<\/p>\n\n\n\n<p>Direcci\u00f3n: Bobadal \u2013 Dpto. Jim\u00e9nez \u2013 Tel\u00e9fono: 03894-421984<\/p>\n\n\n\n<p><strong>&gt;&gt;<\/strong>&nbsp;<strong>HOSPITAL DE POZO HONDO<\/strong><\/p>\n\n\n\n<p>Todos los d\u00edas de la semana a partir de las 8 hs<\/p>\n\n\n\n<p>Direcci\u00f3n: Belgrano s\/n (CP:4184) Pozo Hondo, Dpto. Jim\u00e9nez \u2013 Tel\u00e9fono: 03858-490145<\/p>\n\n\n\n<p><strong>&gt;&gt;<\/strong>&nbsp;<strong>HOSPITAL DE SUNCHO CORRAL<\/strong><\/p>\n\n\n\n<p>Todos los d\u00edas de la semana a partir de las 8 hs<\/p>\n\n\n\n<p>Direcci\u00f3n: Av. 25 de mayo s\/n- Suncho Corral \u2013 Dpto. Juan Felipe Ibarra \u2013 Tel\u00e9fono: 03855-421-125<\/p>\n\n\n\n<p><strong>&gt;&gt;<\/strong>&nbsp;<strong>HOSPITAL DE VILLA ATAMISQUI<\/strong><\/p>\n\n\n\n<p>Todos los d\u00edas de la semana a partir de las 8 hs<\/p>\n\n\n\n<p>Direcci\u00f3n: Avenida 25 de Mayo s\/n \u2013 Villa Atamisqui \u2013 Tel\u00e9fono: 03845 420120<\/p>\n\n\n\n<p><strong>&gt;&gt;<\/strong>&nbsp;<strong>HOSPITAL DE BELTRAN<\/strong><\/p>\n\n\n\n<p>Todos los d\u00edas de la semana a partir de las 8 hs<\/p>\n\n\n\n<p>Direcci\u00f3n: Pasaje Am\u00e9rica s\/n \u2013 Beltr\u00e1n, Dpto Robles \u2013 Tel\u00e9fono: 0385-154761467<\/p>\n\n\n\n<p><strong>&gt;&gt;<\/strong>&nbsp;<strong>HOSPITAL DE BREA POZO<\/strong><\/p>\n\n\n\n<p>Todos los d\u00edas de la semana a partir de las 8 hs<\/p>\n\n\n\n<p>Direcci\u00f3n: Calle Teniente Gral Uriburu s\/n \u2013 Brea Pozo \u2013 Dpto. San Martin \u2013 Tel\u00e9fono: 0385-491043 \/ 0385-154740082<\/p>\n\n\n\n<p><strong>&gt;&gt;<\/strong>&nbsp;<strong>HOSPITAL EL CHARCO<\/strong><\/p>\n\n\n\n<p>Todos los d\u00edas de la semana a partir de las 8 hs<\/p>\n\n\n\n<p>Direcci\u00f3n: El Charco, Dpto Jim\u00e9nez \u2013 Tel\u00e9fono: 03858-421581 \/ 03858 15440236<\/p>\n\n\n\n<p><strong>&gt;&gt;<\/strong>&nbsp;<strong>HOSPITAL DE GARZA<\/strong><\/p>\n\n\n\n<p>Todos los d\u00edas de la semana a partir de las 8 hs<\/p>\n\n\n\n<p>Direcci\u00f3n: Garza, Dpto Sarmiento \u2013 Tel\u00e9fono: 3854024776 \/ 154195128<\/p>\n\n\n\n<p><strong>&gt;&gt;<\/strong>&nbsp;<strong>HOSPITAL LA CA\u00d1ANA<\/strong><\/p>\n\n\n\n<p>Todos los d\u00edas de la semana a partir de las 8 hs<\/p>\n\n\n\n<p>Direcci\u00f3n: Avenida San Mart\u00edn (CP:4354) La Ca\u00f1ada, Figueroa \u2013 Tel\u00e9fono: 03855 \u2013 4911433<\/p>\n\n\n\n<p><strong>&gt;&gt;<\/strong>&nbsp;<strong>HOSPITAL DE LAPRIDA<\/strong><\/p>\n\n\n\n<p>Todos los d\u00edas de la semana a partir de las 8 hs<\/p>\n\n\n\n<p>Direcci\u00f3n: Laprida \u2013 Dpto. Choya \u2013 Tel\u00e9fono: 03854 46-5121<\/p>\n\n\n\n<p><strong>&gt;&gt;<\/strong>&nbsp;<strong>HOSPITAL DE LAVALLE<\/strong><\/p>\n\n\n\n<p>Todos los d\u00edas de la semana a partir de las 8 hs<\/p>\n\n\n\n<p>Direcci\u00f3n: Calle 9 de Julio \u2013 Tel\u00e9fono: 03854-154443157<\/p>\n\n\n\n<p><strong>&gt;&gt;<\/strong>&nbsp;<strong>HOSPITAL DE MEDELLIN<\/strong><\/p>\n\n\n\n<p>Todos los d\u00edas de la semana a partir de las 8 hs<\/p>\n\n\n\n<p>Direcci\u00f3n: Medellin \u2013 Dpto Atamisqui<\/p>\n\n\n\n<p><strong>&gt;&gt;<\/strong>&nbsp;<strong>HOSPITAL DE VILLA LA PUNTA<\/strong><\/p>\n\n\n\n<p>Todos los d\u00edas de la semana a partir de las 8 hs<\/p>\n\n\n\n<p>Direcci\u00f3n: Villa La Punta \u2013 Dpto. Choya \u2013 Tel\u00e9fono: 03845-420160<\/p>\n\n\n\n<p><strong>&gt;&gt;<\/strong>&nbsp;<strong>HOSPITAL COLONIA DORA<\/strong><\/p>\n\n\n\n<p>Todos los d\u00edas de la semana a partir de las 8 hs<\/p>\n\n\n\n<p>Direcci\u00f3n: Barsovia esq. Bartolom\u00e9 Mitre \u2013 Colonia Dora -Dpto. Avellaneda \u2013 Tel\u00e9fono: 03844-481101<\/p>\n\n\n\n<p><strong>&gt;&gt;<\/strong>&nbsp;<strong>HOSPITAL GUARDIA ESCOLTA<\/strong><\/p>\n\n\n\n<p>Todos los d\u00edas de la semana a partir de las 8 hs<\/p>\n\n\n\n<p>Direcci\u00f3n: Guardia Escolta \u2013 Dpto. Belgrano \u2013 Tel\u00e9fono: 03857-431092<\/p>\n\n\n\n<p><strong>&gt;&gt;<\/strong>&nbsp;<strong>HOSPITAL LOS TELARES<\/strong><\/p>\n\n\n\n<p>Todos los d\u00edas de la semana a partir de las 8 hs<\/p>\n\n\n\n<p>Direcci\u00f3n: calle 20 de julio \u2013 Los Telares \u2013 Dpto. Salavina \u2013 Tel\u00e9fono: 154738058<\/p>\n\n\n\n<p><strong>&gt;&gt;<\/strong>&nbsp;<strong>HOSPITAL SOL DE JULIO \u00abEnfermera Consuelo de Moriconi\u00bb<\/strong><\/p>\n\n\n\n<p>Todos los d\u00edas de la semana a partir de las 8 hs<\/p>\n\n\n\n<p>Direcci\u00f3n: Sol de Julio \u2013 Dpto. Ojo de Agua \u2013 Tel\u00e9fono: 0385- 155809777<\/p>\n\n\n\n<p><strong>&gt;&gt;<\/strong>&nbsp;<strong>HOSPITAL DE SUMAMPA \u201cDr. Schult Grau\u00bb<\/strong><\/p>\n\n\n\n<p>Todos los d\u00edas de la semana a partir de las 8 hs<\/p>\n\n\n\n<p>Direcci\u00f3n: Av. Eva Per\u00f3n 428 \u2013 Sumampa \u2013 Dpto. Quebrachos \u2013 Tel\u00e9fono: 03856-491013<\/p>\n\n\n\n<p><strong>&gt;&gt;<\/strong>&nbsp;<strong>HOSPITAL LOS PIRPINTOS<\/strong><\/p>\n\n\n\n<p>Todos los d\u00edas de la semana a partir de las 8 hs<\/p>\n\n\n\n<p>Direcci\u00f3n: Los Pirpintos \u2013 Dpto Copo<\/p>\n\n\n\n<p><strong>&gt;&gt;<\/strong>&nbsp;<strong>HOSPITAL SACHAYOJ<\/strong><\/p>\n\n\n\n<p>Todos los d\u00edas de la semana a partir de las 8 hs<\/p>\n\n\n\n<p>Direcci\u00f3n: Sachayoj \u2013 Dpto. Alberdi \u2013 Tel\u00e9fono: 3841492137 \/ 155247487 \/ 154964230<\/p>\n\n\n\n<p><strong>&gt;&gt;<\/strong>&nbsp;<strong>HOSPITAL DE SANTOS LUGARES<\/strong><\/p>\n\n\n\n<p>Todos los d\u00edas de la semana a partir de las 8 hs<\/p>\n\n\n\n<p>Direcci\u00f3n: Santos Lugares \u2013 Dpto Alberdi \u2013 Tel\u00e9fono: 03846-491070 \/ 154146579<\/p>\n\n\n\n<p><strong>&gt;&gt;<\/strong>&nbsp;<strong>HOSPITAL VILELAS<\/strong><\/p>\n\n\n\n<p>Todos los d\u00edas de la semana a partir de las 8 hs<\/p>\n\n\n\n<p>Direcci\u00f3n: Vilelas \u2013 Dpto Juan Felipe Ibarra \u2013 Tel\u00e9fono: 03843-421160 \/ 155025708<\/p>\n\n\n\n<p><strong>&gt;&gt;<\/strong>&nbsp;<strong>HOSPITAL EL MOJON \u201cDr Rene Favaloro\u201d<\/strong><\/p>\n\n\n\n<p>Todos los d\u00edas de la semana a partir de las 8 hs<\/p>\n\n\n\n<p>Direcci\u00f3n: Roca S\/N\u00b0&nbsp; El Moj\u00f3n \u2013 &nbsp;Dpto. Pelegrini \u2013 Tel\u00e9fono: 0385-154848716<\/p>\n\n\n\n<p><strong>&gt;&gt;<\/strong>&nbsp;<strong>HOSPITAL SAN JOS\u00c9 DE BOQUER\u00d3N<\/strong><\/p>\n\n\n\n<p>Todos los d\u00edas de la semana a partir de las 8 hs<\/p>\n\n\n\n<p>Direcci\u00f3n: San Jos\u00e9 de Boqueron \u2013 Dpto. Copo \u2013 Tel\u00e9fono: 03861-421025 \/ 0381-155675693<\/p>\n","protected":false},"excerpt":{"rendered":"<p>\u00bfCu\u00e1ndo hay que realizarse un hisopado? El Ministerio de Salud recuerda los criterios de testeo que se est\u00e1n implementando ante la actual situaci\u00f3n epidemiol\u00f3gica que atraviesa la provincia y el pa\u00eds. Consult\u00e1&nbsp;AQUI&nbsp;los centros de testeo COVID-19 habilitados \u00bfCu\u00e1ndo hay que realizarse un hisopado para diagn\u00f3stico de COVID-19? Si tu resultado es positivo \/detectabe para Covid-19 [&hellip;]<\/p>\n","protected":false},"author":4,"featured_media":1110,"comment_status":"open","ping_status":"open","sticky":false,"template":"","format":"standard","meta":{"footnotes":""},"categories":[10,2,3],"tags":[111,110,113,109,105,107,108,112],"class_list":["post-1100","post","type-post","status-publish","format-standard","has-post-thumbnail","hentry","category-covid-19","category-noticias","category-novedades","tag-banda","tag-capital","tag-caps","tag-centros-de-salud","tag-covid-19","tag-hisopado","tag-sintomas","tag-upas"],"aioseo_notices":[],"_links":{"self":[{"href":"https:\/\/msaludsgo.gov.ar\/web\/wp-json\/wp\/v2\/posts\/1100","targetHints":{"allow":["GET"]}}],"collection":[{"href":"https:\/\/msaludsgo.gov.ar\/web\/wp-json\/wp\/v2\/posts"}],"about":[{"href":"https:\/\/msaludsgo.gov.ar\/web\/wp-json\/wp\/v2\/types\/post"}],"author":[{"embeddable":true,"href":"https:\/\/msaludsgo.gov.ar\/web\/wp-json\/wp\/v2\/users\/4"}],"replies":[{"embeddable":true,"href":"https:\/\/msaludsgo.gov.ar\/web\/wp-json\/wp\/v2\/comments?post=1100"}],"version-history":[{"count":53,"href":"https:\/\/msaludsgo.gov.ar\/web\/wp-json\/wp\/v2\/posts\/1100\/revisions"}],"predecessor-version":[{"id":8214,"href":"https:\/\/msaludsgo.gov.ar\/web\/wp-json\/wp\/v2\/posts\/1100\/revisions\/8214"}],"wp:featuredmedia":[{"embeddable":true,"href":"https:\/\/msaludsgo.gov.ar\/web\/wp-json\/wp\/v2\/media\/1110"}],"wp:attachment":[{"href":"https:\/\/msaludsgo.gov.ar\/web\/wp-json\/wp\/v2\/media?parent=1100"}],"wp:term":[{"taxonomy":"category","embeddable":true,"href":"https:\/\/msaludsgo.gov.ar\/web\/wp-json\/wp\/v2\/categories?post=1100"},{"taxonomy":"post_tag","embeddable":true,"href":"https:\/\/msaludsgo.gov.ar\/web\/wp-json\/wp\/v2\/tags?post=1100"}],"curies":[{"name":"wp","href":"https:\/\/api.w.org\/{rel}","templated":true}]}}