{"id":1144,"date":"2021-05-29T03:37:38","date_gmt":"2021-05-29T03:37:38","guid":{"rendered":"http:\/\/msaludsgo.gov.ar\/web\/?p=1144"},"modified":"2021-05-29T03:38:55","modified_gmt":"2021-05-29T03:38:55","slug":"reporte-diario-28-05-2021","status":"publish","type":"post","link":"https:\/\/msaludsgo.gov.ar\/web\/reporte-diario-28-05-2021\/","title":{"rendered":"REPORTE DIARIO 28\/05\/2021"},"content":{"rendered":"\n<p class=\"wp-block-paragraph\">El d\u00eda 28 de mayo del 2021 en la Provincia de Santiago del Estero:<br>&#x1f4cd; Se recuperaron ciento sesenta y cinco (165) casos el d\u00eda de hoy, por lo que son treinta mil novecientos quince (30.915) los casos recuperados en la provincia<br>&#x1f4cd; Se notific\u00f3 el fallecimiento de 4 personas por COVID-19. Un hombre de 30 a\u00f1os del Dpto Banda y un hombre de 60 a\u00f1os del Dpto Figueroa, ambos internados en el CIS Banda, un hombre de 60 a\u00f1os que estaba internado en el Hospital de A\u00f1atuya. Una mujer de 43 a\u00f1os con antecedentes de diabetes que estaba internada en un sanatorio privado de La Banda.<br>&#x1f4cd; Hay un total de cuatrocientos sesenta y ocho (468) personas positivas fallecidas en la provincia<br>&#x1f4cd; Se procesaron un total de mil ochocientos sesenta y cuatro (1.864) muestras el d\u00eda de hoy.<br>&#x1f4cd; Se confirmaron setecientos sesenta y siete (767) casos, Capital- Banda (401) e interior de la provincia (366) distribuidos de la siguiente manera: Antaje 4; A\u00f1atuya 40; Bandera 4; Bandera Bajada 2; Brea Pozo 1; Campo Gallo 18; Casares 1; Charquina 1; Clodomira 7; Colonia Dora 2; Do\u00f1a Luisa 1; El Cuadrado 1; El Mojon 2; El Porvenir 1; Fernandez 31; Forres 3; Frias 49; Garza 2; Herrera 6; La Darsena 1; La Fragua 1; Las Tinajas 1; Lilo Viejo 1; Laprida 1; Loreto 14; Los Juries 8; Los Mojones 1; Los Pirpintos 6; Los Telares 2; Lote 42 1; Lugones 1; Malbran 2; Melero 1; Mansupa 1; Monte Quemado 2; Nueva Esperanza 2; Nueva Francia 1; Pampa de los Guanacos 7; Paraje San Antonio 1; Pinto 4; Rapelli 13; Real Sayana 2; San Jose del Boqueron 2; San Pedro de Guasayan 3; San Vicente 1; Santa Ana 1; Santo Domingo 3; Sausal 1; Selva 30; Sumampa 2; Suncho Corral 5; Suri Yacu 1; Termas 42; Tintina 14; Tio Chacras 1; Vaca Hua\u00f1una 3; Villa Matoque 1; Villa Ojo de Agua 6<br>&#x1f4cd; Permanecen activos doce mil doscientos sesenta y tres (12.263) casos en la provincia.<br>&#x1f4cd; El total de casos positivos acumulados es de cuarenta y tres mil doscientos cincuenta y tres (43.253)<br>&#x1f4cd; Se descartaron mil noventa y siete (1.097) casos el d\u00eda de hoy, por lo que hay ciento cuarenta y un mil ochocientos setenta y seis (141.876) casos descartados a la fecha.<br>&#x26a0;&#xfe0f; Importante: La diferencia de casos acumulados, y difundidos en el reporte nacional, obedece a diferentes horarios de carga y a santiague\u00f1os que residen en otras provincias pero que no tienen realizado el cambio de domicilio legal en su DNI. Se ha solicitado el correspondiente pedido de reclasificaci\u00f3n de los casos excedentes cargados para nuestra provincia.<\/p>\n\n\n\n<h1 class=\"wp-block-heading\"><\/h1>\n\n\n\n<p class=\"wp-block-paragraph\"><\/p>\n","protected":false},"excerpt":{"rendered":"<p>El d\u00eda 28 de mayo del 2021 en la Provincia de Santiago del Estero:&#x1f4cd; Se recuperaron ciento sesenta y cinco (165) casos el d\u00eda de hoy, por lo que son treinta mil novecientos quince (30.915) los casos recuperados en la provincia&#x1f4cd; Se notific\u00f3 el fallecimiento de 4 personas por COVID-19. Un hombre de 30 a\u00f1os [&hellip;]<\/p>\n","protected":false},"author":3,"featured_media":1145,"comment_status":"open","ping_status":"open","sticky":false,"template":"","format":"standard","meta":{"footnotes":""},"categories":[17],"tags":[],"class_list":["post-1144","post","type-post","status-publish","format-standard","has-post-thumbnail","hentry","category-reporte-diario"],"aioseo_notices":[],"_links":{"self":[{"href":"https:\/\/msaludsgo.gov.ar\/web\/wp-json\/wp\/v2\/posts\/1144","targetHints":{"allow":["GET"]}}],"collection":[{"href":"https:\/\/msaludsgo.gov.ar\/web\/wp-json\/wp\/v2\/posts"}],"about":[{"href":"https:\/\/msaludsgo.gov.ar\/web\/wp-json\/wp\/v2\/types\/post"}],"author":[{"embeddable":true,"href":"https:\/\/msaludsgo.gov.ar\/web\/wp-json\/wp\/v2\/users\/3"}],"replies":[{"embeddable":true,"href":"https:\/\/msaludsgo.gov.ar\/web\/wp-json\/wp\/v2\/comments?post=1144"}],"version-history":[{"count":1,"href":"https:\/\/msaludsgo.gov.ar\/web\/wp-json\/wp\/v2\/posts\/1144\/revisions"}],"predecessor-version":[{"id":1146,"href":"https:\/\/msaludsgo.gov.ar\/web\/wp-json\/wp\/v2\/posts\/1144\/revisions\/1146"}],"wp:featuredmedia":[{"embeddable":true,"href":"https:\/\/msaludsgo.gov.ar\/web\/wp-json\/wp\/v2\/media\/1145"}],"wp:attachment":[{"href":"https:\/\/msaludsgo.gov.ar\/web\/wp-json\/wp\/v2\/media?parent=1144"}],"wp:term":[{"taxonomy":"category","embeddable":true,"href":"https:\/\/msaludsgo.gov.ar\/web\/wp-json\/wp\/v2\/categories?post=1144"},{"taxonomy":"post_tag","embeddable":true,"href":"https:\/\/msaludsgo.gov.ar\/web\/wp-json\/wp\/v2\/tags?post=1144"}],"curies":[{"name":"wp","href":"https:\/\/api.w.org\/{rel}","templated":true}]}}