{"id":12071,"date":"2023-09-05T13:15:50","date_gmt":"2023-09-05T13:15:50","guid":{"rendered":"https:\/\/msaludsgo.gov.ar\/web\/?p=12071"},"modified":"2025-11-04T16:00:05","modified_gmt":"2025-11-04T16:00:05","slug":"caps-dr-estanislao-ponce-8-de-abril","status":"publish","type":"post","link":"https:\/\/msaludsgo.gov.ar\/web\/caps-dr-estanislao-ponce-8-de-abril\/","title":{"rendered":"CAPS Dr. Estanislao Ponce (8 de Abril)"},"content":{"rendered":"\n<p class=\"has-white-color has-vivid-cyan-blue-background-color has-text-color has-background has-large-font-size\"><strong>AGENDA DIGITAL DE SALUD<\/strong><\/p>\n\n\n\n<p class=\"has-text-align-left has-vivid-cyan-blue-color has-white-background-color has-text-color has-background has-medium-font-size\"><strong>VISI\u00d3N Y MISI\u00d3N DE LAS UNIDADES PRIMARIAS DE ATENCI\u00d3N<\/strong><\/p>\n\n\n\n<p class=\"has-black-color has-text-color has-medium-font-size\"><strong>Visi\u00f3n:<\/strong><\/p>\n\n\n\n<p class=\"has-medium-font-size\">La Unidad Primaria de Atenci\u00f3n (UPA), dentro de la estrategia de APS, tiene como visi\u00f3n: \u201cAlcanzar una mejor calidad de vida en personas, familias y comunidades del \u00e1rea de responsabilidad desde el enfoque de la participaci\u00f3n social local\u201d.<\/p>\n\n\n\n<p class=\"has-black-color has-text-color has-medium-font-size\"><strong>Misi\u00f3n:<\/strong><\/p>\n\n\n\n<p class=\"has-medium-font-size\">La UPA tiene la misi\u00f3n de transformarse en el eje operativo, ejecutivo y de control de la implementaci\u00f3n de la estrategia de APS, en la b\u00fasqueda permanente de hacer accesible la asistencia para atender la salud de la poblaci\u00f3n desde una perspectiva de ejercicio de derecho, tratando permanentemente lograr inclusi\u00f3n e igualdad con la equidad necesaria.<br>Sabemos que la salud es una construcci\u00f3n colectiva, y en ese sentido nuestros recursos humanos est\u00e1n cient\u00edficamente formados con la capacidad t\u00e9cnica necesaria y resolutiva para abordar adecuadamente los problemas locales, materializando de manera indispensable, la participaci\u00f3n comunitaria.<\/p>\n\n\n\n<p class=\"has-text-align-left has-vivid-cyan-blue-color has-white-background-color has-text-color has-background has-medium-font-size\"><strong>MAPA DE LA CIUDAD CAPITAL DIVIDIDO SEG\u00daN LA ZONA DE COBERTURA DE CADA CENTRO DE SALUD<\/strong><\/p>\n\n\n\n<figure class=\"wp-block-gallery has-nested-images columns-default is-cropped wp-block-gallery-1 is-layout-flex wp-block-gallery-is-layout-flex\">\n<figure class=\"wp-block-image size-large\"><img fetchpriority=\"high\" decoding=\"async\" width=\"724\" height=\"1024\" data-id=\"9767\" src=\"https:\/\/msaludsgo.gov.ar\/web\/wp-content\/uploads\/2023\/06\/Mapa-de-santiago-724x1024.jpeg\" alt=\"\" class=\"wp-image-9767\" srcset=\"https:\/\/msaludsgo.gov.ar\/web\/wp-content\/uploads\/2023\/06\/Mapa-de-santiago-724x1024.jpeg 724w, https:\/\/msaludsgo.gov.ar\/web\/wp-content\/uploads\/2023\/06\/Mapa-de-santiago-212x300.jpeg 212w, https:\/\/msaludsgo.gov.ar\/web\/wp-content\/uploads\/2023\/06\/Mapa-de-santiago-106x150.jpeg 106w, https:\/\/msaludsgo.gov.ar\/web\/wp-content\/uploads\/2023\/06\/Mapa-de-santiago-768x1086.jpeg 768w, https:\/\/msaludsgo.gov.ar\/web\/wp-content\/uploads\/2023\/06\/Mapa-de-santiago-1086x1536.jpeg 1086w, https:\/\/msaludsgo.gov.ar\/web\/wp-content\/uploads\/2023\/06\/Mapa-de-santiago-283x400.jpeg 283w, https:\/\/msaludsgo.gov.ar\/web\/wp-content\/uploads\/2023\/06\/Mapa-de-santiago.jpeg 1131w\" sizes=\"(max-width: 724px) 100vw, 724px\" \/><\/figure>\n<\/figure>\n\n\n\n<figure class=\"wp-block-image size-large\"><img decoding=\"async\" width=\"1024\" height=\"724\" src=\"https:\/\/msaludsgo.gov.ar\/web\/wp-content\/uploads\/2023\/09\/CAPS-8-de-Abril-PDF-1_page-0001-1024x724.jpg\" alt=\"\" class=\"wp-image-28815\" srcset=\"https:\/\/msaludsgo.gov.ar\/web\/wp-content\/uploads\/2023\/09\/CAPS-8-de-Abril-PDF-1_page-0001-1024x724.jpg 1024w, https:\/\/msaludsgo.gov.ar\/web\/wp-content\/uploads\/2023\/09\/CAPS-8-de-Abril-PDF-1_page-0001-300x212.jpg 300w, https:\/\/msaludsgo.gov.ar\/web\/wp-content\/uploads\/2023\/09\/CAPS-8-de-Abril-PDF-1_page-0001-150x106.jpg 150w, https:\/\/msaludsgo.gov.ar\/web\/wp-content\/uploads\/2023\/09\/CAPS-8-de-Abril-PDF-1_page-0001-768x543.jpg 768w, https:\/\/msaludsgo.gov.ar\/web\/wp-content\/uploads\/2023\/09\/CAPS-8-de-Abril-PDF-1_page-0001-1536x1085.jpg 1536w, https:\/\/msaludsgo.gov.ar\/web\/wp-content\/uploads\/2023\/09\/CAPS-8-de-Abril-PDF-1_page-0001-566x400.jpg 566w, https:\/\/msaludsgo.gov.ar\/web\/wp-content\/uploads\/2023\/09\/CAPS-8-de-Abril-PDF-1_page-0001.jpg 1755w\" sizes=\"(max-width: 1024px) 100vw, 1024px\" \/><\/figure>\n\n\n\n<p class=\"has-vivid-cyan-blue-color has-text-color has-medium-font-size\"><strong>MAPA DE LA ZONA DE COBERTURA DEL CA<strong><strong>PS Dr. Estanislao Ponce<\/strong><\/strong><\/strong><\/p>\n\n\n\n<p class=\"has-background\" style=\"background-color:#fcb9009e;font-size:18px\">Aquellas personas que residan en el <strong>Sector descubierto<\/strong>, pueden dirigirse a la UPA para solicitar la visita de un Agente Sanitario.<\/p>\n\n\n\n<p class=\"has-pale-pink-background-color has-background\" style=\"font-size:24px\"><strong>En el siguiente link puedes acceder al mapa digital:&nbsp;MAPA DEL <strong>CAPS <strong>Dr. Estanislao Ponce<\/strong><\/strong><\/strong><\/p>\n\n\n\n<p class=\"has-vivid-cyan-blue-color has-text-color has-medium-font-size\"><strong>PARA CONTACTARTE CON TU AGENTE SANITARIO O SOLICITAR UN TURNO<\/strong><\/p>\n\n\n\n<p class=\"has-medium-font-size\"><strong>Dir\u00edgete<\/strong> al CAPS Dr. Estanislao Ponce, Balcarce N\u00ba 520 &#8211; B\u00ba 8 de Abril<\/p>\n\n\n\n<p class=\"has-medium-font-size\"><strong>Comun\u00edcate<\/strong> al tel\u00e9fono: 4229199<\/p>\n\n\n\n<p class=\"has-medium-font-size\"><strong>Env\u00eda un mensaje al Facebook<\/strong>: a <strong> <a href=\"https:\/\/www.facebook.com\/profile.php?id=100063723453798&amp;mibextid=ZbWKwL\">Direcci\u00f3n de Atenci\u00f3n Primaria de la Salud<\/a><\/strong><\/p>\n\n\n\n<p class=\"has-vivid-cyan-blue-color has-text-color has-medium-font-size\"><strong>GU\u00cdA DE SERVICIOS DEL CENTRO DE SALUD<\/strong> <\/p>\n\n\n\n<div class=\"wp-block-columns alignwide is-layout-flex wp-container-core-columns-is-layout-829b1d53 wp-block-columns-is-layout-flex\" style=\"margin-bottom:0\">\n<div class=\"wp-block-column has-text-color has-background has-link-color wp-elements-7232e8bee37726720d07e44f844d83b6 is-layout-flow wp-block-column-is-layout-flow\" style=\"color:#000000;background-color:#ffe97d;padding-top:2em;padding-right:2em;padding-bottom:2em;padding-left:2em\">\n<h2 class=\"wp-block-heading has-medium-font-size\" id=\"single\"><strong>M\u00e9dico Cl\u00ednico<\/strong><\/h2>\n\n\n\n<hr class=\"wp-block-separator has-text-color has-css-opacity has-background is-style-wide\" style=\"background-color:#000000;color:#000000\"\/>\n\n\n\n<p>Jueves 11:00 hs.<\/p>\n<\/div>\n\n\n\n<div class=\"wp-block-column has-text-color has-background has-link-color wp-elements-d244408dbbe025c9672ab44977389a38 is-layout-flow wp-block-column-is-layout-flow\" style=\"color:#000000;background-color:#d1d1e1;padding-top:2em;padding-right:2em;padding-bottom:2em;padding-left:2em\">\n<h2 class=\"wp-block-heading has-medium-font-size\" id=\"family\"><strong>Pediatr\u00eda<\/strong><\/h2>\n\n\n\n<hr class=\"wp-block-separator aligncenter has-css-opacity is-style-default\"\/>\n\n\n\n<p style=\"font-size:16px\">Lunes y mi\u00e9rcoles 10:30 hs.<\/p>\n<\/div>\n\n\n\n<div class=\"wp-block-column has-text-color has-background has-link-color wp-elements-9f7b05422e7073d73192b5a45feb1509 is-layout-flow wp-block-column-is-layout-flow\" style=\"color:#000000;background-color:#c0ebf1;padding-top:2em;padding-right:2em;padding-bottom:2em;padding-left:2em\">\n<h2 class=\"wp-block-heading has-medium-font-size\" id=\"patron\"><strong>Odontolog\u00eda<\/strong><\/h2>\n\n\n\n<hr class=\"wp-block-separator has-css-opacity is-style-wide\"\/>\n\n\n\n<p style=\"font-size:17px\">Martes y Jueves 8:00 hs.<\/p>\n<\/div>\n<\/div>\n\n\n\n<p><\/p>\n\n\n\n<div class=\"wp-block-columns alignwide is-layout-flex wp-container-core-columns-is-layout-829b1d53 wp-block-columns-is-layout-flex\" style=\"margin-bottom:0\">\n<div class=\"wp-block-column has-pale-pink-background-color has-text-color has-background has-link-color wp-elements-6f8f7e6299903fe6b1fe4bb4b09a14b9 is-layout-flow wp-block-column-is-layout-flow\" style=\"color:#000000;padding-top:2em;padding-right:2em;padding-bottom:2em;padding-left:2em\">\n<h2 class=\"wp-block-heading has-medium-font-size\" id=\"single\"><strong>Obstetricia<\/strong><\/h2>\n\n\n\n<hr class=\"wp-block-separator has-text-color has-css-opacity has-background is-style-wide\" style=\"background-color:#000000;color:#000000\"\/>\n\n\n\n<p>Lunes a viernes 13:30 hs. &#8211; jueves y viernes 9:00 hs.<\/p>\n<\/div>\n\n\n\n<div class=\"wp-block-column has-luminous-vivid-orange-background-color has-text-color has-background has-link-color wp-elements-b7490a4e8f5d172e2601104dc7e6116c is-layout-flow wp-block-column-is-layout-flow\" style=\"color:#000000;padding-top:2em;padding-right:2em;padding-bottom:2em;padding-left:2em\">\n<h2 class=\"wp-block-heading has-medium-font-size\" id=\"single\"><strong><strong>G<\/strong><\/strong>inecolog\u00eda<\/h2>\n\n\n\n<hr class=\"wp-block-separator has-text-color has-css-opacity has-background is-style-wide\" style=\"background-color:#000000;color:#000000\"\/>\n\n\n\n<p style=\"font-size:17px\">Martes de 8:00 hs a 10:00 hs <strong>&nbsp;<\/strong><\/p>\n<\/div>\n<\/div>\n\n\n\n<p><\/p>\n\n\n\n<div class=\"wp-block-columns alignwide is-layout-flex wp-container-core-columns-is-layout-829b1d53 wp-block-columns-is-layout-flex\" style=\"margin-bottom:0\">\n<div class=\"wp-block-column has-text-color has-background has-link-color wp-elements-e5509a702c948d69280a307d78382079 is-layout-flow wp-block-column-is-layout-flow\" style=\"color:#000000;background-color:#f9bc90;padding-top:2em;padding-right:2em;padding-bottom:2em;padding-left:2em\">\n<h2 class=\"wp-block-heading has-medium-font-size\" id=\"single\"><strong>Guardia de Enfermer\u00eda<\/strong><\/h2>\n\n\n\n<hr class=\"wp-block-separator has-text-color has-css-opacity has-background is-style-wide\" style=\"background-color:#000000;color:#000000\"\/>\n\n\n\n<p>Lunes a Viernes 7:30 a 18:30 hs.<\/p>\n<\/div>\n\n\n\n<div class=\"wp-block-column has-pale-cyan-blue-background-color has-text-color has-background has-link-color wp-elements-d8b677f69227c2a78dd89e5f0a1cc3cb is-layout-flow wp-block-column-is-layout-flow\" style=\"color:#000000;padding-top:2em;padding-right:2em;padding-bottom:2em;padding-left:2em\">\n<h2 class=\"wp-block-heading has-medium-font-size\" id=\"patron\"><strong>PAP<\/strong><\/h2>\n\n\n\n<hr class=\"wp-block-separator has-css-opacity is-style-wide\"\/>\n\n\n\n<p style=\"font-size:16px\">Viernes 9:30 hs.<\/p>\n<\/div>\n<\/div>\n\n\n\n<p><\/p>\n\n\n\n<div class=\"wp-block-columns is-layout-flex wp-container-core-columns-is-layout-9d6595d7 wp-block-columns-is-layout-flex\">\n<div class=\"wp-block-column has-pale-pink-background-color has-text-color has-background has-link-color wp-elements-49bee32f6230c976141677a5a33462d1 is-layout-flow wp-block-column-is-layout-flow\" style=\"color:#000000;padding-top:2em;padding-right:2em;padding-bottom:2em;padding-left:2em\">\n<h2 class=\"wp-block-heading has-medium-font-size\" id=\"single\"><strong>Educaci\u00f3n Sanitaria<\/strong><\/h2>\n\n\n\n<hr class=\"wp-block-separator has-text-color has-css-opacity has-background is-style-wide\" style=\"background-color:#000000;color:#000000\"\/>\n\n\n\n<p style=\"font-size:16px\">Martes a Jueves 8:00 a 12:30 hs. &#8211; Lunes a Viernes 13:00 a 18:30 hs.<\/p>\n<\/div>\n\n\n\n<div class=\"wp-block-column has-text-color has-background has-link-color wp-elements-3dcc21b59302657c99d756f7cc860f3f is-layout-flow wp-block-column-is-layout-flow\" style=\"color:#000000;background-color:#ffe97d;padding-top:2em;padding-right:2em;padding-bottom:2em;padding-left:2em\">\n<h2 class=\"wp-block-heading has-medium-font-size\" id=\"single\">Toma muestra test COVID<\/h2>\n\n\n\n<hr class=\"wp-block-separator has-text-color has-css-opacity has-background is-style-wide\" style=\"background-color:#000000;color:#000000\"\/>\n\n\n\n<p>Lunes a viernes de 7:30 a 9 hs<\/p>\n<\/div>\n\n\n\n<div class=\"wp-block-column has-text-color has-background has-link-color wp-elements-727770ba6a11533a6636199e199a2e13 is-layout-flow wp-block-column-is-layout-flow\" style=\"color:#000000;background-color:#9b51e078;padding-top:2em;padding-right:2em;padding-bottom:2em;padding-left:2em\">\n<h2 class=\"wp-block-heading has-medium-font-size\" id=\"single\"><strong>Vacunatorio<\/strong><\/h2>\n\n\n\n<hr class=\"wp-block-separator has-text-color has-css-opacity has-background is-style-wide\" style=\"background-color:#000000;color:#000000\"\/>\n\n\n\n<p style=\"font-size:17px\">Lunes a viernes de 8:00 a 18:00 hs<\/p>\n<\/div>\n<\/div>\n\n\n\n<div class=\"wp-block-columns is-layout-flex wp-container-core-columns-is-layout-9d6595d7 wp-block-columns-is-layout-flex\">\n<div class=\"wp-block-column has-light-green-cyan-background-color has-text-color has-background has-link-color wp-elements-4ab892179138e054f7b1e3300833e349 is-layout-flow wp-block-column-is-layout-flow\" style=\"color:#000000;padding-top:2em;padding-right:2em;padding-bottom:2em;padding-left:2em\">\n<h2 class=\"wp-block-heading\" id=\"single\" style=\"font-size:18px\"><strong>Programa 1700<\/strong><\/h2>\n\n\n\n<hr class=\"wp-block-separator has-text-color has-css-opacity has-background is-style-wide\" style=\"background-color:#000000;color:#000000\"\/>\n\n\n\n<p>Lunes a Viernes 7:30 a 18:30 hs.<\/p>\n<\/div>\n\n\n\n<div class=\"wp-block-column has-text-color has-background has-link-color wp-elements-486451aef9857dfbeaaf0897aa23adaf is-layout-flow wp-block-column-is-layout-flow\" style=\"color:#000000;background-color:#a5cbe3;padding-top:2em;padding-right:2em;padding-bottom:2em;padding-left:2em\">\n<h2 class=\"wp-block-heading\" id=\"family\" style=\"font-size:19px\">Farmacia<\/h2>\n\n\n\n<hr class=\"wp-block-separator aligncenter has-css-opacity is-style-default\"\/>\n\n\n\n<p style=\"font-size:16px\">Lunes a Viernes 7:45 a 18:00 hs.<\/p>\n<\/div>\n\n\n\n<div class=\"wp-block-column has-text-color has-background has-link-color wp-elements-0e8ad20a974227f96318b5671547dc19 is-layout-flow wp-block-column-is-layout-flow\" style=\"color:#000000;background-color:#fcb900db;padding-top:2em;padding-right:2em;padding-bottom:2em;padding-left:2em\">\n<h2 class=\"wp-block-heading has-medium-font-size\" id=\"single\"><strong> Entrega de Leche<\/strong><\/h2>\n\n\n\n<hr class=\"wp-block-separator has-text-color has-css-opacity has-background is-style-wide\" style=\"background-color:#000000;color:#000000\"\/>\n\n\n\n<p>Martes, jueves y viernes de 8:00 a 11:00 hs<\/p>\n<\/div>\n<\/div>\n\n\n\n<p class=\"has-vivid-cyan-blue-color has-text-color has-medium-font-size\"><strong>EL TRABAJO DEL <strong>CAPS Dr. Estanislao Ponce <\/strong>DURANTE EL MES<\/strong><\/p>\n\n\n\n<p class=\"has-vivid-cyan-blue-color has-text-color has-medium-font-size\"><strong>TEN\u00c9S UNA PLAZA SALUDABLE CERCA DE TU CASA<\/strong><\/p>\n\n\n\n<p class=\"has-medium-font-size\">En cada clase se realizan controles de salud a la comunidad que participa de este espacio, captando y reforzando el seguimiento de pacientes con enfermedades cr\u00f3nicas no transmisibles.<\/p>\n\n\n\n<p class=\"has-medium-font-size\">Seguinos en nuestras redes sociales: <a href=\"https:\/\/www.facebook.com\/PlazasSaludablesSgo\">Plazas Saludables Santiago del Estero<\/a><\/p>\n\n\n\n<div class=\"wp-block-columns is-layout-flex wp-container-core-columns-is-layout-9d6595d7 wp-block-columns-is-layout-flex\">\n<div class=\"wp-block-column is-layout-flow wp-block-column-is-layout-flow\">\n<figure class=\"wp-block-image size-large\"><img decoding=\"async\" width=\"1024\" height=\"1024\" src=\"https:\/\/msaludsgo.gov.ar\/web\/wp-content\/uploads\/2024\/05\/WhatsApp-Image-2024-05-07-at-12.01.25-4-1024x1024.jpeg\" alt=\"\" class=\"wp-image-17455\" srcset=\"https:\/\/msaludsgo.gov.ar\/web\/wp-content\/uploads\/2024\/05\/WhatsApp-Image-2024-05-07-at-12.01.25-4-1024x1024.jpeg 1024w, https:\/\/msaludsgo.gov.ar\/web\/wp-content\/uploads\/2024\/05\/WhatsApp-Image-2024-05-07-at-12.01.25-4-300x300.jpeg 300w, https:\/\/msaludsgo.gov.ar\/web\/wp-content\/uploads\/2024\/05\/WhatsApp-Image-2024-05-07-at-12.01.25-4-150x150.jpeg 150w, https:\/\/msaludsgo.gov.ar\/web\/wp-content\/uploads\/2024\/05\/WhatsApp-Image-2024-05-07-at-12.01.25-4-768x768.jpeg 768w, https:\/\/msaludsgo.gov.ar\/web\/wp-content\/uploads\/2024\/05\/WhatsApp-Image-2024-05-07-at-12.01.25-4-400x400.jpeg 400w, https:\/\/msaludsgo.gov.ar\/web\/wp-content\/uploads\/2024\/05\/WhatsApp-Image-2024-05-07-at-12.01.25-4.jpeg 1080w\" sizes=\"(max-width: 1024px) 100vw, 1024px\" \/><\/figure>\n<\/div>\n\n\n\n<div class=\"wp-block-column is-layout-flow wp-block-column-is-layout-flow\">\n<figure class=\"wp-block-image size-large\"><img loading=\"lazy\" decoding=\"async\" width=\"1024\" height=\"1024\" src=\"https:\/\/msaludsgo.gov.ar\/web\/wp-content\/uploads\/2024\/05\/WhatsApp-Image-2024-05-07-at-12.01.26-1024x1024.jpeg\" alt=\"\" class=\"wp-image-17456\" srcset=\"https:\/\/msaludsgo.gov.ar\/web\/wp-content\/uploads\/2024\/05\/WhatsApp-Image-2024-05-07-at-12.01.26-1024x1024.jpeg 1024w, https:\/\/msaludsgo.gov.ar\/web\/wp-content\/uploads\/2024\/05\/WhatsApp-Image-2024-05-07-at-12.01.26-300x300.jpeg 300w, https:\/\/msaludsgo.gov.ar\/web\/wp-content\/uploads\/2024\/05\/WhatsApp-Image-2024-05-07-at-12.01.26-150x150.jpeg 150w, https:\/\/msaludsgo.gov.ar\/web\/wp-content\/uploads\/2024\/05\/WhatsApp-Image-2024-05-07-at-12.01.26-768x768.jpeg 768w, https:\/\/msaludsgo.gov.ar\/web\/wp-content\/uploads\/2024\/05\/WhatsApp-Image-2024-05-07-at-12.01.26-400x400.jpeg 400w, https:\/\/msaludsgo.gov.ar\/web\/wp-content\/uploads\/2024\/05\/WhatsApp-Image-2024-05-07-at-12.01.26.jpeg 1080w\" sizes=\"(max-width: 1024px) 100vw, 1024px\" \/><\/figure>\n<\/div>\n<\/div>\n\n\n\n<div class=\"wp-block-columns is-layout-flex wp-container-core-columns-is-layout-9d6595d7 wp-block-columns-is-layout-flex\">\n<div class=\"wp-block-column is-layout-flow wp-block-column-is-layout-flow\">\n<figure class=\"wp-block-image size-large\"><img loading=\"lazy\" decoding=\"async\" width=\"1024\" height=\"1024\" src=\"https:\/\/msaludsgo.gov.ar\/web\/wp-content\/uploads\/2024\/05\/WhatsApp-Image-2024-05-07-at-12.01.26-2-1024x1024.jpeg\" alt=\"\" class=\"wp-image-17458\" srcset=\"https:\/\/msaludsgo.gov.ar\/web\/wp-content\/uploads\/2024\/05\/WhatsApp-Image-2024-05-07-at-12.01.26-2-1024x1024.jpeg 1024w, https:\/\/msaludsgo.gov.ar\/web\/wp-content\/uploads\/2024\/05\/WhatsApp-Image-2024-05-07-at-12.01.26-2-300x300.jpeg 300w, https:\/\/msaludsgo.gov.ar\/web\/wp-content\/uploads\/2024\/05\/WhatsApp-Image-2024-05-07-at-12.01.26-2-150x150.jpeg 150w, https:\/\/msaludsgo.gov.ar\/web\/wp-content\/uploads\/2024\/05\/WhatsApp-Image-2024-05-07-at-12.01.26-2-768x768.jpeg 768w, https:\/\/msaludsgo.gov.ar\/web\/wp-content\/uploads\/2024\/05\/WhatsApp-Image-2024-05-07-at-12.01.26-2-400x400.jpeg 400w, https:\/\/msaludsgo.gov.ar\/web\/wp-content\/uploads\/2024\/05\/WhatsApp-Image-2024-05-07-at-12.01.26-2.jpeg 1080w\" sizes=\"(max-width: 1024px) 100vw, 1024px\" \/><\/figure>\n<\/div>\n\n\n\n<div class=\"wp-block-column is-layout-flow wp-block-column-is-layout-flow\">\n<figure class=\"wp-block-image size-large\"><img loading=\"lazy\" decoding=\"async\" width=\"1024\" height=\"1024\" src=\"https:\/\/msaludsgo.gov.ar\/web\/wp-content\/uploads\/2024\/05\/WhatsApp-Image-2024-05-07-at-12.01.26-1-1024x1024.jpeg\" alt=\"\" class=\"wp-image-17457\" srcset=\"https:\/\/msaludsgo.gov.ar\/web\/wp-content\/uploads\/2024\/05\/WhatsApp-Image-2024-05-07-at-12.01.26-1-1024x1024.jpeg 1024w, https:\/\/msaludsgo.gov.ar\/web\/wp-content\/uploads\/2024\/05\/WhatsApp-Image-2024-05-07-at-12.01.26-1-300x300.jpeg 300w, https:\/\/msaludsgo.gov.ar\/web\/wp-content\/uploads\/2024\/05\/WhatsApp-Image-2024-05-07-at-12.01.26-1-150x150.jpeg 150w, https:\/\/msaludsgo.gov.ar\/web\/wp-content\/uploads\/2024\/05\/WhatsApp-Image-2024-05-07-at-12.01.26-1-768x768.jpeg 768w, https:\/\/msaludsgo.gov.ar\/web\/wp-content\/uploads\/2024\/05\/WhatsApp-Image-2024-05-07-at-12.01.26-1-400x400.jpeg 400w, https:\/\/msaludsgo.gov.ar\/web\/wp-content\/uploads\/2024\/05\/WhatsApp-Image-2024-05-07-at-12.01.26-1.jpeg 1080w\" sizes=\"(max-width: 1024px) 100vw, 1024px\" \/><\/figure>\n<\/div>\n<\/div>\n","protected":false},"excerpt":{"rendered":"<p>AGENDA DIGITAL DE SALUD VISI\u00d3N Y MISI\u00d3N DE LAS UNIDADES PRIMARIAS DE ATENCI\u00d3N Visi\u00f3n: La Unidad Primaria de Atenci\u00f3n (UPA), dentro de la estrategia de APS, tiene como visi\u00f3n: \u201cAlcanzar una mejor calidad de vida en personas, familias y comunidades del \u00e1rea de responsabilidad desde el enfoque de la participaci\u00f3n social local\u201d. Misi\u00f3n: La UPA [&hellip;]<\/p>\n","protected":false},"author":5,"featured_media":0,"comment_status":"open","ping_status":"open","sticky":false,"template":"","format":"standard","meta":{"footnotes":""},"categories":[1],"tags":[],"class_list":["post-12071","post","type-post","status-publish","format-standard","hentry","category-sin-categoria"],"aioseo_notices":[],"_links":{"self":[{"href":"https:\/\/msaludsgo.gov.ar\/web\/wp-json\/wp\/v2\/posts\/12071","targetHints":{"allow":["GET"]}}],"collection":[{"href":"https:\/\/msaludsgo.gov.ar\/web\/wp-json\/wp\/v2\/posts"}],"about":[{"href":"https:\/\/msaludsgo.gov.ar\/web\/wp-json\/wp\/v2\/types\/post"}],"author":[{"embeddable":true,"href":"https:\/\/msaludsgo.gov.ar\/web\/wp-json\/wp\/v2\/users\/5"}],"replies":[{"embeddable":true,"href":"https:\/\/msaludsgo.gov.ar\/web\/wp-json\/wp\/v2\/comments?post=12071"}],"version-history":[{"count":16,"href":"https:\/\/msaludsgo.gov.ar\/web\/wp-json\/wp\/v2\/posts\/12071\/revisions"}],"predecessor-version":[{"id":28816,"href":"https:\/\/msaludsgo.gov.ar\/web\/wp-json\/wp\/v2\/posts\/12071\/revisions\/28816"}],"wp:attachment":[{"href":"https:\/\/msaludsgo.gov.ar\/web\/wp-json\/wp\/v2\/media?parent=12071"}],"wp:term":[{"taxonomy":"category","embeddable":true,"href":"https:\/\/msaludsgo.gov.ar\/web\/wp-json\/wp\/v2\/categories?post=12071"},{"taxonomy":"post_tag","embeddable":true,"href":"https:\/\/msaludsgo.gov.ar\/web\/wp-json\/wp\/v2\/tags?post=12071"}],"curies":[{"name":"wp","href":"https:\/\/api.w.org\/{rel}","templated":true}]}}