{"id":1239,"date":"2021-06-07T00:47:13","date_gmt":"2021-06-07T00:47:13","guid":{"rendered":"http:\/\/msaludsgo.gov.ar\/web\/?p=1239"},"modified":"2021-06-10T19:22:42","modified_gmt":"2021-06-10T19:22:42","slug":"comunicado-del-coe-6-06-2021","status":"publish","type":"post","link":"https:\/\/msaludsgo.gov.ar\/web\/comunicado-del-coe-6-06-2021\/","title":{"rendered":"Comunicado del COE 6\/06\/2021"},"content":{"rendered":"\n<p>En el d\u00eda de la fecha, el COE realiz\u00f3 su reuni\u00f3n semanal, y emiti\u00f3 el siguiente informe:<br>1) # Resumen semanal (desde el Domingo 30\/05 al Domingo 06\/06 inclusive):<br>-El n\u00famero de casos fue de 5.052 positivos.<br>-El promedio diario de contagios en estos 8 d\u00edas fue de 631.<br>-El porcentaje de ocupaci\u00f3n de camas Covid:<br>a) UTI -UCI: 94 %<br>b) Camas Covid leves y moderados: 60%.<br>2) # Medidas preventivas, a partir de este lunes 07\/06 hasta el viernes 11\/06, se regresa al horario de circulaci\u00f3n permitido de 06 a 22hs, en el que vuelven a estar permitidas las actividades no esenciales, con el estricto cumplimiento de los protocolos aprobados por el Ministerio de Salud de la provincia.<\/p>\n\n\n\n<p>Se exhorta a la ciudadan\u00eda, a evitar las actividades que favorezcan la transmisi\u00f3n viral por contacto estrecho prolongado, como son las reuniones sociales, recordando que las mismas est\u00e1n prohibidas. Es fundamental cumplir tambi\u00e9n con la obligaci\u00f3n de mantener la distancia entre personas, el uso correcto del tapabocas y la higiene permanente de las manos.<\/p>\n\n\n\n<p>Firman: Elias Suarez, Jefe de Gabinete de Ministros &#8211; Natividad Nassif, Ministra de Salud<\/p>\n","protected":false},"excerpt":{"rendered":"<p>En el d\u00eda de la fecha, el COE realiz\u00f3 su reuni\u00f3n semanal, y emiti\u00f3 el siguiente informe:1) # Resumen semanal (desde el Domingo 30\/05 al Domingo 06\/06 inclusive):-El n\u00famero de casos fue de 5.052 positivos.-El promedio diario de contagios en estos 8 d\u00edas fue de 631.-El porcentaje de ocupaci\u00f3n de camas Covid:a) UTI -UCI: 94 [&hellip;]<\/p>\n","protected":false},"author":3,"featured_media":1240,"comment_status":"open","ping_status":"open","sticky":false,"template":"","format":"standard","meta":{"footnotes":""},"categories":[122,1],"tags":[],"class_list":["post-1239","post","type-post","status-publish","format-standard","has-post-thumbnail","hentry","category-comunicados-del-coe","category-sin-categoria"],"aioseo_notices":[],"_links":{"self":[{"href":"https:\/\/msaludsgo.gov.ar\/web\/wp-json\/wp\/v2\/posts\/1239","targetHints":{"allow":["GET"]}}],"collection":[{"href":"https:\/\/msaludsgo.gov.ar\/web\/wp-json\/wp\/v2\/posts"}],"about":[{"href":"https:\/\/msaludsgo.gov.ar\/web\/wp-json\/wp\/v2\/types\/post"}],"author":[{"embeddable":true,"href":"https:\/\/msaludsgo.gov.ar\/web\/wp-json\/wp\/v2\/users\/3"}],"replies":[{"embeddable":true,"href":"https:\/\/msaludsgo.gov.ar\/web\/wp-json\/wp\/v2\/comments?post=1239"}],"version-history":[{"count":1,"href":"https:\/\/msaludsgo.gov.ar\/web\/wp-json\/wp\/v2\/posts\/1239\/revisions"}],"predecessor-version":[{"id":1241,"href":"https:\/\/msaludsgo.gov.ar\/web\/wp-json\/wp\/v2\/posts\/1239\/revisions\/1241"}],"wp:featuredmedia":[{"embeddable":true,"href":"https:\/\/msaludsgo.gov.ar\/web\/wp-json\/wp\/v2\/media\/1240"}],"wp:attachment":[{"href":"https:\/\/msaludsgo.gov.ar\/web\/wp-json\/wp\/v2\/media?parent=1239"}],"wp:term":[{"taxonomy":"category","embeddable":true,"href":"https:\/\/msaludsgo.gov.ar\/web\/wp-json\/wp\/v2\/categories?post=1239"},{"taxonomy":"post_tag","embeddable":true,"href":"https:\/\/msaludsgo.gov.ar\/web\/wp-json\/wp\/v2\/tags?post=1239"}],"curies":[{"name":"wp","href":"https:\/\/api.w.org\/{rel}","templated":true}]}}