{"id":14813,"date":"2023-12-19T15:42:36","date_gmt":"2023-12-19T15:42:36","guid":{"rendered":"https:\/\/msaludsgo.gov.ar\/web\/?p=14813"},"modified":"2025-09-26T10:59:26","modified_gmt":"2025-09-26T10:59:26","slug":"posta-sanitaria-el-dean","status":"publish","type":"post","link":"https:\/\/msaludsgo.gov.ar\/web\/posta-sanitaria-el-dean\/","title":{"rendered":"Posta Sanitaria El Dean"},"content":{"rendered":"\n<p class=\"has-white-color has-vivid-cyan-blue-background-color has-text-color has-background has-large-font-size\"><strong>AGENDA DIGITAL DE SALUD<\/strong><\/p>\n\n\n\n<p class=\"has-text-align-left has-vivid-cyan-blue-color has-white-background-color has-text-color has-background has-medium-font-size\"><strong>VISI\u00d3N Y MISI\u00d3N DE LAS UNIDADES PRIMARIAS DE ATENCI\u00d3N<\/strong><\/p>\n\n\n\n<p class=\"has-black-color has-text-color has-medium-font-size\"><strong>Visi\u00f3n:<\/strong><\/p>\n\n\n\n<p class=\"has-medium-font-size\">La Unidad Primaria de Atenci\u00f3n (UPA), dentro de la estrategia de APS, tiene como visi\u00f3n: \u201cAlcanzar una mejor calidad de vida en personas, familias y comunidades del \u00e1rea de responsabilidad desde el enfoque de la participaci\u00f3n social local\u201d.<\/p>\n\n\n\n<p class=\"has-black-color has-text-color has-medium-font-size\"><strong>Misi\u00f3n:<\/strong><\/p>\n\n\n\n<p class=\"has-medium-font-size\">La UPA tiene la misi\u00f3n de transformarse en el eje operativo, ejecutivo y de control de la implementaci\u00f3n de la estrategia de APS, en la b\u00fasqueda permanente de hacer accesible la asistencia para atender la salud de la poblaci\u00f3n desde una perspectiva de ejercicio de derecho, tratando permanentemente lograr inclusi\u00f3n e igualdad con la equidad necesaria.<br>Sabemos que la salud es una construcci\u00f3n colectiva, y en ese sentido nuestros recursos humanos est\u00e1n cient\u00edficamente formados con la capacidad t\u00e9cnica necesaria y resolutiva para abordar adecuadamente los problemas locales, materializando de manera indispensable, la participaci\u00f3n comunitaria.<\/p>\n\n\n\n<p class=\"has-text-align-left has-vivid-cyan-blue-color has-white-background-color has-text-color has-background has-medium-font-size\"><strong>MAPA DE LA CIUDAD CAPITAL DIVIDIDO SEG\u00daN LA ZONA DE COBERTURA DE CADA CENTRO DE SALUD<\/strong><\/p>\n\n\n\n<figure class=\"wp-block-gallery has-nested-images columns-default is-cropped wp-block-gallery-1 is-layout-flex wp-block-gallery-is-layout-flex\">\n<figure class=\"wp-block-image size-large\"><img fetchpriority=\"high\" decoding=\"async\" width=\"724\" height=\"1024\" data-id=\"9767\" src=\"https:\/\/msaludsgo.gov.ar\/web\/wp-content\/uploads\/2023\/06\/Mapa-de-santiago-724x1024.jpeg\" alt=\"\" class=\"wp-image-9767\" srcset=\"https:\/\/msaludsgo.gov.ar\/web\/wp-content\/uploads\/2023\/06\/Mapa-de-santiago-724x1024.jpeg 724w, https:\/\/msaludsgo.gov.ar\/web\/wp-content\/uploads\/2023\/06\/Mapa-de-santiago-212x300.jpeg 212w, https:\/\/msaludsgo.gov.ar\/web\/wp-content\/uploads\/2023\/06\/Mapa-de-santiago-106x150.jpeg 106w, https:\/\/msaludsgo.gov.ar\/web\/wp-content\/uploads\/2023\/06\/Mapa-de-santiago-768x1086.jpeg 768w, https:\/\/msaludsgo.gov.ar\/web\/wp-content\/uploads\/2023\/06\/Mapa-de-santiago-1086x1536.jpeg 1086w, https:\/\/msaludsgo.gov.ar\/web\/wp-content\/uploads\/2023\/06\/Mapa-de-santiago-283x400.jpeg 283w, https:\/\/msaludsgo.gov.ar\/web\/wp-content\/uploads\/2023\/06\/Mapa-de-santiago.jpeg 1131w\" sizes=\"(max-width: 724px) 100vw, 724px\" \/><\/figure>\n<\/figure>\n\n\n\n<p><\/p>\n\n\n\n<p class=\"has-vivid-cyan-blue-color has-text-color has-medium-font-size\"><strong>MAPA DE LA ZONA DE COBERTURA DE LA POSTA SANITARIA EL DEAN<\/strong><\/p>\n\n\n\n<figure class=\"wp-block-gallery has-nested-images columns-default is-cropped wp-block-gallery-2 is-layout-flex wp-block-gallery-is-layout-flex\">\n<figure class=\"wp-block-image size-large\"><img decoding=\"async\" width=\"970\" height=\"646\" data-id=\"11025\" src=\"https:\/\/msaludsgo.gov.ar\/web\/wp-content\/uploads\/2023\/08\/WhatsApp-Image-2023-08-11-at-18.19.39.jpeg\" alt=\"\" class=\"wp-image-11025\" srcset=\"https:\/\/msaludsgo.gov.ar\/web\/wp-content\/uploads\/2023\/08\/WhatsApp-Image-2023-08-11-at-18.19.39.jpeg 970w, https:\/\/msaludsgo.gov.ar\/web\/wp-content\/uploads\/2023\/08\/WhatsApp-Image-2023-08-11-at-18.19.39-300x200.jpeg 300w, https:\/\/msaludsgo.gov.ar\/web\/wp-content\/uploads\/2023\/08\/WhatsApp-Image-2023-08-11-at-18.19.39-150x100.jpeg 150w, https:\/\/msaludsgo.gov.ar\/web\/wp-content\/uploads\/2023\/08\/WhatsApp-Image-2023-08-11-at-18.19.39-768x511.jpeg 768w, https:\/\/msaludsgo.gov.ar\/web\/wp-content\/uploads\/2023\/08\/WhatsApp-Image-2023-08-11-at-18.19.39-601x400.jpeg 601w\" sizes=\"(max-width: 970px) 100vw, 970px\" \/><\/figure>\n<\/figure>\n\n\n\n<div class=\"wp-block-columns is-layout-flex wp-container-core-columns-is-layout-9d6595d7 wp-block-columns-is-layout-flex\">\n<div class=\"wp-block-column is-layout-flow wp-block-column-is-layout-flow\"><\/div>\n<\/div>\n\n\n\n<p class=\"has-background\" style=\"background-color:#fcb9009e;font-size:18px\">Aquellas personas que residan en el <strong>Sector descubierto<\/strong>, pueden dirigirse a la POSTA SANITARIA para solicitar la visita de un Agente Sanitario.<\/p>\n\n\n\n<p class=\"has-pale-pink-background-color has-background\" style=\"font-size:24px\"><strong>En el siguiente link puedes acceder al mapa digital:&nbsp;<\/strong><\/p>\n\n\n\n<p class=\"has-vivid-cyan-blue-color has-text-color has-medium-font-size\"><strong>PARA CONTACTARTE CON TU AGENTE SANITARIO O SOLICITAR UN TURNO<\/strong><\/p>\n\n\n\n<p class=\"has-medium-font-size\"><strong>Dir\u00edgete<\/strong> a la <\/p>\n\n\n\n<p class=\"has-medium-font-size\"><strong>Comun\u00edcate<\/strong> al tel\u00e9fono: <\/p>\n\n\n\n<p class=\"has-medium-font-size\"><strong>Env\u00eda un mensaje al Facebook<\/strong>:   o a <strong> <a href=\"https:\/\/www.facebook.com\/profile.php?id=100063723453798&amp;mibextid=ZbWKwL\">Direcci\u00f3n de Atenci\u00f3n Primaria de la Salud<\/a><\/strong><\/p>\n\n\n\n<p class=\"has-vivid-cyan-blue-color has-text-color has-medium-font-size\"><strong>GU\u00cdA DE SERVICIOS DEL CENTRO DE SALUD<\/strong> <\/p>\n\n\n\n<div class=\"wp-block-columns alignwide is-layout-flex wp-container-core-columns-is-layout-829b1d53 wp-block-columns-is-layout-flex\" style=\"margin-bottom:0\">\n<div class=\"wp-block-column has-text-color has-background has-link-color wp-elements-6d041cc89c0c2997beb619df0f87ca08 is-layout-flow wp-block-column-is-layout-flow\" style=\"color:#000000;background-color:#ffe97d;padding-top:2em;padding-right:2em;padding-bottom:2em;padding-left:2em\">\n<h2 class=\"wp-block-heading has-medium-font-size\" id=\"single\"><strong>M\u00e9dico <\/strong>Cl\u00ednico<\/h2>\n\n\n\n<hr class=\"wp-block-separator has-text-color has-css-opacity has-background is-style-wide\" style=\"background-color:#000000;color:#000000\"\/>\n\n\n\n<p><strong>Dra. Dom\u00ednguez Maria:<\/strong> lunes 8:00hs y mi\u00e9rcoles 8:00hs. <\/p>\n<\/div>\n\n\n\n<div class=\"wp-block-column has-text-color has-background has-link-color wp-elements-856a8eb33f64ba8694313e1e6135b9b3 is-layout-flow wp-block-column-is-layout-flow\" style=\"color:#000000;background-color:#d1d1e1;padding-top:2em;padding-right:2em;padding-bottom:2em;padding-left:2em\">\n<h2 class=\"wp-block-heading has-medium-font-size\" id=\"family\"><strong>Pediatr\u00eda<\/strong><\/h2>\n\n\n\n<hr class=\"wp-block-separator aligncenter has-css-opacity is-style-default\"\/>\n\n\n\n<p><strong>Dr. Dom\u00ednguez Luis<\/strong>: lunes a viernes desde las 13:00hs<\/p>\n<\/div>\n\n\n\n<div class=\"wp-block-column has-text-color has-background has-link-color wp-elements-6ac51a51df91257073179f0df13c7cfd is-layout-flow wp-block-column-is-layout-flow\" style=\"color:#000000;background-color:#c0ebf1;padding-top:2em;padding-right:2em;padding-bottom:2em;padding-left:2em\">\n<h2 class=\"wp-block-heading has-medium-font-size\" id=\"patron\"><strong>Familia<\/strong><\/h2>\n\n\n\n<hr class=\"wp-block-separator has-css-opacity is-style-wide\"\/>\n\n\n\n<p><strong>Dra. Romero Paola<\/strong>: lunes a viernes a las 13:00hs.<\/p>\n<\/div>\n<\/div>\n\n\n\n<p><\/p>\n\n\n\n<div class=\"wp-block-columns alignwide is-layout-flex wp-container-core-columns-is-layout-829b1d53 wp-block-columns-is-layout-flex\" style=\"margin-bottom:0\">\n<div class=\"wp-block-column has-pale-pink-background-color has-text-color has-background has-link-color wp-elements-7c9631d9fd5fdf17207dfea8a81cf1fc is-layout-flow wp-block-column-is-layout-flow\" style=\"color:#000000;padding-top:2em;padding-right:2em;padding-bottom:2em;padding-left:2em\">\n<h2 class=\"wp-block-heading has-medium-font-size\" id=\"single\"><strong>Odontolog\u00eda<\/strong><\/h2>\n\n\n\n<hr class=\"wp-block-separator has-text-color has-css-opacity has-background is-style-wide\" style=\"background-color:#000000;color:#000000\"\/>\n\n\n\n<p><strong>Dr. Saccone Mariano<\/strong>: Lunes a viernes por la ma\u00f1ana con turno previo    <strong>Dra. Botello Norma<\/strong>: lunes, martes, jueves y viernes 14:00hs<\/p>\n<\/div>\n\n\n\n<div class=\"wp-block-column has-text-color has-background has-link-color wp-elements-5f7f572b0b7fdd155192a2f35398c12d is-layout-flow wp-block-column-is-layout-flow\" style=\"color:#000000;background-color:#e7d3f9;padding-top:2em;padding-right:2em;padding-bottom:2em;padding-left:2em\">\n<h2 class=\"wp-block-heading has-medium-font-size\" id=\"family\">Obstetricia<\/h2>\n\n\n\n<hr class=\"wp-block-separator aligncenter has-css-opacity is-style-default\"\/>\n\n\n\n<p style=\"font-size:16px\"><strong>Lic. Jimenez Ariel<\/strong>: martes y mi\u00e9rcoles a partir de las 8:00 hs. y viernes desde las 11:00hs.                            <strong>Lic. Gutierrez Fernando<\/strong>: lunes y jueves desde las 7:30hs<\/p>\n<\/div>\n\n\n\n<div class=\"wp-block-column has-light-green-cyan-background-color has-text-color has-background has-link-color wp-elements-3c25139bfe6eb1bf07d354a6074a0f42 is-layout-flow wp-block-column-is-layout-flow\" style=\"color:#000000;padding-top:2em;padding-right:2em;padding-bottom:2em;padding-left:2em\">\n<h2 class=\"wp-block-heading has-medium-font-size\" id=\"patron\"><strong>Guardia de Enfermer\u00eda<\/strong><\/h2>\n\n\n\n<hr class=\"wp-block-separator has-css-opacity is-style-wide\"\/>\n\n\n\n<p>lunes a viernes de 7:00 a 19:00hs &#8211; sabados, domingos y feriados de 7:00 a 13:00hs<\/p>\n<\/div>\n<\/div>\n\n\n\n<p><\/p>\n\n\n\n<div class=\"wp-block-columns alignwide is-layout-flex wp-container-core-columns-is-layout-829b1d53 wp-block-columns-is-layout-flex\" style=\"margin-bottom:0\">\n<div class=\"wp-block-column has-text-color has-background has-link-color wp-elements-e5938eb04304456700516b9a897685bd is-layout-flow wp-block-column-is-layout-flow\" style=\"color:#000000;background-color:#f9bc90;padding-top:2em;padding-right:2em;padding-bottom:2em;padding-left:2em\">\n<h2 class=\"wp-block-heading\" id=\"single\" style=\"font-size:19px\"><strong>Electrocardiograma<\/strong><\/h2>\n\n\n\n<hr class=\"wp-block-separator has-text-color has-css-opacity has-background is-style-wide\" style=\"background-color:#000000;color:#000000\"\/>\n\n\n\n<p style=\"font-size:16px\">Martes 16:00hs y Jueves 10:00hs<\/p>\n<\/div>\n\n\n\n<div class=\"wp-block-column has-text-color has-background has-link-color wp-elements-f924678a545f9ca2f807f04c70ccece5 is-layout-flow wp-block-column-is-layout-flow\" style=\"color:#000000;background-color:#a5cbe3;padding-top:2em;padding-right:2em;padding-bottom:2em;padding-left:2em\">\n<h2 class=\"wp-block-heading has-medium-font-size\" id=\"family\">PAP<\/h2>\n\n\n\n<hr class=\"wp-block-separator aligncenter has-css-opacity is-style-default\"\/>\n\n\n\n<p style=\"font-size:16px\">Martes y miercoles 8:00hs y viernes 11:00hs Lunes y jueves 7:30hs<\/p>\n<\/div>\n\n\n\n<div class=\"wp-block-column has-text-color has-background has-link-color wp-elements-56d67a2e1290a02be4b61f1cb28cd2d0 is-layout-flow wp-block-column-is-layout-flow\" style=\"color:#000000;background-color:#f3ced7;padding-top:2em;padding-right:2em;padding-bottom:2em;padding-left:2em\">\n<h2 class=\"wp-block-heading has-medium-font-size\" id=\"patron\">Extracci\u00f3n de Sangre<\/h2>\n\n\n\n<hr class=\"wp-block-separator has-css-opacity is-style-wide\"\/>\n\n\n\n<p style=\"font-size:16px\"> Lunes a las 6:00 hs con turno previo<\/p>\n<\/div>\n<\/div>\n\n\n\n<div class=\"wp-block-columns is-layout-flex wp-container-core-columns-is-layout-9d6595d7 wp-block-columns-is-layout-flex\">\n<div class=\"wp-block-column has-pale-pink-background-color has-text-color has-background has-link-color wp-elements-d2df08a50c8c09a2c10b5101a2c990ad is-layout-flow wp-block-column-is-layout-flow\" style=\"color:#000000;padding-top:2em;padding-right:2em;padding-bottom:2em;padding-left:2em\">\n<h2 class=\"wp-block-heading has-medium-font-size\" id=\"single\"><strong><strong>Farmacia<\/strong><\/strong><\/h2>\n\n\n\n<hr class=\"wp-block-separator has-text-color has-css-opacity has-background is-style-wide\" style=\"background-color:#000000;color:#000000\"\/>\n\n\n\n<p><br>Lunes a viernes de 7:00 a 19:00hs<\/p>\n<\/div>\n\n\n\n<div class=\"wp-block-column has-text-color has-background has-link-color wp-elements-d6aa837547a96ab8dd999cd87b85961a is-layout-flow wp-block-column-is-layout-flow\" style=\"color:#000000;background-color:#eed07b;padding-top:2em;padding-right:2em;padding-bottom:2em;padding-left:2em\">\n<h2 class=\"wp-block-heading has-medium-font-size\" id=\"single\">Colocacion y  extraccion de implantes subdermicos<\/h2>\n\n\n\n<hr class=\"wp-block-separator has-text-color has-css-opacity has-background is-style-wide\" style=\"background-color:#000000;color:#000000\"\/>\n\n\n\n<p>Martes y miercoles 8:00hs y viernes 11:00hs Lunes y jueves 7:30hs<br><\/p>\n<\/div>\n<\/div>\n\n\n\n<p><\/p>\n\n\n\n<div class=\"wp-block-columns alignwide is-layout-flex wp-container-core-columns-is-layout-829b1d53 wp-block-columns-is-layout-flex\" style=\"margin-bottom:0\">\n<div class=\"wp-block-column has-text-color has-background has-link-color wp-elements-b3ade00bba17ec6e8c2648299eae6e5b is-layout-flow wp-block-column-is-layout-flow\" style=\"color:#000000;background-color:#ffe97d;padding-top:2em;padding-right:2em;padding-bottom:2em;padding-left:2em\">\n<h2 class=\"wp-block-heading has-medium-font-size\" id=\"single\"><strong> <strong>Vacunatorio<\/strong><\/strong><\/h2>\n\n\n\n<hr class=\"wp-block-separator has-text-color has-css-opacity has-background is-style-wide\" style=\"background-color:#000000;color:#000000\"\/>\n\n\n\n<p style=\"font-size:16px\">lunes a viernes de 7:00 a 19:00hs- domingos y feriados de 7:00 a 13:00hs<\/p>\n<\/div>\n\n\n\n<div class=\"wp-block-column has-text-color has-background has-link-color wp-elements-26f08793cad6233667140b4afacdd765 is-layout-flow wp-block-column-is-layout-flow\" style=\"color:#000000;background-color:#a5cbe3;padding-top:2em;padding-right:2em;padding-bottom:2em;padding-left:2em\">\n<h2 class=\"wp-block-heading has-medium-font-size\" id=\"family\">Toma Muestra Dengue<\/h2>\n\n\n\n<hr class=\"wp-block-separator aligncenter has-css-opacity is-style-default\"\/>\n\n\n\n<p style=\"font-size:16px\">Lunes a viernes 7:00 a 19:00hs \/ Sabados, domingos y feriados 7:00 a 13:00hs<\/p>\n<\/div>\n\n\n\n<div class=\"wp-block-column has-text-color has-background has-link-color wp-elements-496815334ae6a494710fd192913accb3 is-layout-flow wp-block-column-is-layout-flow\" style=\"color:#000000;background-color:#ff6a00bf;padding-top:2em;padding-right:2em;padding-bottom:2em;padding-left:2em\">\n<h2 class=\"wp-block-heading has-medium-font-size\" id=\"patron\"><strong>Entrega de Leche<\/strong><\/h2>\n\n\n\n<hr class=\"wp-block-separator has-css-opacity is-style-wide\"\/>\n\n\n\n<p>Lunes a viernes de 7:00 a 19:00hs.<\/p>\n<\/div>\n<\/div>\n","protected":false},"excerpt":{"rendered":"<p>AGENDA DIGITAL DE SALUD VISI\u00d3N Y MISI\u00d3N DE LAS UNIDADES PRIMARIAS DE ATENCI\u00d3N Visi\u00f3n: La Unidad Primaria de Atenci\u00f3n (UPA), dentro de la estrategia de APS, tiene como visi\u00f3n: \u201cAlcanzar una mejor calidad de vida en personas, familias y comunidades del \u00e1rea de responsabilidad desde el enfoque de la participaci\u00f3n social local\u201d. Misi\u00f3n: La UPA [&hellip;]<\/p>\n","protected":false},"author":6,"featured_media":0,"comment_status":"open","ping_status":"open","sticky":false,"template":"","format":"standard","meta":{"footnotes":""},"categories":[1],"tags":[],"class_list":["post-14813","post","type-post","status-publish","format-standard","hentry","category-sin-categoria"],"aioseo_notices":[],"_links":{"self":[{"href":"https:\/\/msaludsgo.gov.ar\/web\/wp-json\/wp\/v2\/posts\/14813","targetHints":{"allow":["GET"]}}],"collection":[{"href":"https:\/\/msaludsgo.gov.ar\/web\/wp-json\/wp\/v2\/posts"}],"about":[{"href":"https:\/\/msaludsgo.gov.ar\/web\/wp-json\/wp\/v2\/types\/post"}],"author":[{"embeddable":true,"href":"https:\/\/msaludsgo.gov.ar\/web\/wp-json\/wp\/v2\/users\/6"}],"replies":[{"embeddable":true,"href":"https:\/\/msaludsgo.gov.ar\/web\/wp-json\/wp\/v2\/comments?post=14813"}],"version-history":[{"count":20,"href":"https:\/\/msaludsgo.gov.ar\/web\/wp-json\/wp\/v2\/posts\/14813\/revisions"}],"predecessor-version":[{"id":27742,"href":"https:\/\/msaludsgo.gov.ar\/web\/wp-json\/wp\/v2\/posts\/14813\/revisions\/27742"}],"wp:attachment":[{"href":"https:\/\/msaludsgo.gov.ar\/web\/wp-json\/wp\/v2\/media?parent=14813"}],"wp:term":[{"taxonomy":"category","embeddable":true,"href":"https:\/\/msaludsgo.gov.ar\/web\/wp-json\/wp\/v2\/categories?post=14813"},{"taxonomy":"post_tag","embeddable":true,"href":"https:\/\/msaludsgo.gov.ar\/web\/wp-json\/wp\/v2\/tags?post=14813"}],"curies":[{"name":"wp","href":"https:\/\/api.w.org\/{rel}","templated":true}]}}