{"id":15102,"date":"2023-12-29T15:14:50","date_gmt":"2023-12-29T15:14:50","guid":{"rendered":"https:\/\/msaludsgo.gov.ar\/web\/?p=15102"},"modified":"2026-04-17T11:47:50","modified_gmt":"2026-04-17T11:47:50","slug":"posta-sanitaria-maco","status":"publish","type":"post","link":"https:\/\/msaludsgo.gov.ar\/web\/posta-sanitaria-maco\/","title":{"rendered":"Posta Sanitaria Maco"},"content":{"rendered":"\n<p class=\"has-white-color has-vivid-cyan-blue-background-color has-text-color has-background has-large-font-size\"><strong>AGENDA DIGITAL DE SALUD<\/strong><\/p>\n\n\n\n<p class=\"has-text-align-left has-vivid-cyan-blue-color has-white-background-color has-text-color has-background has-medium-font-size\"><strong>VISI\u00d3N Y MISI\u00d3N DE LAS UNIDADES PRIMARIAS DE ATENCI\u00d3N<\/strong><\/p>\n\n\n\n<p class=\"has-black-color has-text-color has-medium-font-size\"><strong>Visi\u00f3n:<\/strong><\/p>\n\n\n\n<p class=\"has-medium-font-size\">La Unidad Primaria de Atenci\u00f3n (UPA), dentro de la estrategia de APS, tiene como visi\u00f3n: \u201cAlcanzar una mejor calidad de vida en personas, familias y comunidades del \u00e1rea de responsabilidad desde el enfoque de la participaci\u00f3n social local\u201d.<\/p>\n\n\n\n<p class=\"has-black-color has-text-color has-medium-font-size\"><strong>Misi\u00f3n:<\/strong><\/p>\n\n\n\n<p class=\"has-medium-font-size\">La UPA tiene la misi\u00f3n de transformarse en el eje operativo, ejecutivo y de control de la implementaci\u00f3n de la estrategia de APS, en la b\u00fasqueda permanente de hacer accesible la asistencia para atender la salud de la poblaci\u00f3n desde una perspectiva de ejercicio de derecho, tratando permanentemente lograr inclusi\u00f3n e igualdad con la equidad necesaria.<br>Sabemos que la salud es una construcci\u00f3n colectiva, y en ese sentido nuestros recursos humanos est\u00e1n cient\u00edficamente formados con la capacidad t\u00e9cnica necesaria y resolutiva para abordar adecuadamente los problemas locales, materializando de manera indispensable, la participaci\u00f3n comunitaria.<\/p>\n\n\n\n<p class=\"has-text-align-left has-vivid-cyan-blue-color has-white-background-color has-text-color has-background has-medium-font-size\"><strong>MAPA DE LA CIUDAD LA BANDA DIVIDIDO SEG\u00daN LA ZONA DE COBERTURA DE CADA CENTRO DE SALUD<\/strong><\/p>\n\n\n\n<figure class=\"wp-block-gallery has-nested-images columns-default is-cropped wp-block-gallery-1 is-layout-flex wp-block-gallery-is-layout-flex\">\n<figure class=\"wp-block-image size-large\"><img fetchpriority=\"high\" decoding=\"async\" width=\"724\" height=\"1024\" data-id=\"9888\" src=\"https:\/\/msaludsgo.gov.ar\/web\/wp-content\/uploads\/2023\/06\/Banda-MAPS-724x1024.jpeg\" alt=\"\" class=\"wp-image-9888\" srcset=\"https:\/\/msaludsgo.gov.ar\/web\/wp-content\/uploads\/2023\/06\/Banda-MAPS-724x1024.jpeg 724w, https:\/\/msaludsgo.gov.ar\/web\/wp-content\/uploads\/2023\/06\/Banda-MAPS-212x300.jpeg 212w, https:\/\/msaludsgo.gov.ar\/web\/wp-content\/uploads\/2023\/06\/Banda-MAPS-106x150.jpeg 106w, https:\/\/msaludsgo.gov.ar\/web\/wp-content\/uploads\/2023\/06\/Banda-MAPS-768x1086.jpeg 768w, https:\/\/msaludsgo.gov.ar\/web\/wp-content\/uploads\/2023\/06\/Banda-MAPS-1086x1536.jpeg 1086w, https:\/\/msaludsgo.gov.ar\/web\/wp-content\/uploads\/2023\/06\/Banda-MAPS-1448x2048.jpeg 1448w, https:\/\/msaludsgo.gov.ar\/web\/wp-content\/uploads\/2023\/06\/Banda-MAPS-283x400.jpeg 283w, https:\/\/msaludsgo.gov.ar\/web\/wp-content\/uploads\/2023\/06\/Banda-MAPS-scaled.jpeg 1810w\" sizes=\"(max-width: 724px) 100vw, 724px\" \/><\/figure>\n<\/figure>\n\n\n\n<p><\/p>\n\n\n\n<p class=\"has-vivid-cyan-blue-color has-text-color has-medium-font-size\"><strong>MAPA DE LA ZONA DE COBERTURA DE LA POSTA SANITARIA SOL DE MAYO<\/strong><\/p>\n\n\n\n<p class=\"has-background\" style=\"background-color:#fcb9009e;font-size:18px\">Aquellas personas que residan en el <strong>Sector descubierto<\/strong>, pueden dirigirse a la POSTA SANITARIA para solicitar la visita de un Agente Sanitario.<\/p>\n\n\n\n<p class=\"has-pale-pink-background-color has-background\" style=\"font-size:24px\"><strong>En el siguiente link puedes acceder al mapa digital:&nbsp;MAPA DE LA POSTA SANITARIA SOL DE MAYO<\/strong><\/p>\n\n\n\n<p class=\"has-vivid-cyan-blue-color has-text-color has-medium-font-size\"><strong>PARA CONTACTARTE CON TU AGENTE SANITARIO O SOLICITAR UN TURNO<\/strong><\/p>\n\n\n\n<p class=\"has-medium-font-size\"><strong>Dir\u00edgete<\/strong> a la <\/p>\n\n\n\n<p class=\"has-medium-font-size\"><strong>Comun\u00edcate<\/strong> al tel\u00e9fono: <\/p>\n\n\n\n<p class=\"has-medium-font-size\"><strong>Env\u00eda un mensaje al Facebook<\/strong>: o a la <strong> <a href=\"https:\/\/www.facebook.com\/profile.php?id=100063723453798&amp;mibextid=ZbWKwL\">Direcci\u00f3n de Atenci\u00f3n Primaria de la Salud<\/a><\/strong><\/p>\n\n\n\n<p class=\"has-vivid-cyan-blue-color has-text-color has-medium-font-size\"><strong>GU\u00cdA DE SERVICIOS DEL CENTRO DE SALUD<\/strong> <\/p>\n\n\n\n<div class=\"wp-block-columns is-layout-flex wp-container-core-columns-is-layout-9d6595d7 wp-block-columns-is-layout-flex\">\n<div class=\"wp-block-column has-text-color has-background has-link-color wp-elements-550d019b9250ac6d422d93236f7f89b3 is-layout-flow wp-block-column-is-layout-flow\" style=\"color:#000000;background-color:#ffe97d;padding-top:2em;padding-right:2em;padding-bottom:2em;padding-left:2em\">\n<h2 class=\"wp-block-heading has-medium-font-size\" id=\"single\"><strong>M\u00e9dico Cl\u00ednico<\/strong><\/h2>\n\n\n\n<hr class=\"wp-block-separator has-text-color has-css-opacity has-background is-style-wide\" style=\"background-color:#000000;color:#000000\"\/>\n\n\n\n<p style=\"font-size:17px\">Dr. Roberto Tarchini: lunes 10:30hs<\/p>\n<\/div>\n\n\n\n<div class=\"wp-block-column has-pale-pink-background-color has-text-color has-background has-link-color wp-elements-fa19ccc806ed0a10097718d3c53a7ad9 is-layout-flow wp-block-column-is-layout-flow\" style=\"color:#000000;padding-top:2em;padding-right:2em;padding-bottom:2em;padding-left:2em\">\n<h2 class=\"wp-block-heading has-medium-font-size\" id=\"single\">Ginecolog\u00eda<\/h2>\n\n\n\n<hr class=\"wp-block-separator has-text-color has-css-opacity has-background is-style-wide\" style=\"background-color:#000000;color:#000000\"\/>\n\n\n\n<p style=\"font-size:16px\">Dra. Maria. M.Ingratta: Jueves 8:00hs.<\/p>\n<\/div>\n\n\n\n<div class=\"wp-block-column has-light-green-cyan-background-color has-text-color has-background has-link-color wp-elements-973d9fdb4d0cb42846e433030bfa9c2e is-layout-flow wp-block-column-is-layout-flow\" style=\"color:#000000;padding-top:2em;padding-right:2em;padding-bottom:2em;padding-left:2em\">\n<h2 class=\"wp-block-heading has-medium-font-size\" id=\"family\">Pediatr\u00eda<\/h2>\n\n\n\n<hr class=\"wp-block-separator aligncenter has-css-opacity is-style-default\"\/>\n\n\n\n<p style=\"font-size:16px\">Dr. Renato Bolzon: Lunes 9:00hs<\/p>\n<\/div>\n<\/div>\n\n\n\n<div class=\"wp-block-columns is-layout-flex wp-container-core-columns-is-layout-9d6595d7 wp-block-columns-is-layout-flex\">\n<div class=\"wp-block-column is-layout-flow wp-block-column-is-layout-flow\"><\/div>\n\n\n\n<div class=\"wp-block-column is-layout-flow wp-block-column-is-layout-flow\"><\/div>\n<\/div>\n\n\n\n<div class=\"wp-block-columns is-layout-flex wp-container-core-columns-is-layout-9d6595d7 wp-block-columns-is-layout-flex\">\n<div class=\"wp-block-column has-pale-cyan-blue-background-color has-text-color has-background has-link-color wp-elements-bcc66d0d2189271c667c3d4f0449aed4 is-layout-flow wp-block-column-is-layout-flow\" style=\"color:#000000;padding-top:2em;padding-right:2em;padding-bottom:2em;padding-left:2em\">\n<h2 class=\"wp-block-heading has-medium-font-size\" id=\"single\">Obstetricia<\/h2>\n\n\n\n<hr class=\"wp-block-separator has-text-color has-css-opacity has-background is-style-wide\" style=\"background-color:#000000;color:#000000\"\/>\n\n\n\n<p style=\"font-size:16px\"><strong>Lic. Maria Saavedra:<\/strong> miercoles, jueves 8:00hs. y lunes 14:00hs. <\/p>\n<\/div>\n\n\n\n<div class=\"wp-block-column has-text-color has-background has-link-color wp-elements-c3fadd81f696cff6a2104dcc6008ef79 is-layout-flow wp-block-column-is-layout-flow\" style=\"color:#000000;background-color:#e7d3f9;padding-top:2em;padding-right:2em;padding-bottom:2em;padding-left:2em\">\n<h2 class=\"wp-block-heading has-medium-font-size\" id=\"family\"><strong>Guardia de Enfermer\u00eda<\/strong><\/h2>\n\n\n\n<hr class=\"wp-block-separator aligncenter has-css-opacity is-style-default\"\/>\n\n\n\n<p>Lunes a viernes 7:00 a 19:00hs \/ Sabado, domingo y feriado de 8:00 a 13:00hs<\/p>\n<\/div>\n\n\n\n<div class=\"wp-block-column has-text-color has-background has-link-color wp-elements-4f422bbd70b81df1890607e1fb714c0a is-layout-flow wp-block-column-is-layout-flow\" style=\"color:#000000;background-color:#d1d1e1;padding-top:2em;padding-right:2em;padding-bottom:2em;padding-left:2em\">\n<h2 class=\"wp-block-heading has-medium-font-size\" id=\"family\">PAP<\/h2>\n\n\n\n<hr class=\"wp-block-separator aligncenter has-css-opacity is-style-default\"\/>\n\n\n\n<p style=\"font-size:16px\">Dra. Maria.M.Ingratta: miercoles 8:00hs-<\/p>\n<\/div>\n<\/div>\n\n\n\n<div class=\"wp-block-columns is-layout-flex wp-container-core-columns-is-layout-9d6595d7 wp-block-columns-is-layout-flex\">\n<div class=\"wp-block-column is-layout-flow wp-block-column-is-layout-flow\"><\/div>\n\n\n\n<div class=\"wp-block-column is-layout-flow wp-block-column-is-layout-flow\"><\/div>\n<\/div>\n\n\n\n<div class=\"wp-block-columns is-layout-flex wp-container-core-columns-is-layout-9d6595d7 wp-block-columns-is-layout-flex\">\n<div class=\"wp-block-column has-luminous-vivid-amber-background-color has-text-color has-background has-link-color wp-elements-45dddad4e9579082ed2e060846f370d3 is-layout-flow wp-block-column-is-layout-flow\" style=\"color:#000000;padding-top:2em;padding-right:2em;padding-bottom:2em;padding-left:2em\">\n<h2 class=\"wp-block-heading has-medium-font-size\" id=\"family\">Extracci\u00f3n de Sangre<\/h2>\n\n\n\n<hr class=\"wp-block-separator aligncenter has-css-opacity is-style-default\"\/>\n\n\n\n<p style=\"font-size:16px\">Lunes p\/medio 6:00hs<br><\/p>\n<\/div>\n\n\n\n<div class=\"wp-block-column has-light-green-cyan-background-color has-text-color has-background has-link-color wp-elements-9604264cbcb94a6af7e1cf2408e83a1c is-layout-flow wp-block-column-is-layout-flow\" style=\"color:#000000;padding-top:2em;padding-right:2em;padding-bottom:2em;padding-left:2em\">\n<h2 class=\"wp-block-heading has-medium-font-size\" id=\"family\">Colocacion y extraccion de implantes subdermicos<\/h2>\n\n\n\n<hr class=\"wp-block-separator aligncenter has-css-opacity is-style-default\"\/>\n\n\n\n<p style=\"font-size:16px\">Lic. Maria Saavedra: Jueves 8:00hs<\/p>\n<\/div>\n\n\n\n<div class=\"wp-block-column has-text-color has-background has-link-color wp-elements-19c84ccbb1b982af1bb87b7f851340ef is-layout-flow wp-block-column-is-layout-flow\" style=\"color:#000000;background-color:#ff9a52;padding-top:2em;padding-right:2em;padding-bottom:2em;padding-left:2em\">\n<h2 class=\"wp-block-heading has-medium-font-size\" id=\"family\">Vacunatorio <\/h2>\n\n\n\n<hr class=\"wp-block-separator aligncenter has-css-opacity is-style-default\"\/>\n\n\n\n<p style=\"font-size:16px\">Lunes a Domingos de 8:00hs a 19:00hs<\/p>\n<\/div>\n<\/div>\n\n\n\n<div class=\"wp-block-columns is-layout-flex wp-container-core-columns-is-layout-9d6595d7 wp-block-columns-is-layout-flex\">\n<div class=\"wp-block-column is-layout-flow wp-block-column-is-layout-flow\"><\/div>\n\n\n\n<div class=\"wp-block-column is-layout-flow wp-block-column-is-layout-flow\"><\/div>\n<\/div>\n\n\n\n<div class=\"wp-block-columns is-layout-flex wp-container-core-columns-is-layout-9d6595d7 wp-block-columns-is-layout-flex\">\n<div class=\"wp-block-column has-pale-pink-background-color has-text-color has-background has-link-color wp-elements-126fc2b8110639f981623e8ae9f5e46b is-layout-flow wp-block-column-is-layout-flow\" style=\"color:#000000;padding-top:2em;padding-right:2em;padding-bottom:2em;padding-left:2em\">\n<h2 class=\"wp-block-heading has-medium-font-size\" id=\"single\"><strong>Toma Muestra COVID<\/strong><\/h2>\n\n\n\n<hr class=\"wp-block-separator has-text-color has-css-opacity has-background is-style-wide\" style=\"background-color:#000000;color:#000000\"\/>\n\n\n\n<p style=\"font-size:17px\">lunes a viernes de 9:00 a 11:00hs<\/p>\n<\/div>\n\n\n\n<div class=\"wp-block-column has-text-color has-background has-link-color wp-elements-d5377efda1576747dbd23cceb6f59bf3 is-layout-flow wp-block-column-is-layout-flow\" style=\"color:#000000;background-color:#ffe97d;padding-top:2em;padding-right:2em;padding-bottom:2em;padding-left:2em\">\n<h2 class=\"wp-block-heading has-medium-font-size\" id=\"single\"><strong>Toma Muestra Dengue<\/strong><\/h2>\n\n\n\n<hr class=\"wp-block-separator has-text-color has-css-opacity has-background is-style-wide\" style=\"background-color:#000000;color:#000000\"\/>\n\n\n\n<p style=\"font-size:17px\">Lunes a Viernes 7:00 a 13:00hs<\/p>\n<\/div>\n<\/div>\n\n\n\n<div class=\"wp-block-columns is-layout-flex wp-container-core-columns-is-layout-9d6595d7 wp-block-columns-is-layout-flex\">\n<div class=\"wp-block-column is-layout-flow wp-block-column-is-layout-flow\"><\/div>\n\n\n\n<div class=\"wp-block-column is-layout-flow wp-block-column-is-layout-flow\"><\/div>\n<\/div>\n\n\n\n<div class=\"wp-block-columns is-layout-flex wp-container-core-columns-is-layout-9d6595d7 wp-block-columns-is-layout-flex\">\n<div class=\"wp-block-column has-light-green-cyan-background-color has-text-color has-background has-link-color wp-elements-fc1358b29b3788fa726aa2aa2f373072 is-layout-flow wp-block-column-is-layout-flow\" style=\"color:#000000;padding-top:2em;padding-right:2em;padding-bottom:2em;padding-left:2em\">\n<h2 class=\"wp-block-heading has-medium-font-size\" id=\"single\">Entrega de Leche <\/h2>\n\n\n\n<hr class=\"wp-block-separator has-text-color has-css-opacity has-background is-style-wide\" style=\"background-color:#000000;color:#000000\"\/>\n\n\n\n<p style=\"font-size:16px\">Lunes a domingos de 8:00hs a 19:00hs<\/p>\n<\/div>\n\n\n\n<div class=\"wp-block-column has-pale-cyan-blue-background-color has-text-color has-background has-link-color wp-elements-e05a9f2cf9a1e41d6a6f6767f4e74a36 is-layout-flow wp-block-column-is-layout-flow\" style=\"color:#000000;padding-top:2em;padding-right:2em;padding-bottom:2em;padding-left:2em\">\n<h2 class=\"wp-block-heading has-medium-font-size\" id=\"family\"><strong>Farmacia<\/strong><\/h2>\n\n\n\n<hr class=\"wp-block-separator aligncenter has-css-opacity is-style-default\"\/>\n\n\n\n<p>Lunes a Viernes de 7:00 a 19:00 hs.<\/p>\n<\/div>\n<\/div>\n","protected":false},"excerpt":{"rendered":"<p>AGENDA DIGITAL DE SALUD VISI\u00d3N Y MISI\u00d3N DE LAS UNIDADES PRIMARIAS DE ATENCI\u00d3N Visi\u00f3n: La Unidad Primaria de Atenci\u00f3n (UPA), dentro de la estrategia de APS, tiene como visi\u00f3n: \u201cAlcanzar una mejor calidad de vida en personas, familias y comunidades del \u00e1rea de responsabilidad desde el enfoque de la participaci\u00f3n social local\u201d. Misi\u00f3n: La UPA [&hellip;]<\/p>\n","protected":false},"author":5,"featured_media":0,"comment_status":"open","ping_status":"open","sticky":false,"template":"","format":"standard","meta":{"footnotes":""},"categories":[1],"tags":[],"class_list":["post-15102","post","type-post","status-publish","format-standard","hentry","category-sin-categoria"],"aioseo_notices":[],"_links":{"self":[{"href":"https:\/\/msaludsgo.gov.ar\/web\/wp-json\/wp\/v2\/posts\/15102","targetHints":{"allow":["GET"]}}],"collection":[{"href":"https:\/\/msaludsgo.gov.ar\/web\/wp-json\/wp\/v2\/posts"}],"about":[{"href":"https:\/\/msaludsgo.gov.ar\/web\/wp-json\/wp\/v2\/types\/post"}],"author":[{"embeddable":true,"href":"https:\/\/msaludsgo.gov.ar\/web\/wp-json\/wp\/v2\/users\/5"}],"replies":[{"embeddable":true,"href":"https:\/\/msaludsgo.gov.ar\/web\/wp-json\/wp\/v2\/comments?post=15102"}],"version-history":[{"count":10,"href":"https:\/\/msaludsgo.gov.ar\/web\/wp-json\/wp\/v2\/posts\/15102\/revisions"}],"predecessor-version":[{"id":31524,"href":"https:\/\/msaludsgo.gov.ar\/web\/wp-json\/wp\/v2\/posts\/15102\/revisions\/31524"}],"wp:attachment":[{"href":"https:\/\/msaludsgo.gov.ar\/web\/wp-json\/wp\/v2\/media?parent=15102"}],"wp:term":[{"taxonomy":"category","embeddable":true,"href":"https:\/\/msaludsgo.gov.ar\/web\/wp-json\/wp\/v2\/categories?post=15102"},{"taxonomy":"post_tag","embeddable":true,"href":"https:\/\/msaludsgo.gov.ar\/web\/wp-json\/wp\/v2\/tags?post=15102"}],"curies":[{"name":"wp","href":"https:\/\/api.w.org\/{rel}","templated":true}]}}