{"id":15506,"date":"2024-01-22T22:22:12","date_gmt":"2024-01-22T22:22:12","guid":{"rendered":"https:\/\/msaludsgo.gov.ar\/web\/?p=15506"},"modified":"2024-01-22T22:22:14","modified_gmt":"2024-01-22T22:22:14","slug":"salud-recuerda-colocarse-el-refuerzo-para-protegerse-contra-covid-19","status":"publish","type":"post","link":"https:\/\/msaludsgo.gov.ar\/web\/salud-recuerda-colocarse-el-refuerzo-para-protegerse-contra-covid-19\/","title":{"rendered":"Salud recuerda colocarse el refuerzo para protegerse contra COVID-19"},"content":{"rendered":"\n<p><em>Ante el incremento de casos de COVID-19 en el pa\u00eds, Salud recomienda completar el esquema de vacunaci\u00f3n y fortalecer las medidas de cuidado como el lavado de manos.<\/em><br>En este marco, la jefa de Inmunizaciones y referente de Epidemiolog\u00eda, <strong>Dra Florencia Coronel <\/strong>subray\u00f3 que \u201clas medidas de cuidado deben seguir: ventilar los ambientes, el lavado de manos, si estamos enfermos, no concurrir a lugares p\u00fablicos ni al trabajo y consultar inmediatamente al m\u00e9dico y, si hay s\u00edntomas, usar el barbijo para proteger a los dem\u00e1s, pero sobre todo y lo m\u00e1s importante debemos vacunarnos\u201d.<\/p>\n\n\n\n<p><br>La Dra Coronel record\u00f3 que todos deben colocarse el refuerzo de la vacuna, que en este momento es la bivalente o bivariante. \u201cDesde marzo del a\u00f1o pasado tenemos la vacuna bivariante o bivalente que protege la cepa original y la cepa Omicron, que es la que est\u00e1 circulando en este momento\u201d, explic\u00f3 y afirm\u00f3 que \u201ctodas aquellas personas que no se han colocado el a\u00f1o pasado refuerzos con la bivalente, se lo tienen que colocar\u201d.<\/p>\n\n\n\n<p><br><strong>Para personas mayores de 50 a\u00f1os o con condiciones de riesgo, se coloca un refuerzo cada seis meses, no importa cantidad de dosis, sino saber que es un refuerzo cada seis meses en la bivalente. Para personas menores de 50 a\u00f1os sin condiciones de riesgo, un refuerzo cada a\u00f1o.<br>La vacuna est\u00e1 disponible en todos los centros de salud de la provincia y en todos los vacunatorios.<br>Por otro lado, record\u00f3 que la sintomatolog\u00eda sigue siendo la misma: fiebre, no siempre alta, y alg\u00fan s\u00edntoma respiratorio, tos, dolor de garganta o alg\u00fan malestar respiratorio.<\/strong><\/p>\n","protected":false},"excerpt":{"rendered":"<p>Ante el incremento de casos de COVID-19 en el pa\u00eds, Salud recomienda completar el esquema de vacunaci\u00f3n y fortalecer las medidas de cuidado como el lavado de manos.En este marco, la jefa de Inmunizaciones y referente de Epidemiolog\u00eda, Dra Florencia Coronel subray\u00f3 que \u201clas medidas de cuidado deben seguir: ventilar los ambientes, el lavado de [&hellip;]<\/p>\n","protected":false},"author":5,"featured_media":15507,"comment_status":"open","ping_status":"open","sticky":false,"template":"","format":"standard","meta":{"footnotes":""},"categories":[2,3],"tags":[],"class_list":["post-15506","post","type-post","status-publish","format-standard","has-post-thumbnail","hentry","category-noticias","category-novedades"],"aioseo_notices":[],"_links":{"self":[{"href":"https:\/\/msaludsgo.gov.ar\/web\/wp-json\/wp\/v2\/posts\/15506","targetHints":{"allow":["GET"]}}],"collection":[{"href":"https:\/\/msaludsgo.gov.ar\/web\/wp-json\/wp\/v2\/posts"}],"about":[{"href":"https:\/\/msaludsgo.gov.ar\/web\/wp-json\/wp\/v2\/types\/post"}],"author":[{"embeddable":true,"href":"https:\/\/msaludsgo.gov.ar\/web\/wp-json\/wp\/v2\/users\/5"}],"replies":[{"embeddable":true,"href":"https:\/\/msaludsgo.gov.ar\/web\/wp-json\/wp\/v2\/comments?post=15506"}],"version-history":[{"count":1,"href":"https:\/\/msaludsgo.gov.ar\/web\/wp-json\/wp\/v2\/posts\/15506\/revisions"}],"predecessor-version":[{"id":15508,"href":"https:\/\/msaludsgo.gov.ar\/web\/wp-json\/wp\/v2\/posts\/15506\/revisions\/15508"}],"wp:featuredmedia":[{"embeddable":true,"href":"https:\/\/msaludsgo.gov.ar\/web\/wp-json\/wp\/v2\/media\/15507"}],"wp:attachment":[{"href":"https:\/\/msaludsgo.gov.ar\/web\/wp-json\/wp\/v2\/media?parent=15506"}],"wp:term":[{"taxonomy":"category","embeddable":true,"href":"https:\/\/msaludsgo.gov.ar\/web\/wp-json\/wp\/v2\/categories?post=15506"},{"taxonomy":"post_tag","embeddable":true,"href":"https:\/\/msaludsgo.gov.ar\/web\/wp-json\/wp\/v2\/tags?post=15506"}],"curies":[{"name":"wp","href":"https:\/\/api.w.org\/{rel}","templated":true}]}}