{"id":162,"date":"2021-03-06T13:58:01","date_gmt":"2021-03-06T13:58:01","guid":{"rendered":"http:\/\/msaludsgo.gov.ar\/web\/?p=162"},"modified":"2021-04-20T18:54:09","modified_gmt":"2021-04-20T18:54:09","slug":"personal-docente-y-no-docente","status":"publish","type":"post","link":"https:\/\/msaludsgo.gov.ar\/web\/personal-docente-y-no-docente\/","title":{"rendered":"Vacunaci\u00f3n COVID a personal Docente y No Docente"},"content":{"rendered":"\n<p>Se vacuna al personal docente y no docente de las instituciones educativas de la Provincia de manera paulatina y de acuerdo al cronograma previsto por el Consejo General de Educaci\u00f3n.<\/p>\n\n\n\n<p>La vacunaci\u00f3n se realiza en cada establecimiento educativo en los turnos ma\u00f1ana y tarde y comenz\u00f3 por los niveles Inicial, Primario y Especial, tanto de gesti\u00f3n p\u00fablica municipal y provincial, como de gesti\u00f3n como privada.&nbsp;&nbsp;<\/p>\n\n\n\n<p>La campa\u00f1a seguir\u00e1 una programaci\u00f3n que ser\u00e1 notificada durante el d\u00eda de ma\u00f1ana por los Organismos correspondientes.<\/p>\n\n\n\n<p class=\"has-medium-font-size\"><strong><span style=\"color:#ff0cfb\" class=\"has-inline-color\">Consult\u00e1 el cronograma de vacunaci\u00f3n en<\/span><\/strong> <a href=\"https:\/\/www.cgesantiago.gob.ar\/#\/\">https:\/\/www.cgesantiago.gob.ar\/#\/<\/a><\/p>\n","protected":false},"excerpt":{"rendered":"<p>Se vacuna al personal docente y no docente de las instituciones educativas de la Provincia de manera paulatina y de acuerdo al cronograma previsto por el Consejo General de Educaci\u00f3n. La vacunaci\u00f3n se realiza en cada establecimiento educativo en los turnos ma\u00f1ana y tarde y comenz\u00f3 por los niveles Inicial, Primario y Especial, tanto de [&hellip;]<\/p>\n","protected":false},"author":2,"featured_media":163,"comment_status":"open","ping_status":"open","sticky":false,"template":"","format":"standard","meta":{"footnotes":""},"categories":[15],"tags":[],"class_list":["post-162","post","type-post","status-publish","format-standard","has-post-thumbnail","hentry","category-grupos-vacunacion"],"aioseo_notices":[],"_links":{"self":[{"href":"https:\/\/msaludsgo.gov.ar\/web\/wp-json\/wp\/v2\/posts\/162","targetHints":{"allow":["GET"]}}],"collection":[{"href":"https:\/\/msaludsgo.gov.ar\/web\/wp-json\/wp\/v2\/posts"}],"about":[{"href":"https:\/\/msaludsgo.gov.ar\/web\/wp-json\/wp\/v2\/types\/post"}],"author":[{"embeddable":true,"href":"https:\/\/msaludsgo.gov.ar\/web\/wp-json\/wp\/v2\/users\/2"}],"replies":[{"embeddable":true,"href":"https:\/\/msaludsgo.gov.ar\/web\/wp-json\/wp\/v2\/comments?post=162"}],"version-history":[{"count":5,"href":"https:\/\/msaludsgo.gov.ar\/web\/wp-json\/wp\/v2\/posts\/162\/revisions"}],"predecessor-version":[{"id":540,"href":"https:\/\/msaludsgo.gov.ar\/web\/wp-json\/wp\/v2\/posts\/162\/revisions\/540"}],"wp:featuredmedia":[{"embeddable":true,"href":"https:\/\/msaludsgo.gov.ar\/web\/wp-json\/wp\/v2\/media\/163"}],"wp:attachment":[{"href":"https:\/\/msaludsgo.gov.ar\/web\/wp-json\/wp\/v2\/media?parent=162"}],"wp:term":[{"taxonomy":"category","embeddable":true,"href":"https:\/\/msaludsgo.gov.ar\/web\/wp-json\/wp\/v2\/categories?post=162"},{"taxonomy":"post_tag","embeddable":true,"href":"https:\/\/msaludsgo.gov.ar\/web\/wp-json\/wp\/v2\/tags?post=162"}],"curies":[{"name":"wp","href":"https:\/\/api.w.org\/{rel}","templated":true}]}}