{"id":1702,"date":"2021-07-19T14:07:41","date_gmt":"2021-07-19T14:07:41","guid":{"rendered":"http:\/\/msaludsgo.gov.ar\/web\/?p=1702"},"modified":"2021-07-19T14:07:41","modified_gmt":"2021-07-19T14:07:41","slug":"comunicado-prensa-coe-18-07","status":"publish","type":"post","link":"https:\/\/msaludsgo.gov.ar\/web\/comunicado-prensa-coe-18-07\/","title":{"rendered":"Comunicado Prensa -COE &#8211; 18\/07"},"content":{"rendered":"\n<p>Comunicado Prensa -COE<\/p>\n\n\n\n<p>En el d\u00eda de la fecha, el COE realiz\u00f3 su reuni\u00f3n semanal, y emiti\u00f3 el resumen semanal (desde el lunes 12\/07 al Domingo 18\/07 inclusive):<\/p>\n\n\n\n<p>-El n\u00famero de casos fue de 3.069 positivos.<br>-El promedio diario de contagios en estos 7 d\u00edas fue de 438<br>-El porcentaje de ocupaci\u00f3n de camas Covid:<br>a) UTI -UCI: 90 %<br>b) Camas Covid leves y moderados: 50%<\/p>\n\n\n\n<p># Se recuerda que en todo el territorio provincial:<br>-Las reuniones sociales se encuentran prohibidas, al igual que las reuniones familiares en casas particulares con personas que no sean del grupo conviviente.<br>-Se debe mantener la distancia de 2 metros entre personas, usar correctamente el tapabocas en lugares p\u00fablicos, y la permanente higiene de las manos.<br>-Las personas notificadas como positivas de Covid y sus contactos estrechos deben mantener estricto aislamiento domiciliario por 14 d\u00edas, teniendo en cuenta que la violacion de esa disposici\u00f3n significa un grave delito, previsto en el C\u00f3digo Penal (art 202) con una sanci\u00f3n de reclusi\u00f3n o prision de 3 a 15 a\u00f1os.<\/p>\n\n\n\n<p>Firman: Elias Suarez, Jefe de Gabinete de Ministros &#8211; Natividad Nassif, Ministra de Salud.<\/p>\n","protected":false},"excerpt":{"rendered":"<p>Comunicado Prensa -COE En el d\u00eda de la fecha, el COE realiz\u00f3 su reuni\u00f3n semanal, y emiti\u00f3 el resumen semanal (desde el lunes 12\/07 al Domingo 18\/07 inclusive): -El n\u00famero de casos fue de 3.069 positivos.-El promedio diario de contagios en estos 7 d\u00edas fue de 438-El porcentaje de ocupaci\u00f3n de camas Covid:a) UTI -UCI: [&hellip;]<\/p>\n","protected":false},"author":4,"featured_media":1703,"comment_status":"open","ping_status":"open","sticky":false,"template":"","format":"standard","meta":{"footnotes":""},"categories":[122,10,2,3],"tags":[],"class_list":["post-1702","post","type-post","status-publish","format-standard","has-post-thumbnail","hentry","category-comunicados-del-coe","category-covid-19","category-noticias","category-novedades"],"aioseo_notices":[],"_links":{"self":[{"href":"https:\/\/msaludsgo.gov.ar\/web\/wp-json\/wp\/v2\/posts\/1702","targetHints":{"allow":["GET"]}}],"collection":[{"href":"https:\/\/msaludsgo.gov.ar\/web\/wp-json\/wp\/v2\/posts"}],"about":[{"href":"https:\/\/msaludsgo.gov.ar\/web\/wp-json\/wp\/v2\/types\/post"}],"author":[{"embeddable":true,"href":"https:\/\/msaludsgo.gov.ar\/web\/wp-json\/wp\/v2\/users\/4"}],"replies":[{"embeddable":true,"href":"https:\/\/msaludsgo.gov.ar\/web\/wp-json\/wp\/v2\/comments?post=1702"}],"version-history":[{"count":1,"href":"https:\/\/msaludsgo.gov.ar\/web\/wp-json\/wp\/v2\/posts\/1702\/revisions"}],"predecessor-version":[{"id":1704,"href":"https:\/\/msaludsgo.gov.ar\/web\/wp-json\/wp\/v2\/posts\/1702\/revisions\/1704"}],"wp:featuredmedia":[{"embeddable":true,"href":"https:\/\/msaludsgo.gov.ar\/web\/wp-json\/wp\/v2\/media\/1703"}],"wp:attachment":[{"href":"https:\/\/msaludsgo.gov.ar\/web\/wp-json\/wp\/v2\/media?parent=1702"}],"wp:term":[{"taxonomy":"category","embeddable":true,"href":"https:\/\/msaludsgo.gov.ar\/web\/wp-json\/wp\/v2\/categories?post=1702"},{"taxonomy":"post_tag","embeddable":true,"href":"https:\/\/msaludsgo.gov.ar\/web\/wp-json\/wp\/v2\/tags?post=1702"}],"curies":[{"name":"wp","href":"https:\/\/api.w.org\/{rel}","templated":true}]}}