{"id":25122,"date":"2025-04-16T17:23:40","date_gmt":"2025-04-16T17:23:40","guid":{"rendered":"https:\/\/msaludsgo.gov.ar\/web\/?p=25122"},"modified":"2025-04-16T17:25:15","modified_gmt":"2025-04-16T17:25:15","slug":"la-ministra-natividad-nassif-encabezo-una-reunion-para-fortalecer-el-uso-del-sistema-de-historia-clinica-digital","status":"publish","type":"post","link":"https:\/\/msaludsgo.gov.ar\/web\/la-ministra-natividad-nassif-encabezo-una-reunion-para-fortalecer-el-uso-del-sistema-de-historia-clinica-digital\/","title":{"rendered":"La ministra Natividad Nassif encabez\u00f3 una reuni\u00f3n para fortalecer el uso del sistema de Historia Cl\u00ednica Digital"},"content":{"rendered":"\n<p>En la sede del Ministerio de Salud, la ministra <strong>Natividad Nassif<\/strong> encabez\u00f3 una reuni\u00f3n de trabajo con responsables de postas sanitarias y servicios de salud que fueron capacitados en el uso del Sistema Integrado de Salud Electr\u00f3nica (SISE), con el objetivo de seguir fortaleciendo la red provincial de historia cl\u00ednica digital. Durante el encuentro tambi\u00e9n se hizo entrega de equipamiento inform\u00e1tico a los efectores. <\/p>\n\n\n\n<p>Acompa\u00f1aron a la ministra los directores <strong>Martha Tarchini<\/strong> (Atenci\u00f3n Primaria de la Salud), <strong>Javier Bravo<\/strong> (Salud Digital), <strong>Jos\u00e9 Alzogaray<\/strong> (Unidades Sanitarias M\u00f3viles) y <strong>Gonzalo Ter\u00e1n<\/strong> (Salud Comunitaria).<\/p>\n\n\n\n<p>Durante el encuentro, <strong>Javier Bravo<\/strong>, director de Salud Digital, explic\u00f3 que <em>\u201cla funci\u00f3n de estas m\u00e1quinas es registrar los datos a trav\u00e9s del SISE y los sistemas nacionales que se utilizan. Hoy entregamos computadoras a efectores que ya fueron capacitados y que est\u00e1n listos para comenzar con los registros de atenci\u00f3n de pacientes\u201d<\/em>. <\/p>\n\n\n\n<p>Los centros de salud que recibieron el equipamiento son: <strong>puestos sanitarios de Matar\u00e1, Yuch\u00e1n, San Juan, Villa Figueroa, Los Quiroga, UPA 22 Peruchillo<\/strong>, <strong>las Unidades Sanitarias M\u00f3viles<\/strong>, la <strong>Coordinaci\u00f3n General de Enfermer\u00eda<\/strong>, y el <strong>CEPSI, Servicio de Quemados<\/strong>.<\/p>\n\n\n\n<p>Por su parte, la directora de APS, <strong>Marta Tarchini<\/strong>, subray\u00f3 la importancia de contar con tecnolog\u00eda para mejorar la toma de decisiones: <em>\u201cCuando podemos registrar mejor el dato, podemos planificar mejor. En medio de una crisis nacional, aqu\u00ed en Santiago del Estero seguimos invirtiendo en salud como una decisi\u00f3n pol\u00edtica que pone a las personas en el centro. Eso es gesti\u00f3n con sensibilidad\u201d<\/em>.<\/p>\n\n\n\n<p>La ministra <strong>Natividad Nassif<\/strong> agradeci\u00f3 las palabras y reafirm\u00f3 el compromiso del gobierno provincial con el fortalecimiento del sistema sanitario: <em>\u201cEn Santiago del Estero, la salud p\u00fablica se entiende como un derecho y se realiza con acciones concretas. Esta tecnolog\u00eda permite acercar atenci\u00f3n, asesoramiento y diagn\u00f3stico, incluso en lugares donde es dif\u00edcil contar con m\u00e9dicos de manera permanente. Por eso estas herramientas son imprescindibles y su uso debe ser apropiado por la comunidad, mediado por nuestros equipos de salud\u201d<\/em>.<\/p>\n\n\n\n<p>Finalmente, <strong>Jos\u00e9 Alzogaray<\/strong>, director de las Unidades Sanitarias M\u00f3viles, destac\u00f3 la respuesta r\u00e1pida de Salud Digital frente a la necesidad de capacitaci\u00f3n de los equipos en territorio: <em>\u201cSolicitamos la capacitaci\u00f3n y r\u00e1pidamente se concret\u00f3. Hoy nuestros m\u00e9dicos ya est\u00e1n trabajando con el SISE. Esto demuestra que el Ministerio apuesta a formar al recurso humano y dar respuestas efectivas\u201d<\/em>.<\/p>\n\n\n\n<figure class=\"wp-block-gallery has-nested-images columns-2 is-cropped wp-block-gallery-1 is-layout-flex wp-block-gallery-is-layout-flex\">\n<figure class=\"wp-block-image size-large\"><img fetchpriority=\"high\" decoding=\"async\" width=\"1024\" height=\"678\" data-id=\"25125\" src=\"https:\/\/msaludsgo.gov.ar\/web\/wp-content\/uploads\/2025\/04\/WhatsApp-Image-2025-04-16-at-12.01.39-1024x678.jpeg\" alt=\"\" class=\"wp-image-25125\" srcset=\"https:\/\/msaludsgo.gov.ar\/web\/wp-content\/uploads\/2025\/04\/WhatsApp-Image-2025-04-16-at-12.01.39-1024x678.jpeg 1024w, https:\/\/msaludsgo.gov.ar\/web\/wp-content\/uploads\/2025\/04\/WhatsApp-Image-2025-04-16-at-12.01.39-300x199.jpeg 300w, https:\/\/msaludsgo.gov.ar\/web\/wp-content\/uploads\/2025\/04\/WhatsApp-Image-2025-04-16-at-12.01.39-150x99.jpeg 150w, https:\/\/msaludsgo.gov.ar\/web\/wp-content\/uploads\/2025\/04\/WhatsApp-Image-2025-04-16-at-12.01.39-768x508.jpeg 768w, https:\/\/msaludsgo.gov.ar\/web\/wp-content\/uploads\/2025\/04\/WhatsApp-Image-2025-04-16-at-12.01.39-1536x1017.jpeg 1536w, https:\/\/msaludsgo.gov.ar\/web\/wp-content\/uploads\/2025\/04\/WhatsApp-Image-2025-04-16-at-12.01.39-604x400.jpeg 604w, https:\/\/msaludsgo.gov.ar\/web\/wp-content\/uploads\/2025\/04\/WhatsApp-Image-2025-04-16-at-12.01.39.jpeg 1600w\" sizes=\"(max-width: 1024px) 100vw, 1024px\" \/><\/figure>\n\n\n\n<figure class=\"wp-block-image size-large\"><img decoding=\"async\" width=\"1024\" height=\"678\" data-id=\"25126\" src=\"https:\/\/msaludsgo.gov.ar\/web\/wp-content\/uploads\/2025\/04\/WhatsApp-Image-2025-04-16-at-12.02.43-1024x678.jpeg\" alt=\"\" class=\"wp-image-25126\" srcset=\"https:\/\/msaludsgo.gov.ar\/web\/wp-content\/uploads\/2025\/04\/WhatsApp-Image-2025-04-16-at-12.02.43-1024x678.jpeg 1024w, https:\/\/msaludsgo.gov.ar\/web\/wp-content\/uploads\/2025\/04\/WhatsApp-Image-2025-04-16-at-12.02.43-300x199.jpeg 300w, https:\/\/msaludsgo.gov.ar\/web\/wp-content\/uploads\/2025\/04\/WhatsApp-Image-2025-04-16-at-12.02.43-150x99.jpeg 150w, https:\/\/msaludsgo.gov.ar\/web\/wp-content\/uploads\/2025\/04\/WhatsApp-Image-2025-04-16-at-12.02.43-768x508.jpeg 768w, https:\/\/msaludsgo.gov.ar\/web\/wp-content\/uploads\/2025\/04\/WhatsApp-Image-2025-04-16-at-12.02.43-1536x1017.jpeg 1536w, https:\/\/msaludsgo.gov.ar\/web\/wp-content\/uploads\/2025\/04\/WhatsApp-Image-2025-04-16-at-12.02.43-604x400.jpeg 604w, https:\/\/msaludsgo.gov.ar\/web\/wp-content\/uploads\/2025\/04\/WhatsApp-Image-2025-04-16-at-12.02.43.jpeg 1600w\" sizes=\"(max-width: 1024px) 100vw, 1024px\" \/><\/figure>\n\n\n\n<figure class=\"wp-block-image size-large\"><img decoding=\"async\" width=\"1024\" height=\"678\" data-id=\"25128\" src=\"https:\/\/msaludsgo.gov.ar\/web\/wp-content\/uploads\/2025\/04\/WhatsApp-Image-2025-04-16-at-12.03.39-1024x678.jpeg\" alt=\"\" class=\"wp-image-25128\" srcset=\"https:\/\/msaludsgo.gov.ar\/web\/wp-content\/uploads\/2025\/04\/WhatsApp-Image-2025-04-16-at-12.03.39-1024x678.jpeg 1024w, https:\/\/msaludsgo.gov.ar\/web\/wp-content\/uploads\/2025\/04\/WhatsApp-Image-2025-04-16-at-12.03.39-300x199.jpeg 300w, https:\/\/msaludsgo.gov.ar\/web\/wp-content\/uploads\/2025\/04\/WhatsApp-Image-2025-04-16-at-12.03.39-150x99.jpeg 150w, https:\/\/msaludsgo.gov.ar\/web\/wp-content\/uploads\/2025\/04\/WhatsApp-Image-2025-04-16-at-12.03.39-768x508.jpeg 768w, https:\/\/msaludsgo.gov.ar\/web\/wp-content\/uploads\/2025\/04\/WhatsApp-Image-2025-04-16-at-12.03.39-1536x1017.jpeg 1536w, https:\/\/msaludsgo.gov.ar\/web\/wp-content\/uploads\/2025\/04\/WhatsApp-Image-2025-04-16-at-12.03.39-604x400.jpeg 604w, https:\/\/msaludsgo.gov.ar\/web\/wp-content\/uploads\/2025\/04\/WhatsApp-Image-2025-04-16-at-12.03.39.jpeg 1600w\" sizes=\"(max-width: 1024px) 100vw, 1024px\" \/><\/figure>\n\n\n\n<figure class=\"wp-block-image size-large\"><img loading=\"lazy\" decoding=\"async\" width=\"1024\" height=\"678\" data-id=\"25124\" src=\"https:\/\/msaludsgo.gov.ar\/web\/wp-content\/uploads\/2025\/04\/WhatsApp-Image-2025-04-16-at-12.05.54-1024x678.jpeg\" alt=\"\" class=\"wp-image-25124\" srcset=\"https:\/\/msaludsgo.gov.ar\/web\/wp-content\/uploads\/2025\/04\/WhatsApp-Image-2025-04-16-at-12.05.54-1024x678.jpeg 1024w, https:\/\/msaludsgo.gov.ar\/web\/wp-content\/uploads\/2025\/04\/WhatsApp-Image-2025-04-16-at-12.05.54-300x199.jpeg 300w, https:\/\/msaludsgo.gov.ar\/web\/wp-content\/uploads\/2025\/04\/WhatsApp-Image-2025-04-16-at-12.05.54-150x99.jpeg 150w, https:\/\/msaludsgo.gov.ar\/web\/wp-content\/uploads\/2025\/04\/WhatsApp-Image-2025-04-16-at-12.05.54-768x508.jpeg 768w, https:\/\/msaludsgo.gov.ar\/web\/wp-content\/uploads\/2025\/04\/WhatsApp-Image-2025-04-16-at-12.05.54-1536x1017.jpeg 1536w, https:\/\/msaludsgo.gov.ar\/web\/wp-content\/uploads\/2025\/04\/WhatsApp-Image-2025-04-16-at-12.05.54-604x400.jpeg 604w, https:\/\/msaludsgo.gov.ar\/web\/wp-content\/uploads\/2025\/04\/WhatsApp-Image-2025-04-16-at-12.05.54.jpeg 1600w\" sizes=\"(max-width: 1024px) 100vw, 1024px\" \/><\/figure>\n\n\n\n<figure class=\"wp-block-image size-large\"><img loading=\"lazy\" decoding=\"async\" width=\"1024\" height=\"678\" data-id=\"25123\" src=\"https:\/\/msaludsgo.gov.ar\/web\/wp-content\/uploads\/2025\/04\/WhatsApp-Image-2025-04-16-at-12.06.41-1024x678.jpeg\" alt=\"\" class=\"wp-image-25123\" srcset=\"https:\/\/msaludsgo.gov.ar\/web\/wp-content\/uploads\/2025\/04\/WhatsApp-Image-2025-04-16-at-12.06.41-1024x678.jpeg 1024w, https:\/\/msaludsgo.gov.ar\/web\/wp-content\/uploads\/2025\/04\/WhatsApp-Image-2025-04-16-at-12.06.41-300x199.jpeg 300w, https:\/\/msaludsgo.gov.ar\/web\/wp-content\/uploads\/2025\/04\/WhatsApp-Image-2025-04-16-at-12.06.41-150x99.jpeg 150w, https:\/\/msaludsgo.gov.ar\/web\/wp-content\/uploads\/2025\/04\/WhatsApp-Image-2025-04-16-at-12.06.41-768x508.jpeg 768w, https:\/\/msaludsgo.gov.ar\/web\/wp-content\/uploads\/2025\/04\/WhatsApp-Image-2025-04-16-at-12.06.41-1536x1017.jpeg 1536w, https:\/\/msaludsgo.gov.ar\/web\/wp-content\/uploads\/2025\/04\/WhatsApp-Image-2025-04-16-at-12.06.41-604x400.jpeg 604w, https:\/\/msaludsgo.gov.ar\/web\/wp-content\/uploads\/2025\/04\/WhatsApp-Image-2025-04-16-at-12.06.41.jpeg 1600w\" sizes=\"(max-width: 1024px) 100vw, 1024px\" \/><\/figure>\n<\/figure>\n","protected":false},"excerpt":{"rendered":"<p>En la sede del Ministerio de Salud, la ministra Natividad Nassif encabez\u00f3 una reuni\u00f3n de trabajo con responsables de postas sanitarias y servicios de salud que fueron capacitados en el uso del Sistema Integrado de Salud Electr\u00f3nica (SISE), con el objetivo de seguir fortaleciendo la red provincial de historia cl\u00ednica digital. Durante el encuentro tambi\u00e9n [&hellip;]<\/p>\n","protected":false},"author":5,"featured_media":25127,"comment_status":"open","ping_status":"open","sticky":false,"template":"","format":"standard","meta":{"footnotes":""},"categories":[2,3],"tags":[],"class_list":["post-25122","post","type-post","status-publish","format-standard","has-post-thumbnail","hentry","category-noticias","category-novedades"],"aioseo_notices":[],"_links":{"self":[{"href":"https:\/\/msaludsgo.gov.ar\/web\/wp-json\/wp\/v2\/posts\/25122","targetHints":{"allow":["GET"]}}],"collection":[{"href":"https:\/\/msaludsgo.gov.ar\/web\/wp-json\/wp\/v2\/posts"}],"about":[{"href":"https:\/\/msaludsgo.gov.ar\/web\/wp-json\/wp\/v2\/types\/post"}],"author":[{"embeddable":true,"href":"https:\/\/msaludsgo.gov.ar\/web\/wp-json\/wp\/v2\/users\/5"}],"replies":[{"embeddable":true,"href":"https:\/\/msaludsgo.gov.ar\/web\/wp-json\/wp\/v2\/comments?post=25122"}],"version-history":[{"count":2,"href":"https:\/\/msaludsgo.gov.ar\/web\/wp-json\/wp\/v2\/posts\/25122\/revisions"}],"predecessor-version":[{"id":25130,"href":"https:\/\/msaludsgo.gov.ar\/web\/wp-json\/wp\/v2\/posts\/25122\/revisions\/25130"}],"wp:featuredmedia":[{"embeddable":true,"href":"https:\/\/msaludsgo.gov.ar\/web\/wp-json\/wp\/v2\/media\/25127"}],"wp:attachment":[{"href":"https:\/\/msaludsgo.gov.ar\/web\/wp-json\/wp\/v2\/media?parent=25122"}],"wp:term":[{"taxonomy":"category","embeddable":true,"href":"https:\/\/msaludsgo.gov.ar\/web\/wp-json\/wp\/v2\/categories?post=25122"},{"taxonomy":"post_tag","embeddable":true,"href":"https:\/\/msaludsgo.gov.ar\/web\/wp-json\/wp\/v2\/tags?post=25122"}],"curies":[{"name":"wp","href":"https:\/\/api.w.org\/{rel}","templated":true}]}}