{"id":26805,"date":"2025-08-20T17:46:05","date_gmt":"2025-08-20T17:46:05","guid":{"rendered":"https:\/\/msaludsgo.gov.ar\/web\/?p=26805"},"modified":"2025-08-20T17:48:18","modified_gmt":"2025-08-20T17:48:18","slug":"el-equipo-del-hospital-regional-opera-con-exito-a-una-nina-con-cardiopatia-congenita-critica","status":"publish","type":"post","link":"https:\/\/msaludsgo.gov.ar\/web\/el-equipo-del-hospital-regional-opera-con-exito-a-una-nina-con-cardiopatia-congenita-critica\/","title":{"rendered":"El equipo del Hospital Regional opera con \u00e9xito a una ni\u00f1a con cardiopat\u00eda cong\u00e9nita cr\u00edtica"},"content":{"rendered":"\n<p class=\"wp-block-paragraph\">Una ni\u00f1a de dos a\u00f1os, derivada del CePSI, con diagn\u00f3stico de<strong> ductos arterioso persistente<\/strong> fue operada con \u00e9xito por el equipo del <strong>Servicio de Hemodinamia del Hospital Regional \u201cDr. Ram\u00f3n Carrillo\u201d<\/strong>, lo que marca un hito hist\u00f3rico en la salud p\u00fablica de nuestra provincia.<\/p>\n\n\n\n<p class=\"wp-block-paragraph\">Se trata de un <strong>caso cr\u00edtico de cardiopat\u00eda cong\u00e9nita <\/strong>que fue resuelto en la provincia, sin necesidad de derivaci\u00f3n. La intervenci\u00f3n fue realizada por un equipo interdisciplinario encabezado por el <strong>Dr. Santiago Coroleu, <\/strong>jefe del Servicio de Hemodinamia, junto al cardi\u00f3logo intervencionista pedi\u00e1trico <strong>Dr. Germ\u00e1n Henestrosa,<\/strong> la anestesista<strong> Dra. Natalia D\u00edaz,<\/strong> la cardi\u00f3loga <strong>Dra. Juliana Ferreira <\/strong>y t\u00e9cnicos especializados. La ni\u00f1a recibi\u00f3 exitosamente un dispositivo para la apertura de una v\u00e1lvula card\u00edaca mediante un procedimiento m\u00ednimamente invasivo.<\/p>\n\n\n\n<p class=\"wp-block-paragraph\">El<strong> Dr. Henestrosa<\/strong> destac\u00f3 que<em> \u201cgracias al apoyo de todo el grupo terap\u00e9utico y a la tecnolog\u00eda disponible en el Hospital, hoy podemos resolver patolog\u00edas card\u00edacas complejas en pacientes pedi\u00e1tricos sin tener que trasladarlos a otras provincias, evitando el desarraigo de las familias y ofreciendo soluciones inmediatas y seguras\u201d.<\/em><\/p>\n\n\n\n<p class=\"wp-block-paragraph\"><strong>Este procedimiento marca un avance hist\u00f3rico en la atenci\u00f3n pedi\u00e1trica p\u00fablica y es un ejemplo del compromiso del personal de salud y de las pol\u00edticas sanitarias de la provincia, que priorizan la vida y el bienestar de la comunidad.<\/strong><\/p>\n\n\n\n<figure class=\"wp-block-gallery has-nested-images columns-1 is-cropped wp-block-gallery-1 is-layout-flex wp-block-gallery-is-layout-flex\">\n<figure class=\"wp-block-image size-large\"><img fetchpriority=\"high\" decoding=\"async\" width=\"1024\" height=\"1024\" data-id=\"26806\" src=\"https:\/\/msaludsgo.gov.ar\/web\/wp-content\/uploads\/2025\/08\/WhatsApp-Image-2025-08-20-at-11.24.18-1-1024x1024.jpeg\" alt=\"\" class=\"wp-image-26806\" srcset=\"https:\/\/msaludsgo.gov.ar\/web\/wp-content\/uploads\/2025\/08\/WhatsApp-Image-2025-08-20-at-11.24.18-1-1024x1024.jpeg 1024w, https:\/\/msaludsgo.gov.ar\/web\/wp-content\/uploads\/2025\/08\/WhatsApp-Image-2025-08-20-at-11.24.18-1-300x300.jpeg 300w, https:\/\/msaludsgo.gov.ar\/web\/wp-content\/uploads\/2025\/08\/WhatsApp-Image-2025-08-20-at-11.24.18-1-150x150.jpeg 150w, https:\/\/msaludsgo.gov.ar\/web\/wp-content\/uploads\/2025\/08\/WhatsApp-Image-2025-08-20-at-11.24.18-1-768x768.jpeg 768w, https:\/\/msaludsgo.gov.ar\/web\/wp-content\/uploads\/2025\/08\/WhatsApp-Image-2025-08-20-at-11.24.18-1-400x400.jpeg 400w, https:\/\/msaludsgo.gov.ar\/web\/wp-content\/uploads\/2025\/08\/WhatsApp-Image-2025-08-20-at-11.24.18-1.jpeg 1206w\" sizes=\"(max-width: 1024px) 100vw, 1024px\" \/><\/figure>\n\n\n\n<figure class=\"wp-block-image size-large\"><img decoding=\"async\" width=\"1024\" height=\"1024\" data-id=\"26807\" src=\"https:\/\/msaludsgo.gov.ar\/web\/wp-content\/uploads\/2025\/08\/WhatsApp-Image-2025-08-20-at-11.24.18-1024x1024.jpeg\" alt=\"\" class=\"wp-image-26807\" srcset=\"https:\/\/msaludsgo.gov.ar\/web\/wp-content\/uploads\/2025\/08\/WhatsApp-Image-2025-08-20-at-11.24.18-1024x1024.jpeg 1024w, https:\/\/msaludsgo.gov.ar\/web\/wp-content\/uploads\/2025\/08\/WhatsApp-Image-2025-08-20-at-11.24.18-300x300.jpeg 300w, https:\/\/msaludsgo.gov.ar\/web\/wp-content\/uploads\/2025\/08\/WhatsApp-Image-2025-08-20-at-11.24.18-150x150.jpeg 150w, https:\/\/msaludsgo.gov.ar\/web\/wp-content\/uploads\/2025\/08\/WhatsApp-Image-2025-08-20-at-11.24.18-768x768.jpeg 768w, https:\/\/msaludsgo.gov.ar\/web\/wp-content\/uploads\/2025\/08\/WhatsApp-Image-2025-08-20-at-11.24.18-400x400.jpeg 400w, https:\/\/msaludsgo.gov.ar\/web\/wp-content\/uploads\/2025\/08\/WhatsApp-Image-2025-08-20-at-11.24.18.jpeg 1206w\" sizes=\"(max-width: 1024px) 100vw, 1024px\" \/><\/figure>\n\n\n\n<figure class=\"wp-block-image size-large\"><img decoding=\"async\" width=\"1024\" height=\"1024\" data-id=\"26808\" src=\"https:\/\/msaludsgo.gov.ar\/web\/wp-content\/uploads\/2025\/08\/WhatsApp-Image-2025-08-20-at-11.24.19-1-1024x1024.jpeg\" alt=\"\" class=\"wp-image-26808\" srcset=\"https:\/\/msaludsgo.gov.ar\/web\/wp-content\/uploads\/2025\/08\/WhatsApp-Image-2025-08-20-at-11.24.19-1-1024x1024.jpeg 1024w, https:\/\/msaludsgo.gov.ar\/web\/wp-content\/uploads\/2025\/08\/WhatsApp-Image-2025-08-20-at-11.24.19-1-300x300.jpeg 300w, https:\/\/msaludsgo.gov.ar\/web\/wp-content\/uploads\/2025\/08\/WhatsApp-Image-2025-08-20-at-11.24.19-1-150x150.jpeg 150w, https:\/\/msaludsgo.gov.ar\/web\/wp-content\/uploads\/2025\/08\/WhatsApp-Image-2025-08-20-at-11.24.19-1-768x768.jpeg 768w, https:\/\/msaludsgo.gov.ar\/web\/wp-content\/uploads\/2025\/08\/WhatsApp-Image-2025-08-20-at-11.24.19-1-400x400.jpeg 400w, https:\/\/msaludsgo.gov.ar\/web\/wp-content\/uploads\/2025\/08\/WhatsApp-Image-2025-08-20-at-11.24.19-1.jpeg 1206w\" sizes=\"(max-width: 1024px) 100vw, 1024px\" \/><\/figure>\n<\/figure>\n","protected":false},"excerpt":{"rendered":"<p>Una ni\u00f1a de dos a\u00f1os, derivada del CePSI, con diagn\u00f3stico de ductos arterioso persistente fue operada con \u00e9xito por el equipo del Servicio de Hemodinamia del Hospital Regional \u201cDr. Ram\u00f3n Carrillo\u201d, lo que marca un hito hist\u00f3rico en la salud p\u00fablica de nuestra provincia. Se trata de un caso cr\u00edtico de cardiopat\u00eda cong\u00e9nita que fue [&hellip;]<\/p>\n","protected":false},"author":5,"featured_media":26809,"comment_status":"open","ping_status":"open","sticky":false,"template":"","format":"standard","meta":{"footnotes":""},"categories":[2,3],"tags":[],"class_list":["post-26805","post","type-post","status-publish","format-standard","has-post-thumbnail","hentry","category-noticias","category-novedades"],"aioseo_notices":[],"_links":{"self":[{"href":"https:\/\/msaludsgo.gov.ar\/web\/wp-json\/wp\/v2\/posts\/26805","targetHints":{"allow":["GET"]}}],"collection":[{"href":"https:\/\/msaludsgo.gov.ar\/web\/wp-json\/wp\/v2\/posts"}],"about":[{"href":"https:\/\/msaludsgo.gov.ar\/web\/wp-json\/wp\/v2\/types\/post"}],"author":[{"embeddable":true,"href":"https:\/\/msaludsgo.gov.ar\/web\/wp-json\/wp\/v2\/users\/5"}],"replies":[{"embeddable":true,"href":"https:\/\/msaludsgo.gov.ar\/web\/wp-json\/wp\/v2\/comments?post=26805"}],"version-history":[{"count":3,"href":"https:\/\/msaludsgo.gov.ar\/web\/wp-json\/wp\/v2\/posts\/26805\/revisions"}],"predecessor-version":[{"id":26812,"href":"https:\/\/msaludsgo.gov.ar\/web\/wp-json\/wp\/v2\/posts\/26805\/revisions\/26812"}],"wp:featuredmedia":[{"embeddable":true,"href":"https:\/\/msaludsgo.gov.ar\/web\/wp-json\/wp\/v2\/media\/26809"}],"wp:attachment":[{"href":"https:\/\/msaludsgo.gov.ar\/web\/wp-json\/wp\/v2\/media?parent=26805"}],"wp:term":[{"taxonomy":"category","embeddable":true,"href":"https:\/\/msaludsgo.gov.ar\/web\/wp-json\/wp\/v2\/categories?post=26805"},{"taxonomy":"post_tag","embeddable":true,"href":"https:\/\/msaludsgo.gov.ar\/web\/wp-json\/wp\/v2\/tags?post=26805"}],"curies":[{"name":"wp","href":"https:\/\/api.w.org\/{rel}","templated":true}]}}