{"id":26818,"date":"2025-08-21T19:09:26","date_gmt":"2025-08-21T19:09:26","guid":{"rendered":"https:\/\/msaludsgo.gov.ar\/web\/?p=26818"},"modified":"2025-08-21T19:10:01","modified_gmt":"2025-08-21T19:10:01","slug":"se-anuncio-el-2-encuentro-provincial-de-educacion-para-la-salud-2025","status":"publish","type":"post","link":"https:\/\/msaludsgo.gov.ar\/web\/se-anuncio-el-2-encuentro-provincial-de-educacion-para-la-salud-2025\/","title":{"rendered":"Se anunci\u00f3 el 2\u00b0 Encuentro Provincial de Educaci\u00f3n para la Salud 2025"},"content":{"rendered":"\n<p class=\"wp-block-paragraph\"><strong>\u201cEducaci\u00f3n para la salud sin fronteras: del territorio al algoritmo\u201d<\/strong><\/p>\n\n\n\n<p class=\"wp-block-paragraph\">Autoridades del Ministerio de Salud, de la UNSE y la UCSE anunciaron el <strong>2\u00b0 Encuentro Provincial de Educaci\u00f3n para la Salud 2025<\/strong>, en el marco del <strong>D\u00eda de las y los Educadores para la Salud<\/strong>, que se realizar\u00e1 pr\u00f3ximo el <strong>lunes 1\u00b0 de septiembre<\/strong>, en el <strong>Auditorio \u201cDr. Ram\u00f3n Carrillo\u201d<\/strong> de la cartera sanitaria.<\/p>\n\n\n\n<p class=\"wp-block-paragraph\">El encuentro est\u00e1 destinado a estudiantes, docentes y profesionales de educaci\u00f3n para la salud, comunicaci\u00f3n social y carreras vinculadas al \u00e1rea de la salud, as\u00ed como a equipos del sector p\u00fablico y privado.<\/p>\n\n\n\n<p class=\"wp-block-paragraph\">El <strong>director de Salud Comunitaria, Lic. Gonzalo Ter\u00e1n<\/strong>, explic\u00f3 que \u201cla jornada se desarrollar\u00e1 desde las 8.30 hs. y ser\u00e1 transmitida por <strong>Telesalud<\/strong> para los equipos del interior, con la participaci\u00f3n de autoridades provinciales, acad\u00e9micas, equipos interdisciplinarios de salud y comunicadores sociales\u201d. El programa incluye conversatorios sobre <strong>salud y redes sociales, promoci\u00f3n en la era digital y \u00e9tica en la comunicaci\u00f3n en salud<\/strong>.<\/p>\n\n\n\n<p class=\"wp-block-paragraph\">Por su parte, el <strong>secretario de Salud, Dr. Gustavo Sabalza<\/strong>, expres\u00f3 que el encuentro fortalece la capacidad pedag\u00f3gica y comunicacional de los educadores para la salud, pilares fundamentales en la promoci\u00f3n de h\u00e1bitos saludables y en el autocuidado de la poblaci\u00f3n\u201d.<\/p>\n\n\n\n<p class=\"wp-block-paragraph\">La <strong>ministra de Salud, Lic. Natividad Nassif<\/strong>, remarc\u00f3 la centralidad de la educaci\u00f3n y la promoci\u00f3n en la salud p\u00fablica: \u201cEducar y promover la salud hoy significa tambi\u00e9n trabajar con redes sociales y procesos comunicacionales. Un sistema p\u00fablico de salud tiene tres objetivos: promover, prevenir y asistir. Los dos primeros est\u00e1n profundamente atravesados por la educaci\u00f3n y la comunicaci\u00f3n es una herramienta poderosa para generar cambios en los estilos de vida y entornos m\u00e1s saludables\u201d.<\/p>\n\n\n\n<p class=\"wp-block-paragraph\">El <strong>rector de la UCSE, Ing. Luis Lucena<\/strong>, destac\u00f3 la articulaci\u00f3n entre el sistema sanitario y el acad\u00e9mico y asegur\u00f3 que la salud tambi\u00e9n se comunica. \u201cLa territorialidad f\u00edsica en salud se complementa con una territorialidad digital, y es all\u00ed donde debemos formar a nuestros estudiantes y ciudadanos\u201d.<\/p>\n\n\n\n<p class=\"wp-block-paragraph\">Finalmente, la <strong>vicerrectora de la UNSE, Lic. Marcela Ju\u00e1rez<\/strong>, subray\u00f3 que la importancia de la tecnolog\u00eda que ampl\u00eda la llegada, complementa y permite un trabajo m\u00e1s equitativo y cercano a la comunidad en territorio\u201d.<\/p>\n\n\n\n<p class=\"wp-block-paragraph\">La participaci\u00f3n es gratuita, con <strong>inscripci\u00f3n previa hasta el 29 de agosto<\/strong> en: <a href=\"https:\/\/forms.gle\/PcGfrZvAFh7NXJ9TA\">https:\/\/forms.gle\/PcGfrZvAFh7NXJ9TA<\/a>.<br>Se entregar\u00e1 <strong>certificado de asistencia digital<\/strong> a partir de las 72 hs. posteriores al encuentro.<\/p>\n","protected":false},"excerpt":{"rendered":"<p>\u201cEducaci\u00f3n para la salud sin fronteras: del territorio al algoritmo\u201d Autoridades del Ministerio de Salud, de la UNSE y la UCSE anunciaron el 2\u00b0 Encuentro Provincial de Educaci\u00f3n para la Salud 2025, en el marco del D\u00eda de las y los Educadores para la Salud, que se realizar\u00e1 pr\u00f3ximo el lunes 1\u00b0 de septiembre, en [&hellip;]<\/p>\n","protected":false},"author":5,"featured_media":26819,"comment_status":"open","ping_status":"open","sticky":false,"template":"","format":"standard","meta":{"footnotes":""},"categories":[2,3],"tags":[],"class_list":["post-26818","post","type-post","status-publish","format-standard","has-post-thumbnail","hentry","category-noticias","category-novedades"],"aioseo_notices":[],"_links":{"self":[{"href":"https:\/\/msaludsgo.gov.ar\/web\/wp-json\/wp\/v2\/posts\/26818","targetHints":{"allow":["GET"]}}],"collection":[{"href":"https:\/\/msaludsgo.gov.ar\/web\/wp-json\/wp\/v2\/posts"}],"about":[{"href":"https:\/\/msaludsgo.gov.ar\/web\/wp-json\/wp\/v2\/types\/post"}],"author":[{"embeddable":true,"href":"https:\/\/msaludsgo.gov.ar\/web\/wp-json\/wp\/v2\/users\/5"}],"replies":[{"embeddable":true,"href":"https:\/\/msaludsgo.gov.ar\/web\/wp-json\/wp\/v2\/comments?post=26818"}],"version-history":[{"count":2,"href":"https:\/\/msaludsgo.gov.ar\/web\/wp-json\/wp\/v2\/posts\/26818\/revisions"}],"predecessor-version":[{"id":26822,"href":"https:\/\/msaludsgo.gov.ar\/web\/wp-json\/wp\/v2\/posts\/26818\/revisions\/26822"}],"wp:featuredmedia":[{"embeddable":true,"href":"https:\/\/msaludsgo.gov.ar\/web\/wp-json\/wp\/v2\/media\/26819"}],"wp:attachment":[{"href":"https:\/\/msaludsgo.gov.ar\/web\/wp-json\/wp\/v2\/media?parent=26818"}],"wp:term":[{"taxonomy":"category","embeddable":true,"href":"https:\/\/msaludsgo.gov.ar\/web\/wp-json\/wp\/v2\/categories?post=26818"},{"taxonomy":"post_tag","embeddable":true,"href":"https:\/\/msaludsgo.gov.ar\/web\/wp-json\/wp\/v2\/tags?post=26818"}],"curies":[{"name":"wp","href":"https:\/\/api.w.org\/{rel}","templated":true}]}}