{"id":2782,"date":"2021-09-30T12:08:18","date_gmt":"2021-09-30T12:08:18","guid":{"rendered":"http:\/\/msaludsgo.gov.ar\/web\/?p=2782"},"modified":"2021-09-30T12:33:46","modified_gmt":"2021-09-30T12:33:46","slug":"reporte-diario-28-09-2021","status":"publish","type":"post","link":"https:\/\/msaludsgo.gov.ar\/web\/reporte-diario-28-09-2021\/","title":{"rendered":"REPORTE DIARIO 28\/09\/2021"},"content":{"rendered":"\n<p><br>El d\u00eda 28 de Septiembre del 2021 en la Provincia de Santiago del Estero:<br><img decoding=\"async\" height=\"16\" width=\"16\" alt=\"&#x1f4cd;\" src=\"https:\/\/static.xx.fbcdn.net\/images\/emoji.php\/v9\/t2d\/1\/16\/1f4cd.png\">&nbsp;Se recuperaron seis (6) casos, por lo que son setenta y siete mil ciento veintinueve (77.129) los casos recuperados en la provincia.<br><img decoding=\"async\" height=\"16\" width=\"16\" alt=\"&#x1f4cd;\" src=\"https:\/\/static.xx.fbcdn.net\/images\/emoji.php\/v9\/t2d\/1\/16\/1f4cd.png\">&nbsp;Se notific\u00f3 el fallecimiento de un hombre de 59 a\u00f1os con diagn\u00f3stico de COVID-19 activo, que estaba internado en el sector p\u00fablico. Hay un total de mil sesenta y ocho (1.068) personas positivas fallecidas en la provincia.<br><img decoding=\"async\" height=\"16\" width=\"16\" alt=\"&#x1f4cd;\" src=\"https:\/\/static.xx.fbcdn.net\/images\/emoji.php\/v9\/t2d\/1\/16\/1f4cd.png\">&nbsp;Se procesaron un total de seiscientas cincuenta y cinco (655) muestras el d\u00eda de hoy.<br><img decoding=\"async\" height=\"16\" width=\"16\" alt=\"&#x1f4cd;\" src=\"https:\/\/static.xx.fbcdn.net\/images\/emoji.php\/v9\/t2d\/1\/16\/1f4cd.png\">&nbsp;Se confirmaron catorce (14) casos . Capital y Banda (6) e interior de la provincia ( 8 ) distribuidos de la siguiente manera: Caspi Corral 1; La Ca\u00f1ada 1; La Reserva 2; Monte Quemado 2; Quimili 1; Termas 1<br><img decoding=\"async\" height=\"16\" width=\"16\" alt=\"&#x1f4cd;\" src=\"https:\/\/static.xx.fbcdn.net\/images\/emoji.php\/v9\/t2d\/1\/16\/1f4cd.png\">&nbsp;Permanecen activos doscientos setenta (270) casos en la provincia.<br><img decoding=\"async\" height=\"16\" width=\"16\" alt=\"&#x1f4cd;\" src=\"https:\/\/static.xx.fbcdn.net\/images\/emoji.php\/v9\/t2d\/1\/16\/1f4cd.png\">&nbsp;El total de casos positivos acumulados es de setenta y nueve mil ochocientos noventa y nueve (79.899)<br><img decoding=\"async\" height=\"16\" width=\"16\" alt=\"&#x1f4cd;\" src=\"https:\/\/static.xx.fbcdn.net\/images\/emoji.php\/v9\/t2d\/1\/16\/1f4cd.png\">&nbsp;Se descartaron seiscientos cuarenta y un (641) casos el d\u00eda de hoy, por lo que hay doscientos cincuenta y siete mil setecientos ochenta y siete (257.787) casos descartados a la fecha.<br><img decoding=\"async\" height=\"16\" width=\"16\" alt=\"&#x26a0;&#xfe0f;\" src=\"https:\/\/static.xx.fbcdn.net\/images\/emoji.php\/v9\/tdc\/1\/16\/26a0.png\">Importante: La diferencia de casos acumulados, y difundidos en el informe nacional, obedece a diferentes horarios de carga ya santiague\u00f1os que residen en otras provincias pero que no tienen realizado el cambio de domicilio legal en su DNI. Se ha solicitado el correspondiente pedido de reclasificaci\u00f3n de los casos excedentes cargados para nuestra provincia.<br><img decoding=\"async\" height=\"16\" width=\"16\" alt=\"&#x2705;\" src=\"https:\/\/static.xx.fbcdn.net\/images\/emoji.php\/v9\/t33\/1\/16\/2705.png\">&nbsp;Por disposici\u00f3n del COE, a partir del 1\u00ba septiembre del corriente a\u00f1o, TODAS las personas notificadas como positivas de COVID y sus contactos estrechos DEBEN realizando AISLAMIENTO SANITARIO OBLIGATORIO de 10 d\u00edas, (reduci\u00e9ndose de 14 a 10 d\u00edas) aunque no presenten s\u00edntomas e independientemente si fueron hisopados y su resultado fue no detectable (negativo).<br><img decoding=\"async\" height=\"16\" width=\"16\" alt=\"&#x2705;\" src=\"https:\/\/static.xx.fbcdn.net\/images\/emoji.php\/v9\/t33\/1\/16\/2705.png\">Durante el aislamiento sanitario las personas no pueden salir de su hogar ni recibir visitas y deben cumplir con las medidas de prevenci\u00f3n indicadas por las autoridades sanitarias.<br><img decoding=\"async\" height=\"16\" width=\"16\" alt=\"&#x2705;\" src=\"https:\/\/static.xx.fbcdn.net\/images\/emoji.php\/v9\/t33\/1\/16\/2705.png\">Ante la presencia de fiebre mayor o igual a 37,5 \u00b0 y s\u00edntomas respiratorios como tos, dolor de garganta, dificultad para respirar, adem\u00e1s de falta de gusto y olfato de reciente aparici\u00f3n, y tambi\u00e9n cefalea, diarrea y \/ o v\u00f3mitos o al haber estado en contacto con un caso confirmado, se insta a la poblaci\u00f3n a que haga un contacto de inmediato con el sistema de salud contact\u00e1ndose con su centro de salud m\u00e1s cercano o comunic\u00e1ndose al 107 y evite el contacto social<br><img decoding=\"async\" height=\"16\" width=\"16\" alt=\"&#x2705;\" src=\"https:\/\/static.xx.fbcdn.net\/images\/emoji.php\/v9\/t33\/1\/16\/2705.png\">Tambi\u00e9n se recuerda que se realiza el hisopado a los contactos estrechos de casos positivos que presenten s\u00edntomas o que tengan factores de riesgo (mayores de 60 a\u00f1os, embarazadas, inmunocomprometidos, enfermos oncol\u00f3gicos o dializados)<br><img decoding=\"async\" height=\"16\" width=\"16\" alt=\"&#x2705;\" src=\"https:\/\/static.xx.fbcdn.net\/images\/emoji.php\/v9\/t33\/1\/16\/2705.png\">Recordemos continuar respetando las medidas de distancia f\u00edsica, ventilar los ambientes y lavarnos frecuentemente las manos con agua y jab\u00f3n. Si necesitamos salir usemos el barbijo correctamente sin tocarlo ni tocarnos la cara.<br><img decoding=\"async\" height=\"16\" width=\"16\" alt=\"&#x2705;\" src=\"https:\/\/static.xx.fbcdn.net\/images\/emoji.php\/v9\/t33\/1\/16\/2705.png\">Respetar todos los protocolos vigentes y las actividades permitidas<br>La \u00fanica herramienta que tenemos es la prevenci\u00f3n.<\/p>\n","protected":false},"excerpt":{"rendered":"<p>El d\u00eda 28 de Septiembre del 2021 en la Provincia de Santiago del Estero:&nbsp;Se recuperaron seis (6) casos, por lo que son setenta y siete mil ciento veintinueve (77.129) los casos recuperados en la provincia.&nbsp;Se notific\u00f3 el fallecimiento de un hombre de 59 a\u00f1os con diagn\u00f3stico de COVID-19 activo, que estaba internado en el sector [&hellip;]<\/p>\n","protected":false},"author":4,"featured_media":2784,"comment_status":"open","ping_status":"open","sticky":false,"template":"","format":"standard","meta":{"footnotes":""},"categories":[10,2,17,1],"tags":[],"class_list":["post-2782","post","type-post","status-publish","format-standard","has-post-thumbnail","hentry","category-covid-19","category-noticias","category-reporte-diario","category-sin-categoria"],"aioseo_notices":[],"_links":{"self":[{"href":"https:\/\/msaludsgo.gov.ar\/web\/wp-json\/wp\/v2\/posts\/2782","targetHints":{"allow":["GET"]}}],"collection":[{"href":"https:\/\/msaludsgo.gov.ar\/web\/wp-json\/wp\/v2\/posts"}],"about":[{"href":"https:\/\/msaludsgo.gov.ar\/web\/wp-json\/wp\/v2\/types\/post"}],"author":[{"embeddable":true,"href":"https:\/\/msaludsgo.gov.ar\/web\/wp-json\/wp\/v2\/users\/4"}],"replies":[{"embeddable":true,"href":"https:\/\/msaludsgo.gov.ar\/web\/wp-json\/wp\/v2\/comments?post=2782"}],"version-history":[{"count":2,"href":"https:\/\/msaludsgo.gov.ar\/web\/wp-json\/wp\/v2\/posts\/2782\/revisions"}],"predecessor-version":[{"id":2789,"href":"https:\/\/msaludsgo.gov.ar\/web\/wp-json\/wp\/v2\/posts\/2782\/revisions\/2789"}],"wp:featuredmedia":[{"embeddable":true,"href":"https:\/\/msaludsgo.gov.ar\/web\/wp-json\/wp\/v2\/media\/2784"}],"wp:attachment":[{"href":"https:\/\/msaludsgo.gov.ar\/web\/wp-json\/wp\/v2\/media?parent=2782"}],"wp:term":[{"taxonomy":"category","embeddable":true,"href":"https:\/\/msaludsgo.gov.ar\/web\/wp-json\/wp\/v2\/categories?post=2782"},{"taxonomy":"post_tag","embeddable":true,"href":"https:\/\/msaludsgo.gov.ar\/web\/wp-json\/wp\/v2\/tags?post=2782"}],"curies":[{"name":"wp","href":"https:\/\/api.w.org\/{rel}","templated":true}]}}