{"id":27912,"date":"2025-10-02T22:45:23","date_gmt":"2025-10-02T22:45:23","guid":{"rendered":"https:\/\/msaludsgo.gov.ar\/web\/?p=27912"},"modified":"2025-10-02T23:02:33","modified_gmt":"2025-10-02T23:02:33","slug":"el-gobernador-zamora-inauguro-el-nuevo-edificio-del-hospital-de-sumampa","status":"publish","type":"post","link":"https:\/\/msaludsgo.gov.ar\/web\/el-gobernador-zamora-inauguro-el-nuevo-edificio-del-hospital-de-sumampa\/","title":{"rendered":"El Gobernador Zamora inaugur\u00f3 el nuevo edificio del Hospital de Sumampa"},"content":{"rendered":"\n<p><\/p>\n\n\n\n<p>El gobernador<strong>&nbsp;Gerardo Zamora<\/strong>&nbsp;inaugur\u00f3 este martes el nuevo edificio del&nbsp;<strong>Hospital Zonal \u201cDr. Schult Grau\u201d de Sumampa, departamento Quebrachos<\/strong>, como parte del fortalecimiento del sistema sanitario provincial. Adem\u00e1s, entreg\u00f3 viviendas sociales a familias de esta ciudad y de los parajes&nbsp;<strong>La Media Luna y San Francisco.<\/strong><\/p>\n\n\n\n<figure class=\"wp-block-image\"><img decoding=\"async\" src=\"https:\/\/sde.gob.ar\/wp-content\/uploads\/2025\/09\/IMG-20250930-WA0091-1024x681.jpg\" alt=\"\" class=\"wp-image-52630\"\/><\/figure>\n\n\n\n<p><br>Estuvieron tambi\u00e9n en el acto el vicegobernador&nbsp;<strong>Carlos Silva Neder<\/strong>; el jefe de Gabinete de Ministros,&nbsp;<strong>El\u00edas<\/strong>&nbsp;<strong>Su\u00e1rez<\/strong>; los ministros de Salud,&nbsp;<strong>Natividad<\/strong>&nbsp;<strong>Nassif<\/strong>; de Desarrollo Social,&nbsp;<strong>\u00c1ngel<\/strong>&nbsp;<strong>Niccolai<\/strong>, y de Obras P\u00fablicas,&nbsp;<strong>Aldo Hid<\/strong>; el secretario de Salud,&nbsp;<strong>Gustavo Sabalza<\/strong>; el intendente de Sumampa,&nbsp;<strong>Fernando<\/strong>&nbsp;<strong>Bernasconi<\/strong>; la directora del Hospital Zonal de Sumampa,&nbsp;<strong>Pamela Serrano<\/strong>; legisladores, intendentes y comisionados municipales de la regi\u00f3n, entre otras autoridades.<\/p>\n\n\n\n<figure class=\"wp-block-image\"><img decoding=\"async\" src=\"https:\/\/sde.gob.ar\/wp-content\/uploads\/2025\/09\/IMG-20250930-WA0089-1024x681.jpg\" alt=\"\" class=\"wp-image-52632\"\/><\/figure>\n\n\n\n<p><br>En primera instancia la comitiva&nbsp;<strong>entreg\u00f3 las llaves de las unidades habitacionales construidas por la municipalidad local con fondos de la provincia<\/strong>. El corte de cintas simb\u00f3lico se hizo en el domicilio de&nbsp;<strong>Claudia Fabiana Acu\u00f1a<\/strong>.<\/p>\n\n\n\n<p><br>En este lugar, el gobernador destac\u00f3 la importancia de este programa que ya lleva m\u00e1s de&nbsp;<strong>32 mil viviendas entregadas y remarc\u00f3: \u201cEsto implica una inversi\u00f3n del Gobierno provincial que tiene que ver con llegar a los sectores m\u00e1s vulnerables, sobre todo en cuesti\u00f3n habitaciona<\/strong>l, y poder tambi\u00e9n trabajar en la salud de la gente\u201d.<\/p>\n\n\n\n<p><br>Agreg\u00f3: \u201cDejamos inauguradas estas cinco viviendas con el compromiso de que se sigan construyendo m\u00e1s aqu\u00ed y en toda la provincia hasta que no quede ninguna familia santiague\u00f1a sin su techo digno\u201d.<\/p>\n\n\n\n<p><br>Luego, las autoridades se trasladaron a las instalaciones del moderno centro asistencial para realizar el corte de cintas y un recorrido por las instalaciones que cuenta con 4.490 metros cuadrados de superficie cubierta y est\u00e1 dise\u00f1ado para optimizar la atenci\u00f3n sanitaria regional.<\/p>\n\n\n\n<p><br>Dispone de&nbsp;<strong>21 camas de internaci\u00f3n, Unidad de Terapia Intensiva (UTI), Shock Room, quir\u00f3fano, servicios, de obstetricia; de esterilizaci\u00f3n, de 10 consultorios m\u00e9dicos, 1 consultorio odontol\u00f3gico, farmacia, enfermer\u00eda, laboratorios, un sector de guardia, triage, 6 camas para internaci\u00f3n abreviada; sala de Telesalud y \u00e1rea de Atenci\u00f3n Primaria de la Salud (APS).<\/strong><\/p>\n\n\n\n<figure class=\"wp-block-gallery has-nested-images columns-default is-cropped wp-block-gallery-1 is-layout-flex wp-block-gallery-is-layout-flex\">\n<figure class=\"wp-block-image size-large\"><img fetchpriority=\"high\" decoding=\"async\" width=\"1024\" height=\"768\" data-id=\"27928\" src=\"https:\/\/msaludsgo.gov.ar\/web\/wp-content\/uploads\/2025\/10\/558920515_1126193856368804_2595428151303663217_n-1024x768.jpg\" alt=\"\" class=\"wp-image-27928\" srcset=\"https:\/\/msaludsgo.gov.ar\/web\/wp-content\/uploads\/2025\/10\/558920515_1126193856368804_2595428151303663217_n-1024x768.jpg 1024w, https:\/\/msaludsgo.gov.ar\/web\/wp-content\/uploads\/2025\/10\/558920515_1126193856368804_2595428151303663217_n-300x225.jpg 300w, https:\/\/msaludsgo.gov.ar\/web\/wp-content\/uploads\/2025\/10\/558920515_1126193856368804_2595428151303663217_n-150x113.jpg 150w, https:\/\/msaludsgo.gov.ar\/web\/wp-content\/uploads\/2025\/10\/558920515_1126193856368804_2595428151303663217_n-768x576.jpg 768w, https:\/\/msaludsgo.gov.ar\/web\/wp-content\/uploads\/2025\/10\/558920515_1126193856368804_2595428151303663217_n-1536x1152.jpg 1536w, https:\/\/msaludsgo.gov.ar\/web\/wp-content\/uploads\/2025\/10\/558920515_1126193856368804_2595428151303663217_n-533x400.jpg 533w, https:\/\/msaludsgo.gov.ar\/web\/wp-content\/uploads\/2025\/10\/558920515_1126193856368804_2595428151303663217_n.jpg 1600w\" sizes=\"(max-width: 1024px) 100vw, 1024px\" \/><\/figure>\n\n\n\n<figure class=\"wp-block-image size-large\"><img decoding=\"async\" width=\"1024\" height=\"768\" data-id=\"27927\" src=\"https:\/\/msaludsgo.gov.ar\/web\/wp-content\/uploads\/2025\/10\/558269693_1126193746368815_9215223840940821041_n-1024x768.jpg\" alt=\"\" class=\"wp-image-27927\" srcset=\"https:\/\/msaludsgo.gov.ar\/web\/wp-content\/uploads\/2025\/10\/558269693_1126193746368815_9215223840940821041_n-1024x768.jpg 1024w, https:\/\/msaludsgo.gov.ar\/web\/wp-content\/uploads\/2025\/10\/558269693_1126193746368815_9215223840940821041_n-300x225.jpg 300w, https:\/\/msaludsgo.gov.ar\/web\/wp-content\/uploads\/2025\/10\/558269693_1126193746368815_9215223840940821041_n-150x113.jpg 150w, https:\/\/msaludsgo.gov.ar\/web\/wp-content\/uploads\/2025\/10\/558269693_1126193746368815_9215223840940821041_n-768x576.jpg 768w, https:\/\/msaludsgo.gov.ar\/web\/wp-content\/uploads\/2025\/10\/558269693_1126193746368815_9215223840940821041_n-1536x1152.jpg 1536w, https:\/\/msaludsgo.gov.ar\/web\/wp-content\/uploads\/2025\/10\/558269693_1126193746368815_9215223840940821041_n-533x400.jpg 533w, https:\/\/msaludsgo.gov.ar\/web\/wp-content\/uploads\/2025\/10\/558269693_1126193746368815_9215223840940821041_n.jpg 1600w\" sizes=\"(max-width: 1024px) 100vw, 1024px\" \/><\/figure>\n<\/figure>\n\n\n\n<p><br>Incluye un sector de diagn\u00f3stico por im\u00e1genes con Rayos X, laparoscopia, mamograf\u00eda y ecograf\u00eda, adem\u00e1s de salas t\u00e9cnicas e informes, asegurando cobertura diagn\u00f3stica integral.<\/p>\n\n\n\n<p><br>El hospital tambi\u00e9n cuenta con un Sal\u00f3n de Usos M\u00faltiples y una sala destinada a la capacitaci\u00f3n y formaci\u00f3n del personal.<br><\/p>\n\n\n\n<figure class=\"wp-block-gallery has-nested-images columns-default is-cropped wp-block-gallery-2 is-layout-flex wp-block-gallery-is-layout-flex\">\n<figure class=\"wp-block-image size-large\"><img decoding=\"async\" width=\"1024\" height=\"768\" data-id=\"27926\" src=\"https:\/\/msaludsgo.gov.ar\/web\/wp-content\/uploads\/2025\/10\/557638862_1126194066368783_6549673763456682628_n-1024x768.jpg\" alt=\"\" class=\"wp-image-27926\" srcset=\"https:\/\/msaludsgo.gov.ar\/web\/wp-content\/uploads\/2025\/10\/557638862_1126194066368783_6549673763456682628_n-1024x768.jpg 1024w, https:\/\/msaludsgo.gov.ar\/web\/wp-content\/uploads\/2025\/10\/557638862_1126194066368783_6549673763456682628_n-300x225.jpg 300w, https:\/\/msaludsgo.gov.ar\/web\/wp-content\/uploads\/2025\/10\/557638862_1126194066368783_6549673763456682628_n-150x113.jpg 150w, https:\/\/msaludsgo.gov.ar\/web\/wp-content\/uploads\/2025\/10\/557638862_1126194066368783_6549673763456682628_n-768x576.jpg 768w, https:\/\/msaludsgo.gov.ar\/web\/wp-content\/uploads\/2025\/10\/557638862_1126194066368783_6549673763456682628_n-533x400.jpg 533w, https:\/\/msaludsgo.gov.ar\/web\/wp-content\/uploads\/2025\/10\/557638862_1126194066368783_6549673763456682628_n.jpg 1340w\" sizes=\"(max-width: 1024px) 100vw, 1024px\" \/><\/figure>\n\n\n\n<figure class=\"wp-block-image size-large\"><img loading=\"lazy\" decoding=\"async\" width=\"1024\" height=\"768\" data-id=\"27925\" src=\"https:\/\/msaludsgo.gov.ar\/web\/wp-content\/uploads\/2025\/10\/557636598_1126193386368851_2019950107633631074_n-1024x768.jpg\" alt=\"\" class=\"wp-image-27925\" srcset=\"https:\/\/msaludsgo.gov.ar\/web\/wp-content\/uploads\/2025\/10\/557636598_1126193386368851_2019950107633631074_n-1024x768.jpg 1024w, https:\/\/msaludsgo.gov.ar\/web\/wp-content\/uploads\/2025\/10\/557636598_1126193386368851_2019950107633631074_n-300x225.jpg 300w, https:\/\/msaludsgo.gov.ar\/web\/wp-content\/uploads\/2025\/10\/557636598_1126193386368851_2019950107633631074_n-150x113.jpg 150w, https:\/\/msaludsgo.gov.ar\/web\/wp-content\/uploads\/2025\/10\/557636598_1126193386368851_2019950107633631074_n-768x576.jpg 768w, https:\/\/msaludsgo.gov.ar\/web\/wp-content\/uploads\/2025\/10\/557636598_1126193386368851_2019950107633631074_n-1536x1152.jpg 1536w, https:\/\/msaludsgo.gov.ar\/web\/wp-content\/uploads\/2025\/10\/557636598_1126193386368851_2019950107633631074_n-533x400.jpg 533w, https:\/\/msaludsgo.gov.ar\/web\/wp-content\/uploads\/2025\/10\/557636598_1126193386368851_2019950107633631074_n.jpg 1600w\" sizes=\"(max-width: 1024px) 100vw, 1024px\" \/><\/figure>\n<\/figure>\n\n\n\n<p><br>La hacer uso de la palabra, el gobernador Zamora destac\u00f3 la elevaci\u00f3n de categor\u00eda del hospital, de Distrital a Zonal. \u201cEra una deuda que ten\u00edamos pendiente y son seis hospitales iguales, de \u00faltima generaci\u00f3n, con equipamiento tecnol\u00f3gico con lo que estamos poniendo a punto todas las funciones de este hospital que son muchas y en 30 d\u00edas estar\u00e1 instalado el tom\u00f3grafo\u201d, indic\u00f3.<\/p>\n\n\n\n<p><br>Resalt\u00f3 tambi\u00e9n que con todas estas mejoras en materia de salud \u201cson casi 400 camas m\u00e1s en toda la provincia de todo tipo, desde internaci\u00f3n hasta terapia, sumando un total de 2 mil camas hospitalarias en toda la provincia, que nos coloca por arriba de lo que exige la OMS\u201d.<\/p>\n\n\n\n<p><br>En un p\u00e1rrafo aparte record\u00f3 al Dr. Cesar Monti y cont\u00f3 que fue \u00e9l quien inici\u00f3 este proceso de mejoras para los hospitales tras la pandemia, \u201cdonde nos dimos cuenta que era necesario tener m\u00e1s camas ya que tuvimos que montar hospitales de campa\u00f1a\u201d.<\/p>\n\n\n\n<figure class=\"wp-block-gallery has-nested-images columns-default is-cropped wp-block-gallery-3 is-layout-flex wp-block-gallery-is-layout-flex\">\n<figure class=\"wp-block-image size-large\"><img loading=\"lazy\" decoding=\"async\" width=\"1024\" height=\"768\" data-id=\"27924\" src=\"https:\/\/msaludsgo.gov.ar\/web\/wp-content\/uploads\/2025\/10\/557409383_1126194076368782_5603825121355631602_n-1024x768.jpg\" alt=\"\" class=\"wp-image-27924\" srcset=\"https:\/\/msaludsgo.gov.ar\/web\/wp-content\/uploads\/2025\/10\/557409383_1126194076368782_5603825121355631602_n-1024x768.jpg 1024w, https:\/\/msaludsgo.gov.ar\/web\/wp-content\/uploads\/2025\/10\/557409383_1126194076368782_5603825121355631602_n-300x225.jpg 300w, https:\/\/msaludsgo.gov.ar\/web\/wp-content\/uploads\/2025\/10\/557409383_1126194076368782_5603825121355631602_n-150x113.jpg 150w, https:\/\/msaludsgo.gov.ar\/web\/wp-content\/uploads\/2025\/10\/557409383_1126194076368782_5603825121355631602_n-768x576.jpg 768w, https:\/\/msaludsgo.gov.ar\/web\/wp-content\/uploads\/2025\/10\/557409383_1126194076368782_5603825121355631602_n-533x400.jpg 533w, https:\/\/msaludsgo.gov.ar\/web\/wp-content\/uploads\/2025\/10\/557409383_1126194076368782_5603825121355631602_n.jpg 1249w\" sizes=\"(max-width: 1024px) 100vw, 1024px\" \/><\/figure>\n\n\n\n<figure class=\"wp-block-image size-large\"><img loading=\"lazy\" decoding=\"async\" width=\"1024\" height=\"768\" data-id=\"27923\" src=\"https:\/\/msaludsgo.gov.ar\/web\/wp-content\/uploads\/2025\/10\/556859688_1126193366368853_865871183665341856_n-1024x768.jpg\" alt=\"\" class=\"wp-image-27923\" srcset=\"https:\/\/msaludsgo.gov.ar\/web\/wp-content\/uploads\/2025\/10\/556859688_1126193366368853_865871183665341856_n-1024x768.jpg 1024w, https:\/\/msaludsgo.gov.ar\/web\/wp-content\/uploads\/2025\/10\/556859688_1126193366368853_865871183665341856_n-300x225.jpg 300w, https:\/\/msaludsgo.gov.ar\/web\/wp-content\/uploads\/2025\/10\/556859688_1126193366368853_865871183665341856_n-150x113.jpg 150w, https:\/\/msaludsgo.gov.ar\/web\/wp-content\/uploads\/2025\/10\/556859688_1126193366368853_865871183665341856_n-768x576.jpg 768w, https:\/\/msaludsgo.gov.ar\/web\/wp-content\/uploads\/2025\/10\/556859688_1126193366368853_865871183665341856_n-533x400.jpg 533w, https:\/\/msaludsgo.gov.ar\/web\/wp-content\/uploads\/2025\/10\/556859688_1126193366368853_865871183665341856_n.jpg 1280w\" sizes=\"(max-width: 1024px) 100vw, 1024px\" \/><\/figure>\n<\/figure>\n\n\n\n<p><br>En lo que respecta a las obras que se ejecutan en toda la provincia asegur\u00f3: \u201cEl verdadero contenido lo dan las personas y esto tiene que ver con todo un proceso en materia de salud que no es s\u00f3lo equipamiento tecnol\u00f3gico de punta, sino los recursos humanos y quienes vendr\u00e1n aqu\u00ed y este hospital es lo que se merece esta ciudad\u201d.<\/p>\n\n\n\n<p><br>Tambi\u00e9n, destac\u00f3 la creaci\u00f3n de la carrera de Medicina en la Unse, que dio a j\u00f3venes santiague\u00f1os la posibilidad de estudiar en su tierra, \u201ccon una infraestructura que tiene la mejor sala de simulaci\u00f3n del pa\u00eds\u201d. Tambi\u00e9n anunci\u00f3: \u201cPr\u00f3ximamente tendremos el quinto hospital de cl\u00ednicas del pa\u00eds, hecho con fondos santiague\u00f1os\u201d, y expres\u00f3 su satisfacci\u00f3n porque ya hay egresados de la Facultad de Medicina trabajando en el Hospital de Fern\u00e1ndez y adelant\u00f3 que dos egresados se incorporar\u00e1n al sistema de salud en Sumampa.<\/p>\n\n\n\n<p><br>En la parte final destac\u00f3 el crecimiento sostenido que ha tenido la provincia y expres\u00f3: \u201cEl Estado es el que equipara y nosotros hemos trabajado para lograr el desarrollo y somos una provincia que exporta y traemos m\u00e1s d\u00f3lares al pa\u00eds que lo que gastamos. Es decir, somos la sexta provincia con balanza comercial positiva en d\u00f3lares. Eso es Santiago del Estero, producto del trabajo, del esfuerzo de la organizaci\u00f3n y tambi\u00e9n de la infraestructura de la obra p\u00fablica\u201d.<\/p>\n\n\n\n<p><br>\u201cTenemos que seguir construyendo un Santiago del Estero con desarrollo, con progreso, pero con posibilidades para todos\u201d, concluy\u00f3.<\/p>\n","protected":false},"excerpt":{"rendered":"<p>El gobernador&nbsp;Gerardo Zamora&nbsp;inaugur\u00f3 este martes el nuevo edificio del&nbsp;Hospital Zonal \u201cDr. Schult Grau\u201d de Sumampa, departamento Quebrachos, como parte del fortalecimiento del sistema sanitario provincial. Adem\u00e1s, entreg\u00f3 viviendas sociales a familias de esta ciudad y de los parajes&nbsp;La Media Luna y San Francisco. Estuvieron tambi\u00e9n en el acto el vicegobernador&nbsp;Carlos Silva Neder; el jefe de [&hellip;]<\/p>\n","protected":false},"author":5,"featured_media":27922,"comment_status":"open","ping_status":"open","sticky":false,"template":"","format":"standard","meta":{"footnotes":""},"categories":[2,3,1],"tags":[],"class_list":["post-27912","post","type-post","status-publish","format-standard","has-post-thumbnail","hentry","category-noticias","category-novedades","category-sin-categoria"],"aioseo_notices":[],"_links":{"self":[{"href":"https:\/\/msaludsgo.gov.ar\/web\/wp-json\/wp\/v2\/posts\/27912","targetHints":{"allow":["GET"]}}],"collection":[{"href":"https:\/\/msaludsgo.gov.ar\/web\/wp-json\/wp\/v2\/posts"}],"about":[{"href":"https:\/\/msaludsgo.gov.ar\/web\/wp-json\/wp\/v2\/types\/post"}],"author":[{"embeddable":true,"href":"https:\/\/msaludsgo.gov.ar\/web\/wp-json\/wp\/v2\/users\/5"}],"replies":[{"embeddable":true,"href":"https:\/\/msaludsgo.gov.ar\/web\/wp-json\/wp\/v2\/comments?post=27912"}],"version-history":[{"count":2,"href":"https:\/\/msaludsgo.gov.ar\/web\/wp-json\/wp\/v2\/posts\/27912\/revisions"}],"predecessor-version":[{"id":27931,"href":"https:\/\/msaludsgo.gov.ar\/web\/wp-json\/wp\/v2\/posts\/27912\/revisions\/27931"}],"wp:featuredmedia":[{"embeddable":true,"href":"https:\/\/msaludsgo.gov.ar\/web\/wp-json\/wp\/v2\/media\/27922"}],"wp:attachment":[{"href":"https:\/\/msaludsgo.gov.ar\/web\/wp-json\/wp\/v2\/media?parent=27912"}],"wp:term":[{"taxonomy":"category","embeddable":true,"href":"https:\/\/msaludsgo.gov.ar\/web\/wp-json\/wp\/v2\/categories?post=27912"},{"taxonomy":"post_tag","embeddable":true,"href":"https:\/\/msaludsgo.gov.ar\/web\/wp-json\/wp\/v2\/tags?post=27912"}],"curies":[{"name":"wp","href":"https:\/\/api.w.org\/{rel}","templated":true}]}}