{"id":3071,"date":"2021-10-19T16:05:35","date_gmt":"2021-10-19T16:05:35","guid":{"rendered":"https:\/\/msaludsgo.gov.ar\/web\/?p=3071"},"modified":"2021-10-19T16:05:35","modified_gmt":"2021-10-19T16:05:35","slug":"vacunacion-de-ninos-y-ninas-de-3-a-11-anos-en-el-interior-de-la-provincia","status":"publish","type":"post","link":"https:\/\/msaludsgo.gov.ar\/web\/vacunacion-de-ninos-y-ninas-de-3-a-11-anos-en-el-interior-de-la-provincia\/","title":{"rendered":"Vacunaci\u00f3n de ni\u00f1os y ni\u00f1as de 3 a 11 a\u00f1os en el Interior de la Provincia"},"content":{"rendered":"\n<p class=\"wp-block-paragraph\">El Ministerio de Salud de Santiago del Estero anuncia el cronograma de vacunaci\u00f3n en ni\u00f1as y ni\u00f1os de 3 a 11 a\u00f1os en diferentes localidades del Interior de la Provincia. La vacunaci\u00f3n se efectuar\u00e1 el d\u00eda Martes 19 de octubre.<\/p>\n\n\n\n<p class=\"wp-block-paragraph\">Termas de Rio Hondo :<\/p>\n\n\n\n<p class=\"wp-block-paragraph\">\u2022ESCUELA VAS HUTU<\/p>\n\n\n\n<p class=\"wp-block-paragraph\">\u2022JARD\u00cdN URIARTE<\/p>\n\n\n\n<p class=\"wp-block-paragraph\">\u2022JARD\u00cdN ESTRELLITA<\/p>\n\n\n\n<p class=\"wp-block-paragraph\">\u2022ESCUELA MARIANO MORENO<\/p>\n\n\n\n<p class=\"wp-block-paragraph\">\u2022JARD\u00cdN MI ESQUINA<\/p>\n\n\n\n<p class=\"wp-block-paragraph\">\u2022ESCUELA IRIARTE<\/p>\n\n\n\n<p class=\"wp-block-paragraph\">\u2022JARD\u00cdN HUAHITAS<\/p>\n\n\n\n<p class=\"wp-block-paragraph\">\u2022ESCUELA 673<\/p>\n\n\n\n<p class=\"wp-block-paragraph\">\u2022ESCUELA 607<\/p>\n\n\n\n<p class=\"has-white-color has-text-color wp-block-paragraph\">F<\/p>\n\n\n\n<p class=\"wp-block-paragraph\">Tambi\u00e9n se vacunar\u00e1 en el las siguientes localidades:<\/p>\n\n\n\n<p class=\"wp-block-paragraph\">\u2022VILLA JIMENEZ<\/p>\n\n\n\n<p class=\"wp-block-paragraph\">\u2022LOS MIRANDA<\/p>\n\n\n\n<p class=\"wp-block-paragraph\">\u2022LOS OVEJERO<\/p>\n\n\n\n<p class=\"wp-block-paragraph\">\u2022SAUZAL<\/p>\n","protected":false},"excerpt":{"rendered":"<p>El Ministerio de Salud de Santiago del Estero anuncia el cronograma de vacunaci\u00f3n en ni\u00f1as y ni\u00f1os de 3 a 11 a\u00f1os en diferentes localidades del Interior de la Provincia. La vacunaci\u00f3n se efectuar\u00e1 el d\u00eda Martes 19 de octubre. Termas de Rio Hondo : \u2022ESCUELA VAS HUTU \u2022JARD\u00cdN URIARTE \u2022JARD\u00cdN ESTRELLITA \u2022ESCUELA MARIANO MORENO [&hellip;]<\/p>\n","protected":false},"author":3,"featured_media":3072,"comment_status":"open","ping_status":"open","sticky":false,"template":"","format":"standard","meta":{"footnotes":""},"categories":[10,15,2,3],"tags":[],"class_list":["post-3071","post","type-post","status-publish","format-standard","has-post-thumbnail","hentry","category-covid-19","category-grupos-vacunacion","category-noticias","category-novedades"],"aioseo_notices":[],"_links":{"self":[{"href":"https:\/\/msaludsgo.gov.ar\/web\/wp-json\/wp\/v2\/posts\/3071","targetHints":{"allow":["GET"]}}],"collection":[{"href":"https:\/\/msaludsgo.gov.ar\/web\/wp-json\/wp\/v2\/posts"}],"about":[{"href":"https:\/\/msaludsgo.gov.ar\/web\/wp-json\/wp\/v2\/types\/post"}],"author":[{"embeddable":true,"href":"https:\/\/msaludsgo.gov.ar\/web\/wp-json\/wp\/v2\/users\/3"}],"replies":[{"embeddable":true,"href":"https:\/\/msaludsgo.gov.ar\/web\/wp-json\/wp\/v2\/comments?post=3071"}],"version-history":[{"count":1,"href":"https:\/\/msaludsgo.gov.ar\/web\/wp-json\/wp\/v2\/posts\/3071\/revisions"}],"predecessor-version":[{"id":3073,"href":"https:\/\/msaludsgo.gov.ar\/web\/wp-json\/wp\/v2\/posts\/3071\/revisions\/3073"}],"wp:featuredmedia":[{"embeddable":true,"href":"https:\/\/msaludsgo.gov.ar\/web\/wp-json\/wp\/v2\/media\/3072"}],"wp:attachment":[{"href":"https:\/\/msaludsgo.gov.ar\/web\/wp-json\/wp\/v2\/media?parent=3071"}],"wp:term":[{"taxonomy":"category","embeddable":true,"href":"https:\/\/msaludsgo.gov.ar\/web\/wp-json\/wp\/v2\/categories?post=3071"},{"taxonomy":"post_tag","embeddable":true,"href":"https:\/\/msaludsgo.gov.ar\/web\/wp-json\/wp\/v2\/tags?post=3071"}],"curies":[{"name":"wp","href":"https:\/\/api.w.org\/{rel}","templated":true}]}}