{"id":31082,"date":"2026-03-11T17:16:39","date_gmt":"2026-03-11T17:16:39","guid":{"rendered":"https:\/\/msaludsgo.gov.ar\/web\/?p=31082"},"modified":"2026-03-11T17:23:18","modified_gmt":"2026-03-11T17:23:18","slug":"se-lanzo-la-campana-de-vacunacion-antigripal-2026-en-la-provincia","status":"publish","type":"post","link":"https:\/\/msaludsgo.gov.ar\/web\/se-lanzo-la-campana-de-vacunacion-antigripal-2026-en-la-provincia\/","title":{"rendered":"Se lanz\u00f3 la Campa\u00f1a de Vacunaci\u00f3n Antigripal 2026 en la provincia"},"content":{"rendered":"\n<p>El Ministerio de Salud de Santiago del Estero, junto al Ministerio de Desarrollo Social, lanz\u00f3 oficialmente la <strong>Vacunaci\u00f3n Antigripal 2026<\/strong>, con el objetivo de proteger a la poblaci\u00f3n m\u00e1s vulnerable frente al virus de la influenza y reducir las complicaciones, internaciones y muertes asociadas a la gripe.<\/p>\n\n\n\n<figure class=\"wp-block-image size-large\"><img fetchpriority=\"high\" decoding=\"async\" width=\"1024\" height=\"682\" src=\"https:\/\/msaludsgo.gov.ar\/web\/wp-content\/uploads\/2026\/03\/WhatsApp-Image-2026-03-11-at-13.43.42-1-1024x682.jpeg\" alt=\"\" class=\"wp-image-31086\" srcset=\"https:\/\/msaludsgo.gov.ar\/web\/wp-content\/uploads\/2026\/03\/WhatsApp-Image-2026-03-11-at-13.43.42-1-1024x682.jpeg 1024w, https:\/\/msaludsgo.gov.ar\/web\/wp-content\/uploads\/2026\/03\/WhatsApp-Image-2026-03-11-at-13.43.42-1-300x200.jpeg 300w, https:\/\/msaludsgo.gov.ar\/web\/wp-content\/uploads\/2026\/03\/WhatsApp-Image-2026-03-11-at-13.43.42-1-150x100.jpeg 150w, https:\/\/msaludsgo.gov.ar\/web\/wp-content\/uploads\/2026\/03\/WhatsApp-Image-2026-03-11-at-13.43.42-1-768x512.jpeg 768w, https:\/\/msaludsgo.gov.ar\/web\/wp-content\/uploads\/2026\/03\/WhatsApp-Image-2026-03-11-at-13.43.42-1-1536x1023.jpeg 1536w, https:\/\/msaludsgo.gov.ar\/web\/wp-content\/uploads\/2026\/03\/WhatsApp-Image-2026-03-11-at-13.43.42-1-600x400.jpeg 600w, https:\/\/msaludsgo.gov.ar\/web\/wp-content\/uploads\/2026\/03\/WhatsApp-Image-2026-03-11-at-13.43.42-1.jpeg 1600w\" sizes=\"(max-width: 1024px) 100vw, 1024px\" \/><\/figure>\n\n\n\n<p>El acto de lanzamiento se realiz\u00f3 en la <strong>Residencia de Larga Estad\u00eda para Adultos Mayores \u201cMama Antula\u201d<\/strong>, en la ciudad de La Banda, donde se desarroll\u00f3 un operativo de vacunaci\u00f3n destinado a residentes y personal de la instituci\u00f3n.<\/p>\n\n\n\n<figure class=\"wp-block-image size-large\"><img decoding=\"async\" width=\"1024\" height=\"682\" src=\"https:\/\/msaludsgo.gov.ar\/web\/wp-content\/uploads\/2026\/03\/WhatsApp-Image-2026-03-11-at-13.52.08-1024x682.jpeg\" alt=\"\" class=\"wp-image-31084\" srcset=\"https:\/\/msaludsgo.gov.ar\/web\/wp-content\/uploads\/2026\/03\/WhatsApp-Image-2026-03-11-at-13.52.08-1024x682.jpeg 1024w, https:\/\/msaludsgo.gov.ar\/web\/wp-content\/uploads\/2026\/03\/WhatsApp-Image-2026-03-11-at-13.52.08-300x200.jpeg 300w, https:\/\/msaludsgo.gov.ar\/web\/wp-content\/uploads\/2026\/03\/WhatsApp-Image-2026-03-11-at-13.52.08-150x100.jpeg 150w, https:\/\/msaludsgo.gov.ar\/web\/wp-content\/uploads\/2026\/03\/WhatsApp-Image-2026-03-11-at-13.52.08-768x512.jpeg 768w, https:\/\/msaludsgo.gov.ar\/web\/wp-content\/uploads\/2026\/03\/WhatsApp-Image-2026-03-11-at-13.52.08-1536x1023.jpeg 1536w, https:\/\/msaludsgo.gov.ar\/web\/wp-content\/uploads\/2026\/03\/WhatsApp-Image-2026-03-11-at-13.52.08-600x400.jpeg 600w, https:\/\/msaludsgo.gov.ar\/web\/wp-content\/uploads\/2026\/03\/WhatsApp-Image-2026-03-11-at-13.52.08.jpeg 1600w\" sizes=\"(max-width: 1024px) 100vw, 1024px\" \/><\/figure>\n\n\n\n<p>La actividad cont\u00f3 con la presencia de la <strong>ministra de Salud, Lic. Natividad Nassif<\/strong>, el <strong>ministro de Desarrollo Social, Dr. \u00c1ngel Niccolai<\/strong>, el <strong>secretario de Salud, Dr. Gustavo Sabalza<\/strong>, el <strong>secretario de Desarrollo Social, Lic. Ramiro Banco<\/strong>, la <strong>jefa del Programa de Inmunizaciones, Dra. Florencia Coronel<\/strong>, la <strong>directora de Atenci\u00f3n Primaria de la Salud, Dra. Martha Tarchini<\/strong>, la <strong>directora de la Residencia Mama Antula, Luc\u00eda Witte<\/strong>, entre otros funcionarios y equipos de salud.<\/p>\n\n\n\n<p>Durante el lanzamiento, la ministra de Salud, <strong>Natividad Nassif<\/strong>, destac\u00f3 la importancia de iniciar la campa\u00f1a de manera anticipada y record\u00f3 que la vacuna \u201csalva vidas y forma parte del Calendario Nacional de Vacunaci\u00f3n, es obligatoria y gratuita para los grupos priorizados\u201d. Adem\u00e1s, record\u00f3 que est\u00e1 indicada para ni\u00f1os y ni\u00f1as entre 6 y 24 meses, personal de salud, personas mayores de 65 a\u00f1os, embarazadas y pu\u00e9rperas hasta 10 d\u00edas posteriores al parto si no fueron vacunadas durante el embarazo. Tambi\u00e9n para personas de 2 a 64 a\u00f1os con factores de riesgo. La vacuna est\u00e1 disponible en hospitales p\u00fablicos, centros de salud y vacunatorios, y puede aplicarse de manera simult\u00e1nea con otras vacunas\u201d, explic\u00f3.<\/p>\n\n\n\n<figure class=\"wp-block-image size-large\"><img decoding=\"async\" width=\"1024\" height=\"683\" src=\"https:\/\/msaludsgo.gov.ar\/web\/wp-content\/uploads\/2026\/03\/WhatsApp-Image-2026-03-11-at-13.55.17-1024x683.jpeg\" alt=\"\" class=\"wp-image-31083\" srcset=\"https:\/\/msaludsgo.gov.ar\/web\/wp-content\/uploads\/2026\/03\/WhatsApp-Image-2026-03-11-at-13.55.17-1024x683.jpeg 1024w, https:\/\/msaludsgo.gov.ar\/web\/wp-content\/uploads\/2026\/03\/WhatsApp-Image-2026-03-11-at-13.55.17-300x200.jpeg 300w, https:\/\/msaludsgo.gov.ar\/web\/wp-content\/uploads\/2026\/03\/WhatsApp-Image-2026-03-11-at-13.55.17-150x100.jpeg 150w, https:\/\/msaludsgo.gov.ar\/web\/wp-content\/uploads\/2026\/03\/WhatsApp-Image-2026-03-11-at-13.55.17-768x512.jpeg 768w, https:\/\/msaludsgo.gov.ar\/web\/wp-content\/uploads\/2026\/03\/WhatsApp-Image-2026-03-11-at-13.55.17-600x400.jpeg 600w, https:\/\/msaludsgo.gov.ar\/web\/wp-content\/uploads\/2026\/03\/WhatsApp-Image-2026-03-11-at-13.55.17.jpeg 1387w\" sizes=\"(max-width: 1024px) 100vw, 1024px\" \/><\/figure>\n\n\n\n<p>En este sentido, la <strong>Dra. Florencia Coronel <\/strong>destac\u00f3 que \u201ces fundamental garantizar mayor inmunidad en aquellos grupos que pueden desarrollar complicaciones o cuadros m\u00e1s graves, y as\u00ed reducir el impacto de la enfermedad\u201d y se\u00f1al\u00f3 que la vacuna protege contra la variante del virus H3N2 que circul\u00f3 en el hemisferio norte.<\/p>\n\n\n\n<p>Coronel tambi\u00e9n record\u00f3 que, adem\u00e1s de la vacunaci\u00f3n, es importante sostener otras medidas preventivas como el lavado frecuente de manos, la ventilaci\u00f3n de ambientes, evitar fumar, utilizar barbijo si se presentan s\u00edntomas respiratorios y consultar al m\u00e9dico ante signos de enfermedad.<\/p>\n\n\n\n<p>Por su parte, la<strong> Dra. Martha Tarchini<\/strong>, remarc\u00f3 el trabajo territorial de los equipos sanitarios para garantizar el acceso a la vacuna en toda la provincia. \u201cLa vacunaci\u00f3n no solo se realizar\u00e1 en Capital y La Banda, sino tambi\u00e9n en todo el interior,\u00a0 donde adem\u00e1s se desplegar\u00e1n estrategias territoriales con agentes sanitarios y enfermeros para acercar la vacunaci\u00f3n a aquellas personas que tienen dificultades para trasladarse\u201d, explic\u00f3.<\/p>\n\n\n\n<figure class=\"wp-block-gallery has-nested-images columns-default is-cropped wp-block-gallery-1 is-layout-flex wp-block-gallery-is-layout-flex\">\n<figure class=\"wp-block-image size-large\"><img loading=\"lazy\" decoding=\"async\" width=\"688\" height=\"917\" data-id=\"31088\" src=\"https:\/\/msaludsgo.gov.ar\/web\/wp-content\/uploads\/2026\/03\/WhatsApp-Image-2026-03-11-at-13.43.43-3.jpeg\" alt=\"\" class=\"wp-image-31088\" srcset=\"https:\/\/msaludsgo.gov.ar\/web\/wp-content\/uploads\/2026\/03\/WhatsApp-Image-2026-03-11-at-13.43.43-3.jpeg 688w, https:\/\/msaludsgo.gov.ar\/web\/wp-content\/uploads\/2026\/03\/WhatsApp-Image-2026-03-11-at-13.43.43-3-225x300.jpeg 225w, https:\/\/msaludsgo.gov.ar\/web\/wp-content\/uploads\/2026\/03\/WhatsApp-Image-2026-03-11-at-13.43.43-3-113x150.jpeg 113w, https:\/\/msaludsgo.gov.ar\/web\/wp-content\/uploads\/2026\/03\/WhatsApp-Image-2026-03-11-at-13.43.43-3-300x400.jpeg 300w\" sizes=\"(max-width: 688px) 100vw, 688px\" \/><\/figure>\n\n\n\n<figure class=\"wp-block-image size-large\"><img loading=\"lazy\" decoding=\"async\" width=\"767\" height=\"1024\" data-id=\"31089\" src=\"https:\/\/msaludsgo.gov.ar\/web\/wp-content\/uploads\/2026\/03\/WhatsApp-Image-2026-03-11-at-13.43.43-2-767x1024.jpeg\" alt=\"\" class=\"wp-image-31089\" srcset=\"https:\/\/msaludsgo.gov.ar\/web\/wp-content\/uploads\/2026\/03\/WhatsApp-Image-2026-03-11-at-13.43.43-2-767x1024.jpeg 767w, https:\/\/msaludsgo.gov.ar\/web\/wp-content\/uploads\/2026\/03\/WhatsApp-Image-2026-03-11-at-13.43.43-2-225x300.jpeg 225w, https:\/\/msaludsgo.gov.ar\/web\/wp-content\/uploads\/2026\/03\/WhatsApp-Image-2026-03-11-at-13.43.43-2-112x150.jpeg 112w, https:\/\/msaludsgo.gov.ar\/web\/wp-content\/uploads\/2026\/03\/WhatsApp-Image-2026-03-11-at-13.43.43-2-768x1025.jpeg 768w, https:\/\/msaludsgo.gov.ar\/web\/wp-content\/uploads\/2026\/03\/WhatsApp-Image-2026-03-11-at-13.43.43-2-1151x1536.jpeg 1151w, https:\/\/msaludsgo.gov.ar\/web\/wp-content\/uploads\/2026\/03\/WhatsApp-Image-2026-03-11-at-13.43.43-2-300x400.jpeg 300w, https:\/\/msaludsgo.gov.ar\/web\/wp-content\/uploads\/2026\/03\/WhatsApp-Image-2026-03-11-at-13.43.43-2.jpeg 1199w\" sizes=\"(max-width: 767px) 100vw, 767px\" \/><\/figure>\n<\/figure>\n\n\n\n<p>A su turno, el <strong>secretario de Salud, Dr. Gustavo Sabalza<\/strong>, destac\u00f3 el valor de la vacunaci\u00f3n como herramienta de prevenci\u00f3n y cuidado colectivo. \u201cCuando una persona se vacuna no solo se protege a s\u00ed misma, sino tambi\u00e9n a su familia y a toda la comunidad. Por eso es un acto de responsabilidad y tambi\u00e9n un acto de amor\u201d, expres\u00f3.<\/p>\n\n\n\n<figure class=\"wp-block-image size-large\"><img loading=\"lazy\" decoding=\"async\" width=\"1024\" height=\"682\" src=\"https:\/\/msaludsgo.gov.ar\/web\/wp-content\/uploads\/2026\/03\/WhatsApp-Image-2026-03-11-at-13.43.43-1024x682.jpeg\" alt=\"\" class=\"wp-image-31087\" srcset=\"https:\/\/msaludsgo.gov.ar\/web\/wp-content\/uploads\/2026\/03\/WhatsApp-Image-2026-03-11-at-13.43.43-1024x682.jpeg 1024w, https:\/\/msaludsgo.gov.ar\/web\/wp-content\/uploads\/2026\/03\/WhatsApp-Image-2026-03-11-at-13.43.43-300x200.jpeg 300w, https:\/\/msaludsgo.gov.ar\/web\/wp-content\/uploads\/2026\/03\/WhatsApp-Image-2026-03-11-at-13.43.43-150x100.jpeg 150w, https:\/\/msaludsgo.gov.ar\/web\/wp-content\/uploads\/2026\/03\/WhatsApp-Image-2026-03-11-at-13.43.43-768x512.jpeg 768w, https:\/\/msaludsgo.gov.ar\/web\/wp-content\/uploads\/2026\/03\/WhatsApp-Image-2026-03-11-at-13.43.43-1536x1023.jpeg 1536w, https:\/\/msaludsgo.gov.ar\/web\/wp-content\/uploads\/2026\/03\/WhatsApp-Image-2026-03-11-at-13.43.43-600x400.jpeg 600w, https:\/\/msaludsgo.gov.ar\/web\/wp-content\/uploads\/2026\/03\/WhatsApp-Image-2026-03-11-at-13.43.43.jpeg 1600w\" sizes=\"(max-width: 1024px) 100vw, 1024px\" \/><\/figure>\n\n\n\n<figure class=\"wp-block-gallery has-nested-images columns-1 is-cropped wp-block-gallery-2 is-layout-flex wp-block-gallery-is-layout-flex\">\n<figure class=\"wp-block-image size-large\"><img loading=\"lazy\" decoding=\"async\" width=\"1024\" height=\"682\" data-id=\"31091\" src=\"https:\/\/msaludsgo.gov.ar\/web\/wp-content\/uploads\/2026\/03\/WhatsApp-Image-2026-03-11-at-13.59.15-1024x682.jpeg\" alt=\"\" class=\"wp-image-31091\" srcset=\"https:\/\/msaludsgo.gov.ar\/web\/wp-content\/uploads\/2026\/03\/WhatsApp-Image-2026-03-11-at-13.59.15-1024x682.jpeg 1024w, https:\/\/msaludsgo.gov.ar\/web\/wp-content\/uploads\/2026\/03\/WhatsApp-Image-2026-03-11-at-13.59.15-300x200.jpeg 300w, https:\/\/msaludsgo.gov.ar\/web\/wp-content\/uploads\/2026\/03\/WhatsApp-Image-2026-03-11-at-13.59.15-150x100.jpeg 150w, https:\/\/msaludsgo.gov.ar\/web\/wp-content\/uploads\/2026\/03\/WhatsApp-Image-2026-03-11-at-13.59.15-768x512.jpeg 768w, https:\/\/msaludsgo.gov.ar\/web\/wp-content\/uploads\/2026\/03\/WhatsApp-Image-2026-03-11-at-13.59.15-1536x1023.jpeg 1536w, https:\/\/msaludsgo.gov.ar\/web\/wp-content\/uploads\/2026\/03\/WhatsApp-Image-2026-03-11-at-13.59.15-600x400.jpeg 600w, https:\/\/msaludsgo.gov.ar\/web\/wp-content\/uploads\/2026\/03\/WhatsApp-Image-2026-03-11-at-13.59.15.jpeg 1600w\" sizes=\"(max-width: 1024px) 100vw, 1024px\" \/><\/figure>\n\n\n\n<figure class=\"wp-block-image size-large\"><img loading=\"lazy\" decoding=\"async\" width=\"1024\" height=\"682\" data-id=\"31092\" src=\"https:\/\/msaludsgo.gov.ar\/web\/wp-content\/uploads\/2026\/03\/WhatsApp-Image-2026-03-11-at-13.48.26-1024x682.jpeg\" alt=\"\" class=\"wp-image-31092\" srcset=\"https:\/\/msaludsgo.gov.ar\/web\/wp-content\/uploads\/2026\/03\/WhatsApp-Image-2026-03-11-at-13.48.26-1024x682.jpeg 1024w, https:\/\/msaludsgo.gov.ar\/web\/wp-content\/uploads\/2026\/03\/WhatsApp-Image-2026-03-11-at-13.48.26-300x200.jpeg 300w, https:\/\/msaludsgo.gov.ar\/web\/wp-content\/uploads\/2026\/03\/WhatsApp-Image-2026-03-11-at-13.48.26-150x100.jpeg 150w, https:\/\/msaludsgo.gov.ar\/web\/wp-content\/uploads\/2026\/03\/WhatsApp-Image-2026-03-11-at-13.48.26-768x512.jpeg 768w, https:\/\/msaludsgo.gov.ar\/web\/wp-content\/uploads\/2026\/03\/WhatsApp-Image-2026-03-11-at-13.48.26-1536x1023.jpeg 1536w, https:\/\/msaludsgo.gov.ar\/web\/wp-content\/uploads\/2026\/03\/WhatsApp-Image-2026-03-11-at-13.48.26-600x400.jpeg 600w, https:\/\/msaludsgo.gov.ar\/web\/wp-content\/uploads\/2026\/03\/WhatsApp-Image-2026-03-11-at-13.48.26.jpeg 1600w\" sizes=\"(max-width: 1024px) 100vw, 1024px\" \/><\/figure>\n\n\n\n<figure class=\"wp-block-image size-large\"><img loading=\"lazy\" decoding=\"async\" width=\"1024\" height=\"682\" data-id=\"31090\" src=\"https:\/\/msaludsgo.gov.ar\/web\/wp-content\/uploads\/2026\/03\/WhatsApp-Image-2026-03-11-at-13.46.40-1024x682.jpeg\" alt=\"\" class=\"wp-image-31090\" srcset=\"https:\/\/msaludsgo.gov.ar\/web\/wp-content\/uploads\/2026\/03\/WhatsApp-Image-2026-03-11-at-13.46.40-1024x682.jpeg 1024w, https:\/\/msaludsgo.gov.ar\/web\/wp-content\/uploads\/2026\/03\/WhatsApp-Image-2026-03-11-at-13.46.40-300x200.jpeg 300w, https:\/\/msaludsgo.gov.ar\/web\/wp-content\/uploads\/2026\/03\/WhatsApp-Image-2026-03-11-at-13.46.40-150x100.jpeg 150w, https:\/\/msaludsgo.gov.ar\/web\/wp-content\/uploads\/2026\/03\/WhatsApp-Image-2026-03-11-at-13.46.40-768x512.jpeg 768w, https:\/\/msaludsgo.gov.ar\/web\/wp-content\/uploads\/2026\/03\/WhatsApp-Image-2026-03-11-at-13.46.40-1536x1023.jpeg 1536w, https:\/\/msaludsgo.gov.ar\/web\/wp-content\/uploads\/2026\/03\/WhatsApp-Image-2026-03-11-at-13.46.40-600x400.jpeg 600w, https:\/\/msaludsgo.gov.ar\/web\/wp-content\/uploads\/2026\/03\/WhatsApp-Image-2026-03-11-at-13.46.40.jpeg 1600w\" sizes=\"(max-width: 1024px) 100vw, 1024px\" \/><\/figure>\n<\/figure>\n","protected":false},"excerpt":{"rendered":"<p>El Ministerio de Salud de Santiago del Estero, junto al Ministerio de Desarrollo Social, lanz\u00f3 oficialmente la Vacunaci\u00f3n Antigripal 2026, con el objetivo de proteger a la poblaci\u00f3n m\u00e1s vulnerable frente al virus de la influenza y reducir las complicaciones, internaciones y muertes asociadas a la gripe. El acto de lanzamiento se realiz\u00f3 en la [&hellip;]<\/p>\n","protected":false},"author":5,"featured_media":31093,"comment_status":"open","ping_status":"open","sticky":false,"template":"","format":"standard","meta":{"footnotes":""},"categories":[2,3],"tags":[],"class_list":["post-31082","post","type-post","status-publish","format-standard","has-post-thumbnail","hentry","category-noticias","category-novedades"],"aioseo_notices":[],"_links":{"self":[{"href":"https:\/\/msaludsgo.gov.ar\/web\/wp-json\/wp\/v2\/posts\/31082","targetHints":{"allow":["GET"]}}],"collection":[{"href":"https:\/\/msaludsgo.gov.ar\/web\/wp-json\/wp\/v2\/posts"}],"about":[{"href":"https:\/\/msaludsgo.gov.ar\/web\/wp-json\/wp\/v2\/types\/post"}],"author":[{"embeddable":true,"href":"https:\/\/msaludsgo.gov.ar\/web\/wp-json\/wp\/v2\/users\/5"}],"replies":[{"embeddable":true,"href":"https:\/\/msaludsgo.gov.ar\/web\/wp-json\/wp\/v2\/comments?post=31082"}],"version-history":[{"count":2,"href":"https:\/\/msaludsgo.gov.ar\/web\/wp-json\/wp\/v2\/posts\/31082\/revisions"}],"predecessor-version":[{"id":31095,"href":"https:\/\/msaludsgo.gov.ar\/web\/wp-json\/wp\/v2\/posts\/31082\/revisions\/31095"}],"wp:featuredmedia":[{"embeddable":true,"href":"https:\/\/msaludsgo.gov.ar\/web\/wp-json\/wp\/v2\/media\/31093"}],"wp:attachment":[{"href":"https:\/\/msaludsgo.gov.ar\/web\/wp-json\/wp\/v2\/media?parent=31082"}],"wp:term":[{"taxonomy":"category","embeddable":true,"href":"https:\/\/msaludsgo.gov.ar\/web\/wp-json\/wp\/v2\/categories?post=31082"},{"taxonomy":"post_tag","embeddable":true,"href":"https:\/\/msaludsgo.gov.ar\/web\/wp-json\/wp\/v2\/tags?post=31082"}],"curies":[{"name":"wp","href":"https:\/\/api.w.org\/{rel}","templated":true}]}}