{"id":4169,"date":"2022-01-04T20:09:17","date_gmt":"2022-01-04T20:09:17","guid":{"rendered":"http:\/\/msaludsgo.gov.ar\/web\/?p=4169"},"modified":"2022-01-10T19:18:24","modified_gmt":"2022-01-10T19:18:24","slug":"modificaciones-en-las-condiciones-y-dias-de-aislamiento-para-casos-confirmados-de-covid-19-y-contactos-estrechos","status":"publish","type":"post","link":"https:\/\/msaludsgo.gov.ar\/web\/modificaciones-en-las-condiciones-y-dias-de-aislamiento-para-casos-confirmados-de-covid-19-y-contactos-estrechos\/","title":{"rendered":"Modificaciones en las condiciones y d\u00edas de aislamiento para casos confirmados de covid-19 y contactos estrechos"},"content":{"rendered":"\n<p><br>Durante la jornada de hoy, y luego de una reuni\u00f3n de trabajo mantenida entre la Ministra de Salud,<strong> Lic. Natividad Nassif,<\/strong> el Subsecretario, <strong>Dr. C\u00e9sar Monti, <\/strong>la <strong>Dra. Martha Tarchini,<\/strong> Directora de Atenci\u00f3n Primaria de la Salud, y el <strong>Lic. Ramiro Banco<\/strong>, Director de Salud Comunitaria, conjuntamente, y de manera virtual, con la<strong> Dra. Graciela Alzogaray<\/strong>, Directora de salud del interior, la <strong>Dra. Florencia Coronel, <\/strong>de la Secretar\u00eda T\u00e9cnica de Epidemiolog\u00eda y el <strong>Dr. Marcelo Ovejero, <\/strong>director del Centro de An\u00e1lisis Moleculares y Metab\u00f3licos, anunciaron que <strong>a partir del lunes 3 DE ENERO del corriente a\u00f1o<\/strong>, se encuentran vigentes, nuevas condiciones y d\u00edas de aislamiento para casos confirmados de COVID-19 y los contactos estrechos, en funci\u00f3n de si cuentan o no con su esquema de vacunaci\u00f3n contra COVID-19 para todo el territorio provincial.<\/p>\n\n\n\n<p><br>A un a\u00f1o del inicio de la campa\u00f1a de vacunaci\u00f3n contra COVID-19, el Ministerio de Salud de la Naci\u00f3n, conjuntamente con representantes de las distintas carteras sanitarias provinciales, acordaron en el \u00faltimo Consejo Federal de Salud (COFESA) de 2021, nuevas recomendaciones sobre las condiciones de aislamiento para casos confirmados de COVID-19 y los contactos estrechos, en funci\u00f3n de si est\u00e1n vacunados o no.<\/p>\n\n\n\n<p><br>Desde la aparici\u00f3n de la variante Omicron se ha producido un continuo descenso de la variante Delta, predominante en nuestras jurisdicciones, junto con un progresivo aumento de la circulaci\u00f3n de la variante Omicron, probablemente responsable del aumento explosivo de casos a nivel pa\u00eds y en nuestra provincia.<\/p>\n\n\n\n<p><br>La evidencia actual demuestra que Omicron tiene un tiempo de duplicaci\u00f3n de entre 2 y 3 d\u00edas, lo que la hace m\u00e1s transmisible. Actualmente la variante Omicron est\u00e1 asociada a infecciones en personas con esquemas de vacunaci\u00f3n completo pero con s\u00edntomas leves y de corta duraci\u00f3n. Estos criterios se han tomado en cuenta para la elaboraci\u00f3n del nuevo esquema de aislamiento en casos confirmados y contactos estrechos, seg\u00fan el esquema de vacunaci\u00f3n que presente la persona.<\/p>\n\n\n\n<p class=\"has-vivid-cyan-blue-color has-text-color has-medium-font-size\"><strong><br>CONDICIONES DE AISLAMIENTO PARA PERSONAS CON ESQUEMA COMPLETO.<\/strong><\/p>\n\n\n\n<p><br><strong>Se considera esquema completo de vacunaci\u00f3n contra COVID-19<\/strong>, a <\/p>\n\n\n\n<ul class=\"wp-block-list\"><li>Tener al menos 2 dosis, excepto; vacuna Cansino (1 dosis) y no haber superado los 5 meses desde la \u00faltima dosis.<\/li><li>Tener 3\u00b0 dosis para personas vacunadas con SINOPHARM: mayores de 50 a\u00f1os y mayores de 18 a\u00f1os con 5 meses desde la \u00faltima dosis<\/li><\/ul>\n\n\n\n<p><br>Es por eso que <strong>tanto personas con COVID-19 confirmado (por PCR o Test de Ant\u00edgeno positivo\/detectable) como personas que sean contacto estrecho por ser convivientes, y cuenten con su esquema de vacunaci\u00f3n completo, deber\u00e1n realizar un aislamiento por 7 d\u00edas, desde la fecha del hisopado.<\/strong><\/p>\n\n\n\n<p><br>En tanto <strong>los contactos estrechos, no convivientes, asintom\u00e1ticos, y con esquema de vacunaci\u00f3n completo, deber\u00e1n permanecer en aislamiento por 5 d\u00edas.<\/strong><\/p>\n\n\n\n<figure class=\"wp-block-image size-large\"><img fetchpriority=\"high\" decoding=\"async\" width=\"819\" height=\"1024\" src=\"https:\/\/msaludsgo.gov.ar\/web\/wp-content\/uploads\/2022\/01\/Criterios-de-aislamiento-para-personas-con-COVID-19-confirmado-y-contactos-estrechos-8-819x1024.png\" alt=\"\" class=\"wp-image-4301\" srcset=\"https:\/\/msaludsgo.gov.ar\/web\/wp-content\/uploads\/2022\/01\/Criterios-de-aislamiento-para-personas-con-COVID-19-confirmado-y-contactos-estrechos-8-819x1024.png 819w, https:\/\/msaludsgo.gov.ar\/web\/wp-content\/uploads\/2022\/01\/Criterios-de-aislamiento-para-personas-con-COVID-19-confirmado-y-contactos-estrechos-8-240x300.png 240w, https:\/\/msaludsgo.gov.ar\/web\/wp-content\/uploads\/2022\/01\/Criterios-de-aislamiento-para-personas-con-COVID-19-confirmado-y-contactos-estrechos-8-120x150.png 120w, https:\/\/msaludsgo.gov.ar\/web\/wp-content\/uploads\/2022\/01\/Criterios-de-aislamiento-para-personas-con-COVID-19-confirmado-y-contactos-estrechos-8-768x960.png 768w, https:\/\/msaludsgo.gov.ar\/web\/wp-content\/uploads\/2022\/01\/Criterios-de-aislamiento-para-personas-con-COVID-19-confirmado-y-contactos-estrechos-8-320x400.png 320w, https:\/\/msaludsgo.gov.ar\/web\/wp-content\/uploads\/2022\/01\/Criterios-de-aislamiento-para-personas-con-COVID-19-confirmado-y-contactos-estrechos-8.png 1080w\" sizes=\"(max-width: 819px) 100vw, 819px\" \/><\/figure>\n\n\n\n<p class=\"has-vivid-cyan-blue-color has-text-color has-medium-font-size\"><br><strong>CONDICIONES DE AISLAMIENTO PARA PERSONAS NO VACUNADAS O CON ESQUEMA INCOMPLETO.<\/strong><\/p>\n\n\n\n<p><br>Quienes sean un caso confirmado (por PCR o Test de Ant\u00edgeno positivo\/detectable), <strong>sin esquema de vacunaci\u00f3n o esquema incompleto, deber\u00e1n hacer 10 d\u00edas de aislamiento desde la fecha del hisopado. De igual modo, se establecen 10 d\u00edas de aislamiento para los contactos estrechos<\/strong>, si<strong>n esquema de vacunaci\u00f3n o esquema incompleto. <\/strong><\/p>\n\n\n\n<p><\/p>\n\n\n\n<p>Se consideran <strong>contacto estrecho<\/strong> a toda persona que estuvo sin las medidas de protecci\u00f3n personal adecuadas a menos de 2 metros de distancia de un caso confirmado durante 15 minutos o m\u00e1s o durante las 48 horas previas al inicio de los s\u00edntomas, y mientras el caso presentaba s\u00edntomas. Por ejemplo: convivientes, visitas, compa\u00f1eros de trabajo.<\/p>\n\n\n\n<p><br><\/p>\n\n\n\n<figure class=\"wp-block-image size-large\"><img decoding=\"async\" width=\"819\" height=\"1024\" src=\"https:\/\/msaludsgo.gov.ar\/web\/wp-content\/uploads\/2022\/01\/Criterios-de-aislamiento-para-personas-con-COVID-19-confirmado-y-contactos-estrechos-9-819x1024.png\" alt=\"\" class=\"wp-image-4302\" srcset=\"https:\/\/msaludsgo.gov.ar\/web\/wp-content\/uploads\/2022\/01\/Criterios-de-aislamiento-para-personas-con-COVID-19-confirmado-y-contactos-estrechos-9-819x1024.png 819w, https:\/\/msaludsgo.gov.ar\/web\/wp-content\/uploads\/2022\/01\/Criterios-de-aislamiento-para-personas-con-COVID-19-confirmado-y-contactos-estrechos-9-240x300.png 240w, https:\/\/msaludsgo.gov.ar\/web\/wp-content\/uploads\/2022\/01\/Criterios-de-aislamiento-para-personas-con-COVID-19-confirmado-y-contactos-estrechos-9-120x150.png 120w, https:\/\/msaludsgo.gov.ar\/web\/wp-content\/uploads\/2022\/01\/Criterios-de-aislamiento-para-personas-con-COVID-19-confirmado-y-contactos-estrechos-9-768x960.png 768w, https:\/\/msaludsgo.gov.ar\/web\/wp-content\/uploads\/2022\/01\/Criterios-de-aislamiento-para-personas-con-COVID-19-confirmado-y-contactos-estrechos-9-320x400.png 320w, https:\/\/msaludsgo.gov.ar\/web\/wp-content\/uploads\/2022\/01\/Criterios-de-aislamiento-para-personas-con-COVID-19-confirmado-y-contactos-estrechos-9.png 1080w\" sizes=\"(max-width: 819px) 100vw, 819px\" \/><\/figure>\n\n\n\n<p><br>Por otro lado <strong>se recomienda continuar con los cuidados especiales<\/strong>; evitar concurrir a eventos definidos como de mayor riesgo (eventos masivos, reuniones sociales, etc.). Utilizar permanentemente, el barbijo de forma adecuada (bien ajustado, tapando nariz, boca y ment\u00f3n) en ambientes cerrados o abiertos donde haya otras personas; mantener distancia social, ventilar los ambientes de manera continua y lavado frecuente de manos.<\/p>\n\n\n\n<p><br><strong>Se recuerda: que los s\u00edntomas de COVID-19 son<\/strong> fiebre de 37,5\u00b0C o m\u00e1s, tos seca, dolor de garganta, dificultad respiratoria, dolor muscular, cefalea, diarrea y\/o v\u00f3mitos, congesti\u00f3n nasal, p\u00e9rdida brusca de gusto u olfato. Durante el aislamiento sanitario las personas no pueden salir de su hogar ni recibir visitas y deben cumplir con las medidas de prevenci\u00f3n indicadas por las autoridades sanitarias, a trav\u00e9s de los protocolos vigentes.<\/p>\n\n\n\n<div class=\"wp-block-image\"><figure class=\"aligncenter size-large is-resized\"><img decoding=\"async\" src=\"https:\/\/msaludsgo.gov.ar\/web\/wp-content\/uploads\/2022\/01\/algorritmo-aislamiento-22-Sgo-728x1024.png\" alt=\"\" class=\"wp-image-4198\" width=\"809\" height=\"1129\"\/><\/figure><\/div>\n","protected":false},"excerpt":{"rendered":"<p>Durante la jornada de hoy, y luego de una reuni\u00f3n de trabajo mantenida entre la Ministra de Salud, Lic. Natividad Nassif, el Subsecretario, Dr. C\u00e9sar Monti, la Dra. Martha Tarchini, Directora de Atenci\u00f3n Primaria de la Salud, y el Lic. Ramiro Banco, Director de Salud Comunitaria, conjuntamente, y de manera virtual, con la Dra. Graciela [&hellip;]<\/p>\n","protected":false},"author":3,"featured_media":4171,"comment_status":"open","ping_status":"open","sticky":false,"template":"","format":"standard","meta":{"footnotes":""},"categories":[10,2],"tags":[105],"class_list":["post-4169","post","type-post","status-publish","format-standard","has-post-thumbnail","hentry","category-covid-19","category-noticias","tag-covid-19"],"aioseo_notices":[],"_links":{"self":[{"href":"https:\/\/msaludsgo.gov.ar\/web\/wp-json\/wp\/v2\/posts\/4169","targetHints":{"allow":["GET"]}}],"collection":[{"href":"https:\/\/msaludsgo.gov.ar\/web\/wp-json\/wp\/v2\/posts"}],"about":[{"href":"https:\/\/msaludsgo.gov.ar\/web\/wp-json\/wp\/v2\/types\/post"}],"author":[{"embeddable":true,"href":"https:\/\/msaludsgo.gov.ar\/web\/wp-json\/wp\/v2\/users\/3"}],"replies":[{"embeddable":true,"href":"https:\/\/msaludsgo.gov.ar\/web\/wp-json\/wp\/v2\/comments?post=4169"}],"version-history":[{"count":7,"href":"https:\/\/msaludsgo.gov.ar\/web\/wp-json\/wp\/v2\/posts\/4169\/revisions"}],"predecessor-version":[{"id":4303,"href":"https:\/\/msaludsgo.gov.ar\/web\/wp-json\/wp\/v2\/posts\/4169\/revisions\/4303"}],"wp:featuredmedia":[{"embeddable":true,"href":"https:\/\/msaludsgo.gov.ar\/web\/wp-json\/wp\/v2\/media\/4171"}],"wp:attachment":[{"href":"https:\/\/msaludsgo.gov.ar\/web\/wp-json\/wp\/v2\/media?parent=4169"}],"wp:term":[{"taxonomy":"category","embeddable":true,"href":"https:\/\/msaludsgo.gov.ar\/web\/wp-json\/wp\/v2\/categories?post=4169"},{"taxonomy":"post_tag","embeddable":true,"href":"https:\/\/msaludsgo.gov.ar\/web\/wp-json\/wp\/v2\/tags?post=4169"}],"curies":[{"name":"wp","href":"https:\/\/api.w.org\/{rel}","templated":true}]}}