{"id":4296,"date":"2022-01-10T14:04:08","date_gmt":"2022-01-10T14:04:08","guid":{"rendered":"https:\/\/msaludsgo.gov.ar\/web\/?p=4296"},"modified":"2022-02-25T15:23:03","modified_gmt":"2022-02-25T15:23:03","slug":"recomendaciones-sobre-la-vacunacion-para-personas-que-padecieron-covid-19-y-contactos-estrechos","status":"publish","type":"post","link":"https:\/\/msaludsgo.gov.ar\/web\/recomendaciones-sobre-la-vacunacion-para-personas-que-padecieron-covid-19-y-contactos-estrechos\/","title":{"rendered":"Recomendaciones sobre la vacunaci\u00f3n para personas que padecieron COVID-19 y contactos estrechos"},"content":{"rendered":"\n<p><br>El Ministerio de Salud inform\u00f3 sobre las recomendaciones para la vacunaci\u00f3n, tanto para quienes deben iniciar esquema, como para quienes deben colocarse segundas y terceras dosis.<\/p>\n\n\n\n<p><strong>RECOMENDACIONES SOBRE LA VACUNACI\u00d3N PARA PERSONAS QUE PADECIERON COVID-19 Y CONTACTOS ESTRECHOS<\/strong><\/p>\n\n\n\n<ol class=\"wp-block-list\"><li><strong>CONTACTOS ESTRECHOS<\/strong><br>Personas que han sido contacto estrecho de paciente COVID-19, pueden vacunarse, con dosis del esquema inicial y\/o dosis de refuerzo seg\u00fan corresponda, al finalizar el aislamiento.<\/li><li><strong>ASINTOMATICOS CON O SIN DIAGN\u00d3STICO DE COVID-19 CONFIRMADO<\/strong><br>Personas que hayan cursado COVID-19, de manera asintom\u00e1tica, o quienes no realizaron confirmaci\u00f3n diagnostica por prueba de laboratorio, pueden recibir dosis del esquema inicial y\/o dosis de refuerzo seg\u00fan corresponda, cuando se hayan cumplido los criterios de alta cl\u00ednica y epidemiol\u00f3gica.<\/li><li><strong>INFECCI\u00d3N AGUDA O SINTOMATOLOG\u00cdA MODERADA A SEVERA DE COVID-19<\/strong><br>Personas que hayan cursado INFECCI\u00d3N AGUDA por SARS-CoV-2 al momento de recibir alguna de las dosis deben tener presente las siguientes recomendaciones, consultando siempre a su m\u00e9dico o m\u00e9dica de cabecera:<\/li><\/ol>\n\n\n\n<blockquote class=\"wp-block-quote is-layout-flow wp-block-quote-is-layout-flow\"><p>Para recibir cualquiera de las dosis del <strong>ESQUEMA INICIAL<\/strong> (primera, segunda y\/o dosis adicional si corresponde) pueden aplicarse cuando se hayan cumplido los criterios de alta cl\u00ednica y epidemiol\u00f3gica.<\/p><p>Para recibir la <strong>DOSIS DE REFUERZO<\/strong> se recomienda diferirla al menos 90 d\u00edas luego de cumplidos los criterios de alta y habiendo transcurrido al menos 4 meses desde la aplicaci\u00f3n del esquema inicial.<\/p><p>Se considera infecci\u00f3n aguda a: personas con diagn\u00f3stico positivo para COVID-19 confirmado por laboratorio (Test r\u00e1pido o PCR), con sintomatolog\u00eda moderada a severa o internaci\u00f3n hospitalaria o que haya recibido medicaci\u00f3n (suero equino, plasma).<\/p><\/blockquote>\n\n\n\n<h1 class=\"wp-block-heading\">Centros de Vacunaci\u00f3n permanente COVID-19<\/h1>\n\n\n\n<p><a href=\"https:\/\/msaludsgo.gov.ar\/web\/tag\/covid-19\/\">covid-19<\/a>&nbsp;\/&nbsp;<a href=\"https:\/\/msaludsgo.gov.ar\/web\/tag\/vacunacion\/\">vacunaci\u00f3n<\/a><\/p>\n\n\n\n<ul class=\"wp-block-list\"><li><strong>Centro de Vacunaci\u00f3n de ciudad Capital ubicado en Pedro Le\u00f3n Gallo casi Av Belgrano&nbsp;<\/strong>funciona de 8 a 20 horas de lunes a domingo.<\/li><\/ul>\n\n\n\n<ul class=\"wp-block-list\"><li><strong>Centro de Vacunaci\u00f3n ubicado en el Ministerio de Salud de Av Belgrano<\/strong>&nbsp;(S) 2050, funciona de lunes a viernes de 9 a 15 horas<\/li><li><strong>Centro de Vacunaci\u00f3n del CIC Campo Contreras<\/strong>&nbsp;de&nbsp;<strong>Ing. Contreras N\u00ba 4850<\/strong>&nbsp;de Ciudad Capital, funciona de lunes a domingo de 8 a 18 hs.<\/li><li>&nbsp;<strong>Centro de Vacunaci\u00f3n del CAPS Los Lagos<\/strong>&nbsp;de&nbsp;<strong>Av. Madre de Ciudades y Pasaje N\u00ba 487, Barrio Borges Sector Los Lagos<\/strong>, funciona de lunes a domingo de 8 a 18 hs.<\/li><li><strong>Centro de Vacunaci\u00f3n del Nodo Tecnol\u00f3gico&nbsp;<\/strong>funciona de 8 a 12 horas de lunes a domingo, entrando por frente a la estaci\u00f3n del Tren del Desarrollo.<\/li><li><strong>Centro de Vacunaci\u00f3n del Club Ciclista Ol\u00edmpico&nbsp;<\/strong>de<strong>&nbsp;Chacabuco N\u00ba 115<\/strong>, funciona de lunes a domingo de 12 a 18 hs.<\/li><li>En el&nbsp;<strong>interior de la provincia&nbsp;<\/strong>las personas que perdieron su turno de primera dosis pueden dirigirse a los siguientes hospitales zonales para solicitar la vacunaci\u00f3n:<br>\u2022 Hospital A\u00f1atuya<br>\u2022 Hospital Campo Gallo<br>\u2022 Hospital de Fern\u00e1ndez \u00abDr. Rudecindo Cazzaniga\u00bb<br>\u2022 Hospital de Fr\u00edas<br>\u2022 Hospital de Loreto<br>\u2022 Hospital de ojo de agua \u201cDr. Cleofas Massa\u201d<br>\u2022 Hospital de Monte Quemado<br>\u2022 Hospital de pinto \u201cDr. Francisco Calise\u201d<br>\u2022 Centro Integral de Salud Termas de Rio Hondo<br>\u2022 Hospital de Nueva Esperanza<br>\u2022 Hospital de Quimili \u201cDr. Bernardo Houssay\u201d<br>\u2022 Hospital de Bandera, Belgrano<br>\u2022 Hospital de Salavina<br>\u2022 Hospital de Pampa de los Guanacos<br>\u2022 Hospital de Suncho Corral<br>\u2022 Hospital de Pozo Hondo<br>\u2022 Hospital de Sumampa<br>\u2022 Hospital de Tintina<br>\u2022 Hospital de San Pedro de Guasay\u00e1n<br>\u2022 Hospital de Atamisqui<\/li><\/ul>\n","protected":false},"excerpt":{"rendered":"<p>El Ministerio de Salud inform\u00f3 sobre las recomendaciones para la vacunaci\u00f3n, tanto para quienes deben iniciar esquema, como para quienes deben colocarse segundas y terceras dosis. RECOMENDACIONES SOBRE LA VACUNACI\u00d3N PARA PERSONAS QUE PADECIERON COVID-19 Y CONTACTOS ESTRECHOS CONTACTOS ESTRECHOSPersonas que han sido contacto estrecho de paciente COVID-19, pueden vacunarse, con dosis del esquema inicial [&hellip;]<\/p>\n","protected":false},"author":3,"featured_media":4297,"comment_status":"open","ping_status":"open","sticky":false,"template":"","format":"standard","meta":{"footnotes":""},"categories":[15,2,3,14],"tags":[105,97],"class_list":["post-4296","post","type-post","status-publish","format-standard","has-post-thumbnail","hentry","category-grupos-vacunacion","category-noticias","category-novedades","category-vacunacion-covid-19","tag-covid-19","tag-vacunacion"],"aioseo_notices":[],"_links":{"self":[{"href":"https:\/\/msaludsgo.gov.ar\/web\/wp-json\/wp\/v2\/posts\/4296","targetHints":{"allow":["GET"]}}],"collection":[{"href":"https:\/\/msaludsgo.gov.ar\/web\/wp-json\/wp\/v2\/posts"}],"about":[{"href":"https:\/\/msaludsgo.gov.ar\/web\/wp-json\/wp\/v2\/types\/post"}],"author":[{"embeddable":true,"href":"https:\/\/msaludsgo.gov.ar\/web\/wp-json\/wp\/v2\/users\/3"}],"replies":[{"embeddable":true,"href":"https:\/\/msaludsgo.gov.ar\/web\/wp-json\/wp\/v2\/comments?post=4296"}],"version-history":[{"count":4,"href":"https:\/\/msaludsgo.gov.ar\/web\/wp-json\/wp\/v2\/posts\/4296\/revisions"}],"predecessor-version":[{"id":4800,"href":"https:\/\/msaludsgo.gov.ar\/web\/wp-json\/wp\/v2\/posts\/4296\/revisions\/4800"}],"wp:featuredmedia":[{"embeddable":true,"href":"https:\/\/msaludsgo.gov.ar\/web\/wp-json\/wp\/v2\/media\/4297"}],"wp:attachment":[{"href":"https:\/\/msaludsgo.gov.ar\/web\/wp-json\/wp\/v2\/media?parent=4296"}],"wp:term":[{"taxonomy":"category","embeddable":true,"href":"https:\/\/msaludsgo.gov.ar\/web\/wp-json\/wp\/v2\/categories?post=4296"},{"taxonomy":"post_tag","embeddable":true,"href":"https:\/\/msaludsgo.gov.ar\/web\/wp-json\/wp\/v2\/tags?post=4296"}],"curies":[{"name":"wp","href":"https:\/\/api.w.org\/{rel}","templated":true}]}}