{"id":4378,"date":"2022-01-13T13:33:18","date_gmt":"2022-01-13T13:33:18","guid":{"rendered":"https:\/\/msaludsgo.gov.ar\/web\/?p=4378"},"modified":"2023-01-09T13:46:02","modified_gmt":"2023-01-09T13:46:02","slug":"recomendaciones-para-personas-con-diagnostico-positivo-de-covid-19","status":"publish","type":"post","link":"https:\/\/msaludsgo.gov.ar\/web\/recomendaciones-para-personas-con-diagnostico-positivo-de-covid-19\/","title":{"rendered":"Recomendaciones para personas con diagn\u00f3stico positivo de COVID-19"},"content":{"rendered":"\n<p><\/p>\n\n\n\n<p class=\"has-medium-font-size\"><strong><em>A partir del d\u00eda 5 de enero, se actualizaron las pautas de cuidado para personas con diagn\u00f3stico positivo de COVID-19.<\/em><\/strong><\/p>\n\n\n\n<p class=\"has-white-color has-vivid-cyan-blue-background-color has-text-color has-background has-medium-font-size\"><strong>PAUTAS DE CUIDADO PARA PERSONAS CON DIAGN\u00d3STICO DE COVID-19 POSITIVO<\/strong><\/p>\n\n\n\n<p class=\"has-medium-font-size\"><strong>Recomendaciones para la poblaci\u00f3n en general<\/strong><\/p>\n\n\n\n<ul class=\"wp-block-list\">\n<li>Las personas con COVID-19 confirmado (por PCR o Test de Ant\u00edgeno positivo\/detectable) no deber\u00e1n acudir a actividades laborales, educativas, sociales o lugares p\u00fablicos durante un el per\u00edodo sintom\u00e1tico o durante 5 d\u00edas desde la fecha del diagn\u00f3stico.<\/li>\n\n\n\n<li>Para personas asintom\u00e1ticas o contactos estrechos, extremar las medidas de prevenci\u00f3n durante 10 d\u00edas (uso adecuado del barbijo, ventilaci\u00f3n adecuada de ambientes, lavado de mano).<\/li>\n\n\n\n<li>Evitar contacto con personas vulnerables.<\/li>\n<\/ul>\n\n\n\n<p class=\"has-medium-font-size\"><strong>Recomendaciones para la poblaci\u00f3n en Recomendaciones para poblaciones especiales (Instituciones carcelarias, instituciones de salud, centros con personas institucionalizadas, personas que presten cuidados a personas vulnerables)<\/strong><\/p>\n\n\n\n<p class=\"has-vivid-cyan-blue-color has-text-color\"><strong>Trabajadores<\/strong><\/p>\n\n\n\n<ul class=\"wp-block-list\">\n<li>NO acudir a su \u00e1mbito laboral durante 5 d\u00edas desde la fecha de iniciado los s\u00edntomas o de diagn\u00f3stico en casos asintom\u00e1ticos, pudiendo regresar con mejor\u00eda cl\u00ednica de por lo menos 24 horas.<\/li>\n\n\n\n<li>Extremar cuidados durante 10 d\u00edas (uso adecuado del barbijo, ventilaci\u00f3n adecuada de ambientes, lavado de manos).<\/li>\n\n\n\n<li>Se evaluar\u00e1 la necesidad de realizar test diagn\u00f3stico para el alta.<\/li>\n<\/ul>\n\n\n\n<p class=\"has-vivid-cyan-blue-color has-text-color\"><strong>Residentes<\/strong><\/p>\n\n\n\n<ul class=\"wp-block-list\">\n<li>Seguimiento cl\u00ednico estricto y seguimiento de contactos estrechos.<\/li>\n<\/ul>\n\n\n\n<p class=\"has-medium-font-size\"><strong>Recomendaciones para CONTACTO ESTRECHO CONVIVIENTE Y NO CONVIVIENTE ASINTOMATICOS<\/strong><\/p>\n\n\n\n<ul class=\"wp-block-list\">\n<li>Extremar medidas de prevenci\u00f3n durante 10 d\u00edas, uso adecuado de barbijo, ventilaci\u00f3n adecuada de ambientes, lavado de manos e higiene respiratoria.<\/li>\n<\/ul>\n\n\n\n<p class=\"has-white-color has-vivid-cyan-blue-background-color has-text-color has-background\"><strong>IMPORTANTE:<\/strong> Completar el esquema de vacunaci\u00f3n seg\u00fan corresponda para la edad y al grupo de poblaci\u00f3n que se pertenezca. Consulta<a href=\"https:\/\/msaludsgo.gov.ar\/web\/centros-de-vacunacion-permanente-covid-19\/\" data-type=\"URL\" data-id=\"https:\/\/msaludsgo.gov.ar\/web\/centros-de-vacunacion-permanente-covid-19\/\"> <strong>aqu\u00ed <\/strong><\/a>donde puedes vacunarte<\/p>\n\n\n\n<p><strong>Se recuerda: que los s\u00edntomas de COVID-19 son<\/strong>&nbsp;fiebre de 37,5\u00b0C o m\u00e1s, tos seca, dolor de garganta, dificultad respiratoria, dolor muscular, cefalea, diarrea y\/o v\u00f3mitos, congesti\u00f3n nasal, p\u00e9rdida brusca de gusto u olfato. Durante el aislamiento las personas no pueden salir de su hogar ni recibir visitas y deben cumplir con las medidas de prevenci\u00f3n indicadas por las autoridades sanitarias, a trav\u00e9s de los protocolos vigentes.<\/p>\n\n\n\n<div data-wp-interactive=\"core\/file\" class=\"wp-block-file\"><object data-wp-bind--hidden=\"!state.hasPdfPreview\" hidden class=\"wp-block-file__embed\" data=\"https:\/\/msaludsgo.gov.ar\/web\/wp-content\/uploads\/2023\/01\/Algoritmo-de-manejo-para-caso-COVID-5-1-23.pdf\" type=\"application\/pdf\" style=\"width:100%;height:600px\" aria-label=\"Incrustado de Algoritmo-de-manejo-para-caso-COVID-5-1-23.\"><\/object><a id=\"wp-block-file--media-8b95638b-94e3-4ce7-91d8-2e5226bc015e\" href=\"https:\/\/msaludsgo.gov.ar\/web\/wp-content\/uploads\/2023\/01\/Algoritmo-de-manejo-para-caso-COVID-5-1-23.pdf\">Algoritmo-de-manejo-para-caso-COVID-5-1-23<\/a><a href=\"https:\/\/msaludsgo.gov.ar\/web\/wp-content\/uploads\/2023\/01\/Algoritmo-de-manejo-para-caso-COVID-5-1-23.pdf\" class=\"wp-block-file__button wp-element-button\" download aria-describedby=\"wp-block-file--media-8b95638b-94e3-4ce7-91d8-2e5226bc015e\">Descarga<\/a><\/div>\n\n\n\n<p class=\"has-medium-font-size\"><strong>Recomendaciones<\/strong><\/p>\n\n\n\n<p>Ante el aumento de casos de <strong>COVID-19<\/strong>, en un contexto en el que tambi\u00e9n hay circulaci\u00f3n de otros virus respiratorios, recordamos las medidas de prevenci\u00f3n y qu\u00e9 hacer ante la aparici\u00f3n de s\u00edntomas:<\/p>\n\n\n\n<div class=\"wp-block-group has-background is-vertical is-layout-flex wp-container-core-group-is-layout-8cf370e7 wp-block-group-is-layout-flex\" style=\"background-color:#8dd2fc42\">\n<p class=\"has-text-color has-medium-font-size\" style=\"color:#8dd2fc47\"><span style=\"font-size: revert; color: initial;\">&#x1f465; <\/span><strong style=\"font-size: revert; color: initial;\">Recomendaciones generales<\/strong><\/p>\n\n\n\n<p class=\"has-text-color\" style=\"color:#8dd2fc47\"><span style=\"font-size: revert; color: initial;\">&#x1f4cc;&nbsp;<\/span><strong style=\"font-size: revert; color: initial;\">Uso adecuado de barbijo<\/strong><span style=\"font-size: revert; color: initial;\"> en espacios cerrados, especialmente en momentos de alta circulaci\u00f3n de virus respiratorios.<\/span><\/p>\n\n\n\n<p class=\"has-text-color\" style=\"color:#8dd2fc47\"><span style=\"font-size: revert; color: initial;\">&#x1f4cc; Asegurar adecuada <\/span><strong style=\"font-size: revert; color: initial;\">ventilaci\u00f3n de ambientes<\/strong><span style=\"font-size: revert; color: initial;\">.<\/span><\/p>\n\n\n\n<p class=\"has-text-color\" style=\"color:#8dd2fc47\"><span style=\"font-size: revert; color: initial;\">&#x1f4cc;&nbsp;<\/span><strong style=\"font-size: revert; color: initial;\">Lavado de manos frecuente.<\/strong><\/p>\n\n\n\n<p class=\"has-text-color\" style=\"color:#8dd2fc47\"><span style=\"font-size: revert; color: initial;\">&#x1f4cc;&nbsp;<\/span><strong style=\"font-size: revert; color: initial;\">No acudir a actividades laborales, educativas, sociales<\/strong><span style=\"font-size: revert; color: initial;\"> o <\/span><strong style=\"font-size: revert; color: initial;\">lugares p\u00fablicos<\/strong><span style=\"font-size: revert; color: initial;\"> ante la presencia de s\u00edntomas.<\/span><\/p>\n<\/div>\n\n\n\n<p class=\"has-medium-font-size\">&#x1f68c;&#x1f686; <strong>Recomendaciones en el transporte p\u00fablico<\/strong><\/p>\n\n\n\n<p>&#x1f4cc;<strong> Usar barbijo cubriendo nariz, boca y ment\u00f3n<\/strong> durante todo el viaje.<\/p>\n\n\n\n<p>&#x1f4cc;<strong>Mantener ventanillas abiertas<\/strong> en caso de ser posible<\/p>\n\n\n\n<div class=\"wp-block-group has-background is-vertical is-layout-flex wp-container-core-group-is-layout-8cf370e7 wp-block-group-is-layout-flex\" style=\"background-color:#8dd2fc42\">\n<p class=\"has-medium-font-size\">&#x1f3e5; <strong>Recomendaciones en establecimientos de salud<\/strong><\/p>\n\n\n\n<p>&#x1f4cc; Verificar estado de<strong> vacunaci\u00f3n de todos los y las trabajadoras.<\/strong><\/p>\n\n\n\n<p>&#x1f4cc; Establecer <strong>estrategias de triage<\/strong>, estableciendo flujos bien diferenciados entre pacientes con s\u00edntomas respiratorios y el resto de los que acuden a sectores de emergencia o de demanda espont\u00e1nea.<\/p>\n\n\n\n<p>&#x1f4cc; Mantener precauciones est\u00e1ndar para prevenci\u00f3n de infecciones respiratorias agudas.<\/p>\n\n\n\n<p>&#x1f4cc; <strong>Uso de barbijo:<\/strong> se recomienda que todas aquellas personas que asistan a un establecimiento de salud utilicen barbijo, tanto pacientes como acompa\u00f1antes, para reducir la exposici\u00f3n a virus respiratorios. Lo mismo aplica para todo personal de salud en contacto directo con pacientes<\/p>\n<\/div>\n\n\n\n<p class=\"has-medium-font-size\">&#x1f927; <strong>Recomendaciones para personas sintom\u00e1ticas<\/strong><\/p>\n\n\n\n<p>&#x1f4cc;Si sos <strong>mayor de 50 a\u00f1os<\/strong>, ten\u00e9s <strong>condiciones de riesgo<\/strong> o sos <strong>personal que trabaja con personas vulnerables<\/strong>, ten\u00e9s prioridad para hacerte una prueba diagn\u00f3stica ante la aparici\u00f3n de s\u00edntomas.<\/p>\n\n\n\n<p>&#x1f4cc;<strong>Si no pertenec\u00e9s a estos grupos y ten\u00e9s s\u00edntomas leves<\/strong>, lo mejor que pod\u00e9s hacer es tomar precauciones para no transmitir a los dem\u00e1s. <strong>No hace falta testearte:<\/strong> las precauciones son las mismas para todas las enfermedades respiratorias.<\/p>\n\n\n\n<div class=\"wp-block-group has-background is-vertical is-layout-flex wp-container-core-group-is-layout-8cf370e7 wp-block-group-is-layout-flex\" style=\"background-color:#8dd2fc42\">\n<p>&#x2b55;NO acudir a actividades laborales, educativas o lugares p\u00fablicos mientras tengas s\u00edntomas.<\/p>\n\n\n\n<p>&#x2b55; Usar barbijo durante 10 d\u00edas desde el comienzo de s\u00edntomas en lugares cerrados.<\/p>\n\n\n\n<p>&#x2b55;&nbsp;Lavado de manos.<\/p>\n\n\n\n<p>&#x2b55; Ventilaci\u00f3n de ambientes.<\/p>\n\n\n\n<p>&#x2b55; Evitar contacto con personas vulnerables.<\/p>\n<\/div>\n","protected":false},"excerpt":{"rendered":"<p>A partir del d\u00eda 5 de enero, se actualizaron las pautas de cuidado para personas con diagn\u00f3stico positivo de COVID-19. PAUTAS DE CUIDADO PARA PERSONAS CON DIAGN\u00d3STICO DE COVID-19 POSITIVO Recomendaciones para la poblaci\u00f3n en general Recomendaciones para la poblaci\u00f3n en Recomendaciones para poblaciones especiales (Instituciones carcelarias, instituciones de salud, centros con personas institucionalizadas, personas [&hellip;]<\/p>\n","protected":false},"author":3,"featured_media":4381,"comment_status":"open","ping_status":"open","sticky":false,"template":"","format":"standard","meta":{"footnotes":""},"categories":[2],"tags":[105],"class_list":["post-4378","post","type-post","status-publish","format-standard","has-post-thumbnail","hentry","category-noticias","tag-covid-19"],"aioseo_notices":[],"_links":{"self":[{"href":"https:\/\/msaludsgo.gov.ar\/web\/wp-json\/wp\/v2\/posts\/4378","targetHints":{"allow":["GET"]}}],"collection":[{"href":"https:\/\/msaludsgo.gov.ar\/web\/wp-json\/wp\/v2\/posts"}],"about":[{"href":"https:\/\/msaludsgo.gov.ar\/web\/wp-json\/wp\/v2\/types\/post"}],"author":[{"embeddable":true,"href":"https:\/\/msaludsgo.gov.ar\/web\/wp-json\/wp\/v2\/users\/3"}],"replies":[{"embeddable":true,"href":"https:\/\/msaludsgo.gov.ar\/web\/wp-json\/wp\/v2\/comments?post=4378"}],"version-history":[{"count":10,"href":"https:\/\/msaludsgo.gov.ar\/web\/wp-json\/wp\/v2\/posts\/4378\/revisions"}],"predecessor-version":[{"id":8295,"href":"https:\/\/msaludsgo.gov.ar\/web\/wp-json\/wp\/v2\/posts\/4378\/revisions\/8295"}],"wp:featuredmedia":[{"embeddable":true,"href":"https:\/\/msaludsgo.gov.ar\/web\/wp-json\/wp\/v2\/media\/4381"}],"wp:attachment":[{"href":"https:\/\/msaludsgo.gov.ar\/web\/wp-json\/wp\/v2\/media?parent=4378"}],"wp:term":[{"taxonomy":"category","embeddable":true,"href":"https:\/\/msaludsgo.gov.ar\/web\/wp-json\/wp\/v2\/categories?post=4378"},{"taxonomy":"post_tag","embeddable":true,"href":"https:\/\/msaludsgo.gov.ar\/web\/wp-json\/wp\/v2\/tags?post=4378"}],"curies":[{"name":"wp","href":"https:\/\/api.w.org\/{rel}","templated":true}]}}