{"id":513,"date":"2021-04-20T14:21:59","date_gmt":"2021-04-20T14:21:59","guid":{"rendered":"http:\/\/msaludsgo.gov.ar\/web\/?p=513"},"modified":"2023-11-16T15:12:07","modified_gmt":"2023-11-16T15:12:07","slug":"actividad-fisica-y-salud","status":"publish","type":"post","link":"https:\/\/msaludsgo.gov.ar\/web\/actividad-fisica-y-salud\/","title":{"rendered":"Programa de Actividad F\u00edsica y Salud"},"content":{"rendered":"\n<p>Las acciones que implementa el Ministerio de Salud est\u00e1n coordinadas por el \u00c1rea T\u00e9cnica de Coordinaci\u00f3n de Actividad F\u00edsica y Salud dependiente de la Direcci\u00f3n de Atenci\u00f3n Primaria de la Salud. Esta \u00e1rea tiene por objetivo promover la actividad f\u00edsica y concientizar a la poblaci\u00f3n de los beneficios que tiene sobre la prevenci\u00f3n y el tratamiento de aquellas enfermedades que est\u00e1n asociadas al sedentarismo<\/p>\n\n\n\n<p><strong>Fundamentaci\u00f3n:<\/strong><\/p>\n\n\n\n<p>Se considera a la Actividad F\u00edsica, como medio terap\u00e9utico para el control y facilitaci\u00f3n hacia una mejor calidad de vida. Se promueve la implementaci\u00f3n de sesiones de ejercicios f\u00edsicos en forma sistem\u00e1tica, adaptados a toda poblaci\u00f3n y en especial a pacientes con enfermedades cr\u00f3nicas no transmisibles (ENT) y factores de riesgo, en los centros asistenciales que dependen del Ministerio de Salud y Desarrollo Social de la Provincia.<\/p>\n\n\n\n<p>Objetivos:<\/p>\n\n\n\n<p>1. Promover h\u00e1bitos y conductas saludables.<\/p>\n\n\n\n<p>2. Organizar sesiones de actividades f\u00edsicas permanentes y adaptadas a pacientes con enfermedades cr\u00f3nicas no transmisibles (ENT) y factores de riesgo.<\/p>\n\n\n\n<p>Destinatarios:<\/p>\n\n\n\n<p>Todas las personas que necesiten realizar actividades f\u00edsicas por prescripci\u00f3n m\u00e9dica y\/o a modo de prevenci\u00f3n; que concurran a los centros asistenciales e instituciones afines.<\/p>\n\n\n\n<p>Lugares y espacios f\u00edsicos:<\/p>\n\n\n\n<p>Instituciones del \u00e1mbito de la salud: UPAS, Hospitales y Plazas Saludables.<\/p>\n\n\n\n<p>Coordinaci\u00f3n general:<\/p>\n\n\n\n<p>Profesores Patricia \u00c1lvarez y Rossemary Fern\u00e1ndez<\/p>\n\n\n\n<p>&nbsp;&nbsp;&nbsp; Actividad f\u00edsica en los centros de salud y Plazas Saludables:<\/p>\n\n\n\n<p>\u2022 En las UPAS: Clases de gimnasia dirigidas por profesores de Educaci\u00f3n F\u00edsica, en distintos centros de salud de la Capital y Banda para personas con enfermedades cr\u00f3nicas no transmisibles como diabetes, hipertensi\u00f3n u obesidad. Estas clases tienen un control de las variables como la presi\u00f3n y la az\u00facar en sangre antes y despu\u00e9s de la actividad f\u00edsica.<\/p>\n\n\n\n<p>\u2022 Plazas Saludables: Lugar de encuentro estrat\u00e9gicamente seleccionado donde se realizan actividades f\u00edsicas al aire libre impartidas por profesores de Educaci\u00f3n f\u00edsicas, con el objetivo de promocionar la actividad f\u00edsica y resaltar la importancia que tiene en la salud integral de la persona. Previo a la actividad f\u00edsica los equipos de salud de las UPAS realizan controles de peso, talla, glucemia, presi\u00f3n arterial y brindan charlas de promoci\u00f3n de las salud.<\/p>\n\n\n\n<p>\u2022 S\u00e1bados Santiague\u00f1os Saludables: Estas actividades tienen como estrategia generar polos de actividad f\u00edsica orientada a la salud en el interior provincial por medio de capacitaci\u00f3n y formaci\u00f3n de redes de trabajo permanente entre instituciones intermedias. Por ejemplo: Municipios, Centros comunitarios, etc.<\/p>\n\n\n\n<p><\/p>\n\n\n\n<p><strong>PLAZAS SALUDABLES<\/strong> Se realizan los d\u00edas martes, mi\u00e9rcoles, jueves y viernes desde las 15:30hs en oto\u00f1o e invierno y desde las 19.30 hs en verano y primavera. Son abiertas y gratuitas. Los martes se realiza gimnasia localizada y aerobox y ritmos latinos..<\/p>\n\n\n\n<p>Los Plazas habilitadas son los siguientes:<\/p>\n\n\n\n<p>MARTES Y JUEVES&nbsp;<\/p>\n\n\n\n<p>\u2022 Predio Deportivo Borges, Barrio Borges, Calle 109 N\u00ba 2666&nbsp;<\/p>\n\n\n\n<p>\u2022 Parque Norte, Alberdi Belgrano y Constituci\u00f3n&nbsp;<\/p>\n\n\n\n<p>\u2022 Plaza Sarmiento, Barrio Centro, 3 de Febrero y Bs. As.&nbsp;<\/p>\n\n\n\n<p>\u2022 Siglo XX, &nbsp;Avda. Yunes y Favaloro&nbsp;<\/p>\n\n\n\n<p>Plaza Siglo XX Adolescentes<\/p>\n\n\n\n<p>\u2022 UPA N\u00ba 5 Barrio Autonom\u00eda, Calle Romualdo Hellman 158&nbsp;<\/p>\n\n\n\n<p>\u2022 Plaza Santo Cristo, Barrio Mosconi, Libertad y Aguirre&nbsp;<\/p>\n\n\n\n<p>\u2022 Plaza Club San Isidro, Barrio Central Argentino, La Banda, F\u00e9lix Plata y Elordi<\/p>\n\n\n\n<p>MI\u00c9RCOLES Y VIERNES&nbsp;<\/p>\n\n\n\n<p>\u2022 Plaza Absal\u00f3n Rojas, Barrio Congreso, Avda. Col\u00f3n y P.L. Gallo&nbsp;<\/p>\n\n\n\n<p>\u2022 FORUM, Alberdi Roca y Rivadavia&nbsp;<\/p>\n\n\n\n<p>\u2022 Puesto Sanitario Villa Zanj\u00f3n, Iglesia San Roque.<\/p>\n\n\n\n<p>\u2022 Plaza &nbsp;Centro Integral de Salud Banda, Paseo del Siglo y San Mart\u00edn, La Banda<\/p>\n\n\n\n<p>\u2022 Plaza CIS Banda Adolescentes<\/p>\n","protected":false},"excerpt":{"rendered":"<p>Las acciones que implementa el Ministerio de Salud est\u00e1n coordinadas por el \u00c1rea T\u00e9cnica de Coordinaci\u00f3n de Actividad F\u00edsica y Salud dependiente de la Direcci\u00f3n de Atenci\u00f3n Primaria de la Salud. Esta \u00e1rea tiene por objetivo promover la actividad f\u00edsica y concientizar a la poblaci\u00f3n de los beneficios que tiene sobre la prevenci\u00f3n y el [&hellip;]<\/p>\n","protected":false},"author":4,"featured_media":0,"comment_status":"open","ping_status":"open","sticky":false,"template":"","format":"standard","meta":{"footnotes":""},"categories":[8],"tags":[82],"class_list":["post-513","post","type-post","status-publish","format-standard","hentry","category-planes-y-programas","tag-actividad-fisica"],"aioseo_notices":[],"_links":{"self":[{"href":"https:\/\/msaludsgo.gov.ar\/web\/wp-json\/wp\/v2\/posts\/513","targetHints":{"allow":["GET"]}}],"collection":[{"href":"https:\/\/msaludsgo.gov.ar\/web\/wp-json\/wp\/v2\/posts"}],"about":[{"href":"https:\/\/msaludsgo.gov.ar\/web\/wp-json\/wp\/v2\/types\/post"}],"author":[{"embeddable":true,"href":"https:\/\/msaludsgo.gov.ar\/web\/wp-json\/wp\/v2\/users\/4"}],"replies":[{"embeddable":true,"href":"https:\/\/msaludsgo.gov.ar\/web\/wp-json\/wp\/v2\/comments?post=513"}],"version-history":[{"count":5,"href":"https:\/\/msaludsgo.gov.ar\/web\/wp-json\/wp\/v2\/posts\/513\/revisions"}],"predecessor-version":[{"id":13841,"href":"https:\/\/msaludsgo.gov.ar\/web\/wp-json\/wp\/v2\/posts\/513\/revisions\/13841"}],"wp:attachment":[{"href":"https:\/\/msaludsgo.gov.ar\/web\/wp-json\/wp\/v2\/media?parent=513"}],"wp:term":[{"taxonomy":"category","embeddable":true,"href":"https:\/\/msaludsgo.gov.ar\/web\/wp-json\/wp\/v2\/categories?post=513"},{"taxonomy":"post_tag","embeddable":true,"href":"https:\/\/msaludsgo.gov.ar\/web\/wp-json\/wp\/v2\/tags?post=513"}],"curies":[{"name":"wp","href":"https:\/\/api.w.org\/{rel}","templated":true}]}}