{"id":5388,"date":"2022-04-06T22:29:40","date_gmt":"2022-04-06T22:29:40","guid":{"rendered":"https:\/\/msaludsgo.gov.ar\/web\/?p=5388"},"modified":"2022-04-06T22:29:40","modified_gmt":"2022-04-06T22:29:40","slug":"campana-nuestro-pago-nuestra-salud-en-el-marco-del-dia-mundial-de-la-salud","status":"publish","type":"post","link":"https:\/\/msaludsgo.gov.ar\/web\/campana-nuestro-pago-nuestra-salud-en-el-marco-del-dia-mundial-de-la-salud\/","title":{"rendered":"Campa\u00f1a \u00abNuestro Pago, Nuestra Salud\u00bb, en el marco del D\u00eda Mundial de la Salud"},"content":{"rendered":"\n<p>En conmemoraci\u00f3n del D\u00eda Mundial de la Salud, que se celebra el d\u00eda 7 de abril de cada a\u00f1o, desde el Dispositivo de Asesor\u00edas en Salud Integral Adolescente del Plan ENIA, dependiente de la Direcci\u00f3n de Maternidad e Infancia el Ministerio de Salud de la provincia, se llevar\u00e1 a cabo la campa\u00f1a \u201cNuestro Pago, Nuestra Salud\u201d.<\/p>\n\n\n\n<p>En el a\u00f1o 2022, se conmemora la fecha con el lema \u00abNuestro planeta, nuestra salud\u00bb, y la OMS impulsa una campa\u00f1a que instar\u00e1 a las personas, comunidades, gobiernos y organizaciones de todo el mundo, a compartir sus historias sobre las medidas que est\u00e1n adoptando para proteger nuestro planeta y nuestra salud.<\/p>\n\n\n\n<p>Por ello, desde las Asesor\u00edas en Salud Integral Adolescente lanza la campa\u00f1a, para lograr un espacio de aprendizaje e intercambio en las escuelas del nivel secundario donde funciona el espacio de asesor\u00eda. El principal objetivo de las actividades busca que las y los adolescentes puedan reconocer a la salud como un concepto amplio e integral.<\/p>\n\n\n\n<p>La campa\u00f1a \u201cNuestro Pago, Nuestra Salud\u201d se efectuar\u00e1 en diferentes escuelas secundarias de los Departamentos Capital, Banda, Robles y Rio Hondo; partir del 7 de abril, D\u00eda Mundial de la Salud, hasta el 22 de abril inclusive. En la misma, las y los adolescentes reflexionar\u00e1n el concepto de salud integral y luego deber\u00e1n construir su propia definici\u00f3n de salud y graficarla en dibujos, murales, canciones, dramatizaciones, poemas, disfraces, etc.<\/p>\n\n\n\n<p>Para finalizar la convocatoria, el d\u00eda 25 de abril, se efectuar\u00e1 un sorteo de un viaje, brindado por el programa del Ministerio de Educaci\u00f3n \u201cConociendo a Mi Provincia\u201d. El sorteo se realizar\u00e1 entre los cursos participantes de la jornada que hayan enviado una fotograf\u00eda de sus producciones a su asesor\/a en salud integral.<\/p>\n\n\n\n<p>Las y los adolescentes que les gustar\u00eda participar de las jornadas, deben ponerse en contacto con los asesores en salud integral adolescente de cada escuela secundaria o consultar en la p\u00e1gina de Facebook: Adolescentes de Santiago del Estero o en la cuenta de Instagram: @adolescentes.sgodelestero .<\/p>\n","protected":false},"excerpt":{"rendered":"<p>En conmemoraci\u00f3n del D\u00eda Mundial de la Salud, que se celebra el d\u00eda 7 de abril de cada a\u00f1o, desde el Dispositivo de Asesor\u00edas en Salud Integral Adolescente del Plan ENIA, dependiente de la Direcci\u00f3n de Maternidad e Infancia el Ministerio de Salud de la provincia, se llevar\u00e1 a cabo la campa\u00f1a \u201cNuestro Pago, Nuestra [&hellip;]<\/p>\n","protected":false},"author":3,"featured_media":5389,"comment_status":"open","ping_status":"open","sticky":false,"template":"","format":"standard","meta":{"footnotes":""},"categories":[2,3],"tags":[],"class_list":["post-5388","post","type-post","status-publish","format-standard","has-post-thumbnail","hentry","category-noticias","category-novedades"],"aioseo_notices":[],"_links":{"self":[{"href":"https:\/\/msaludsgo.gov.ar\/web\/wp-json\/wp\/v2\/posts\/5388","targetHints":{"allow":["GET"]}}],"collection":[{"href":"https:\/\/msaludsgo.gov.ar\/web\/wp-json\/wp\/v2\/posts"}],"about":[{"href":"https:\/\/msaludsgo.gov.ar\/web\/wp-json\/wp\/v2\/types\/post"}],"author":[{"embeddable":true,"href":"https:\/\/msaludsgo.gov.ar\/web\/wp-json\/wp\/v2\/users\/3"}],"replies":[{"embeddable":true,"href":"https:\/\/msaludsgo.gov.ar\/web\/wp-json\/wp\/v2\/comments?post=5388"}],"version-history":[{"count":1,"href":"https:\/\/msaludsgo.gov.ar\/web\/wp-json\/wp\/v2\/posts\/5388\/revisions"}],"predecessor-version":[{"id":5390,"href":"https:\/\/msaludsgo.gov.ar\/web\/wp-json\/wp\/v2\/posts\/5388\/revisions\/5390"}],"wp:featuredmedia":[{"embeddable":true,"href":"https:\/\/msaludsgo.gov.ar\/web\/wp-json\/wp\/v2\/media\/5389"}],"wp:attachment":[{"href":"https:\/\/msaludsgo.gov.ar\/web\/wp-json\/wp\/v2\/media?parent=5388"}],"wp:term":[{"taxonomy":"category","embeddable":true,"href":"https:\/\/msaludsgo.gov.ar\/web\/wp-json\/wp\/v2\/categories?post=5388"},{"taxonomy":"post_tag","embeddable":true,"href":"https:\/\/msaludsgo.gov.ar\/web\/wp-json\/wp\/v2\/tags?post=5388"}],"curies":[{"name":"wp","href":"https:\/\/api.w.org\/{rel}","templated":true}]}}