{"id":6046,"date":"2022-06-23T14:37:18","date_gmt":"2022-06-23T14:37:18","guid":{"rendered":"https:\/\/msaludsgo.gov.ar\/web\/?p=6046"},"modified":"2022-06-23T14:37:18","modified_gmt":"2022-06-23T14:37:18","slug":"reporte-semanal-de-13-al-19-de-junio-2022-en-la-provincia-de-santiago-del-estero","status":"publish","type":"post","link":"https:\/\/msaludsgo.gov.ar\/web\/reporte-semanal-de-13-al-19-de-junio-2022-en-la-provincia-de-santiago-del-estero\/","title":{"rendered":"REPORTE SEMANAL de 13 al 19 de junio 2022 en la Provincia de Santiago del Estero"},"content":{"rendered":"\n<p><img decoding=\"async\" height=\"16\" width=\"16\" alt=\"&#x1f4cd;\" src=\"https:\/\/static.xx.fbcdn.net\/images\/emoji.php\/v9\/t2d\/1\/16\/1f4cd.png\">&nbsp;Se reportaron veinti\u00fan (21) casos recuperados, por lo que son ciento doce mil setecientos sesenta y seis (112.766) casos recuperados en la provincia.<br><img decoding=\"async\" height=\"16\" width=\"16\" alt=\"&#x1f4cd;\" src=\"https:\/\/static.xx.fbcdn.net\/images\/emoji.php\/v9\/t2d\/1\/16\/1f4cd.png\">&nbsp;No se notificaron personas fallecidas con diagn\u00f3stico de COVID-19 activo en la provincia.<br><img decoding=\"async\" height=\"16\" width=\"16\" alt=\"&#x1f4cd;\" src=\"https:\/\/static.xx.fbcdn.net\/images\/emoji.php\/v9\/t2d\/1\/16\/1f4cd.png\">&nbsp;Hay un total de mil ciento noventa y ocho (1.198) personas positivas fallecidas en la provincia.<br><img decoding=\"async\" height=\"16\" width=\"16\" alt=\"&#x1f4cd;\" src=\"https:\/\/static.xx.fbcdn.net\/images\/emoji.php\/v9\/t2d\/1\/16\/1f4cd.png\">&nbsp;Se procesaron un total de mil veintiocho(1.028) muestras.<br><img decoding=\"async\" height=\"16\" width=\"16\" alt=\"&#x1f4cd;\" src=\"https:\/\/static.xx.fbcdn.net\/images\/emoji.php\/v9\/t2d\/1\/16\/1f4cd.png\">&nbsp;Se notificaron veintisiete ( 27 ) casos positivos de COVID -19 en la provincia. Capital-Banda 19 e interior 8: Colonia Tinco 1; Forres 1; Pozo Hondo 1; Termas 4; Villa Guasay\u00e1n 1.<br><img decoding=\"async\" height=\"16\" width=\"16\" alt=\"&#x1f4cd;\" src=\"https:\/\/static.xx.fbcdn.net\/images\/emoji.php\/v9\/t2d\/1\/16\/1f4cd.png\">&nbsp;Permanecen activos veintitr\u00e9s (23) casos en la provincia.<br><img decoding=\"async\" height=\"16\" width=\"16\" alt=\"&#x1f4cd;\" src=\"https:\/\/static.xx.fbcdn.net\/images\/emoji.php\/v9\/t2d\/1\/16\/1f4cd.png\">&nbsp;El total de casos positivos acumulados es de ciento diecis\u00e9is mil trescientos veinticuatro (116.324)<br><img decoding=\"async\" height=\"16\" width=\"16\" alt=\"&#x26a0;&#xfe0f;\" src=\"https:\/\/static.xx.fbcdn.net\/images\/emoji.php\/v9\/tdc\/1\/16\/26a0.png\">&nbsp;Importante:<br>* Se destaca que en el Sistema Integrado de Informaci\u00f3n Sanitario Argentino (SISA) se informaron 13 personas con domicilio en Santiago del Estero, pero cuyos resultados de ant\u00edgenos dieron Reactivos estando en otras provincias: 3 BUenos Aires, 2 CABA, 6 C\u00f3rdoba, 1 Santa Fe y 1 Tucum\u00e1n.<br>La diferencia de casos acumulados, y difundidos en el informe nacional, obedece a diferentes horarios de carga, y a santiague\u00f1os que residen en otras provincias pero que no tienen realizado el cambio de domicilio legal en su DNI. Se ha solicitado el correspondiente pedido de reclasificaci\u00f3n de los casos excedentes cargados para nuestra provincia.<\/p>\n\n\n\n<figure class=\"wp-block-image size-large\"><img fetchpriority=\"high\" decoding=\"async\" width=\"1024\" height=\"1024\" src=\"https:\/\/msaludsgo.gov.ar\/web\/wp-content\/uploads\/2022\/06\/288136730_335638652090999_3456920820129848431_n-1024x1024.jpg\" alt=\"\" class=\"wp-image-6047\" srcset=\"https:\/\/msaludsgo.gov.ar\/web\/wp-content\/uploads\/2022\/06\/288136730_335638652090999_3456920820129848431_n-1024x1024.jpg 1024w, https:\/\/msaludsgo.gov.ar\/web\/wp-content\/uploads\/2022\/06\/288136730_335638652090999_3456920820129848431_n-300x300.jpg 300w, https:\/\/msaludsgo.gov.ar\/web\/wp-content\/uploads\/2022\/06\/288136730_335638652090999_3456920820129848431_n-150x150.jpg 150w, https:\/\/msaludsgo.gov.ar\/web\/wp-content\/uploads\/2022\/06\/288136730_335638652090999_3456920820129848431_n-768x768.jpg 768w, https:\/\/msaludsgo.gov.ar\/web\/wp-content\/uploads\/2022\/06\/288136730_335638652090999_3456920820129848431_n-400x400.jpg 400w, https:\/\/msaludsgo.gov.ar\/web\/wp-content\/uploads\/2022\/06\/288136730_335638652090999_3456920820129848431_n.jpg 1080w\" sizes=\"(max-width: 1024px) 100vw, 1024px\" \/><\/figure>\n","protected":false},"excerpt":{"rendered":"<p>&nbsp;Se reportaron veinti\u00fan (21) casos recuperados, por lo que son ciento doce mil setecientos sesenta y seis (112.766) casos recuperados en la provincia.&nbsp;No se notificaron personas fallecidas con diagn\u00f3stico de COVID-19 activo en la provincia.&nbsp;Hay un total de mil ciento noventa y ocho (1.198) personas positivas fallecidas en la provincia.&nbsp;Se procesaron un total de mil [&hellip;]<\/p>\n","protected":false},"author":5,"featured_media":0,"comment_status":"open","ping_status":"open","sticky":false,"template":"","format":"standard","meta":{"footnotes":""},"categories":[10,17],"tags":[],"class_list":["post-6046","post","type-post","status-publish","format-standard","hentry","category-covid-19","category-reporte-diario"],"aioseo_notices":[],"_links":{"self":[{"href":"https:\/\/msaludsgo.gov.ar\/web\/wp-json\/wp\/v2\/posts\/6046","targetHints":{"allow":["GET"]}}],"collection":[{"href":"https:\/\/msaludsgo.gov.ar\/web\/wp-json\/wp\/v2\/posts"}],"about":[{"href":"https:\/\/msaludsgo.gov.ar\/web\/wp-json\/wp\/v2\/types\/post"}],"author":[{"embeddable":true,"href":"https:\/\/msaludsgo.gov.ar\/web\/wp-json\/wp\/v2\/users\/5"}],"replies":[{"embeddable":true,"href":"https:\/\/msaludsgo.gov.ar\/web\/wp-json\/wp\/v2\/comments?post=6046"}],"version-history":[{"count":1,"href":"https:\/\/msaludsgo.gov.ar\/web\/wp-json\/wp\/v2\/posts\/6046\/revisions"}],"predecessor-version":[{"id":6048,"href":"https:\/\/msaludsgo.gov.ar\/web\/wp-json\/wp\/v2\/posts\/6046\/revisions\/6048"}],"wp:attachment":[{"href":"https:\/\/msaludsgo.gov.ar\/web\/wp-json\/wp\/v2\/media?parent=6046"}],"wp:term":[{"taxonomy":"category","embeddable":true,"href":"https:\/\/msaludsgo.gov.ar\/web\/wp-json\/wp\/v2\/categories?post=6046"},{"taxonomy":"post_tag","embeddable":true,"href":"https:\/\/msaludsgo.gov.ar\/web\/wp-json\/wp\/v2\/tags?post=6046"}],"curies":[{"name":"wp","href":"https:\/\/api.w.org\/{rel}","templated":true}]}}