{"id":6521,"date":"2022-08-09T14:57:10","date_gmt":"2022-08-09T14:57:10","guid":{"rendered":"https:\/\/msaludsgo.gov.ar\/web\/?p=6521"},"modified":"2022-08-26T12:38:27","modified_gmt":"2022-08-26T12:38:27","slug":"se-abrieron-las-inscripciones-para-la-xvi-jornada-santiaguena-de-cardiologia-2022","status":"publish","type":"post","link":"https:\/\/msaludsgo.gov.ar\/web\/se-abrieron-las-inscripciones-para-la-xvi-jornada-santiaguena-de-cardiologia-2022\/","title":{"rendered":"Se abrieron las inscripciones para la XVI Jornada Santiague\u00f1a de Cardiolog\u00eda 2022"},"content":{"rendered":"\n<p>El evento se realizar\u00e1 el <strong>pr\u00f3ximo 26 de Agosto en el FORUM &#8211; Centro de Convenciones<\/strong> y est\u00e1 organizado por  la <strong>Sociedad de Cardiolog\u00eda de Santiago del Estero, la Federaci\u00f3n Argentina de Cardiolog\u00eda y el Ministerio de Salud de Santiago del Estero<\/strong>. El mismo d\u00eda, tendr\u00e1 lugar la 1\u00b0 Jornada Provincial de Enfermer\u00eda. <\/p>\n\n\n\n<p>Para inscribirse, los interesados pueden ingresar al siguiente link: <strong><a href=\"https:\/\/vannaeventos.com.ar\/evento\/jornada-xvi-sgo-cardiologia\">INSCRIPCION <\/a><\/strong><\/p>\n\n\n\n<p class=\"has-white-color has-vivid-cyan-blue-background-color has-text-color has-background has-medium-font-size\"><strong>PROGRAMA<\/strong> <strong>JORNADA DE CARDIOLOG\u00cdA 2022<\/strong><\/p>\n\n\n\n<p><\/p>\n\n\n\n<p class=\"has-vivid-cyan-blue-color has-text-color\"><strong><em>ACREDITACIONES<\/em> | 08:30Hs<\/strong><\/p>\n\n\n\n<p class=\"has-vivid-cyan-blue-color has-text-color\"><strong><u><strong><em>M\u00d3DULO ANTICOAGULACION<\/em><\/strong><\/u><\/strong> | <strong>09:00-9:40 hs<\/strong>.<\/p>\n\n\n\n<p><strong>-Paradigma actual de la anticoagulaci\u00f3n en la Fibrilaci\u00f3n Auricular<\/strong><\/p>\n\n\n\n<p>Dr. Nicol\u00e1s Gonz\u00e1lez. M\u00e9dico cardi\u00f3logo. Sanatorio Finochietto.<\/p>\n\n\n\n<p><strong>-Enfermedad tromboemb\u00f3lica, un escenario poco conocido<\/strong><\/p>\n\n\n\n<p>Dr. Nicol\u00e1s Gonz\u00e1lez. M\u00e9dico cardi\u00f3logo. Sanatorio Finochietto.<\/p>\n\n\n\n<p><strong><em>Coordina: <\/em><\/strong><em>Dr. Ricardo Speciale<\/em><\/p>\n\n\n\n<p><strong><em>Panelistas:<\/em><\/strong> <em><em>Dr. Martin Abutti &#8211; Dra. Paola Reichel &#8211; Dr. Mariano Lujan<\/em><\/em><\/p>\n\n\n\n<p class=\"has-vivid-cyan-blue-color has-text-color\"><strong><u>M\u00d3DULO INSUFICIENCIA CARD\u00cdACA<\/u><\/strong> | <strong>9:40-10.40 hs<\/strong>.<\/p>\n\n\n\n<p><\/p>\n\n\n\n<p><strong><strong>Insuficiencia card\u00edaca en la mujer, \u00bfpodemos hablar de un modelo g\u00e9nero espec\u00edfico?<\/strong><\/strong><\/p>\n\n\n\n<p>Dra. Cecilia Moris. M\u00e9dica cardi\u00f3loga. Presidenta del Comit\u00e9 ICC de FAC.<\/p>\n\n\n\n<p>&nbsp;<strong>-El ri\u00f1\u00f3n no quiere pagar los platos rotos por el coraz\u00f3n&#8230;\u00bfC\u00f3mo lo protejo?<\/strong><\/p>\n\n\n\n<p>Dr. Pablo Nasca. M\u00e9dico cardi\u00f3logo. Tesorero de la FAC.<\/p>\n\n\n\n<p><strong>-Tratamiento de la insuficiencia card\u00edaca, superando los l\u00edmites de la fracci\u00f3n de eyecci\u00f3n.<\/strong><\/p>\n\n\n\n<p>Dra. Cecilia Moris. M\u00e9dica cardi\u00f3loga. Presidenta del Comit\u00e9 ICC de FAC.<\/p>\n\n\n\n<p><strong><em>Coordina: <\/em><\/strong><em>Dr. Carlos Manfredi<\/em><\/p>\n\n\n\n<p><strong><em>Panelistas:<\/em><\/strong> <em>Dr. Pablo Secco \u2013 Edgar Aguilar \u2013 Dr. Guillermo Iba\u00f1ez<\/em><\/p>\n\n\n\n<p class=\"has-vivid-cyan-blue-color has-text-color\"><strong><em>RECESO |<\/em> 10:40-11.10 hs<em>.<\/em><\/strong><\/p>\n\n\n\n<p class=\"has-vivid-cyan-blue-color has-text-color\"><strong><em><u>ACTO DE APERTURA<\/u><\/em><\/strong> | <strong>11:10Hs<\/strong><\/p>\n\n\n\n<p><strong>Palabras de bienvenida:<\/strong><\/p>\n\n\n\n<p>&nbsp;-Dr. Mauro Ruise<\/p>\n\n\n\n<p>Presidente de la Sociedad de Cardiolog\u00eda SDE<\/p>\n\n\n\n<p>&nbsp;-Lic. Natividad Nassif<\/p>\n\n\n\n<p>Ministra de Salud de la Provincia de Santiago del Estero<\/p>\n\n\n\n<p><\/p>\n\n\n\n<p class=\"has-vivid-cyan-blue-color has-text-color\"><strong><em><u>CONFERENCIA PLENARIA<\/u><\/em><\/strong> | <strong>11:30 -12:00 hs.<\/strong><\/p>\n\n\n\n<p><strong><strong>\u00bfQu\u00e9 hay de nuevo en Fibrilaci\u00f3n Auricular? <\/strong><\/strong>(on line)<\/p>\n\n\n\n<p>&nbsp;Dr. Luis Aguinaga. Presidente de la Federaci\u00f3n Argentina de Cardiolog\u00eda.<\/p>\n\n\n\n<p><\/p>\n\n\n\n<p class=\"has-vivid-cyan-blue-color has-text-color\"><strong><em><u><strong>M\u00d3DULO IMAGENES EN CARDIOLOG\u00cdA<\/strong><\/u><\/em><\/strong> | <strong>12:00-12.45:00 hs.<\/strong><\/p>\n\n\n\n<p>&#8211; <strong><strong>Insuficiencia tric\u00faspide, un problema emergente<\/strong><\/strong><\/p>\n\n\n\n<p>Dr. Jorge Tazzar. M\u00e9dico cardi\u00f3logo. Ex presidente de la Sociedad de Cardiolog\u00eda de Tucum\u00e1n.<\/p>\n\n\n\n<p>&#8211; <strong><strong>Miocardiopat\u00eda restrictiva, aportes de la resonancia<\/strong><\/strong><\/p>\n\n\n\n<p>Dr. Marianao Estofan. M\u00e9dico cardi\u00f3logo especialista en im\u00e1genes card\u00edacas. Codirector de la Diplomatura de Im\u00e1genes de la UNT.<\/p>\n\n\n\n<p><strong><em>Coordina:&nbsp; <\/em><\/strong><em>Dr. Rodolfo Gavicola<\/em><\/p>\n\n\n\n<p><strong><em>Panelistas:<\/em><\/strong> <em>Dr. Gaston Maldonado \u2013 Dr. Sebastian Avila \u2013 Dr. Pablo Yunes<\/em><\/p>\n\n\n\n<p class=\"has-vivid-cyan-blue-color has-text-color\"><strong><u><strong><em>SIMPOSIO DE LA INDUSTRIA<\/em><\/strong><\/u><\/strong> | <strong>12:45-13:30 hs.<\/strong><\/p>\n\n\n\n<p>&#8211; <strong><strong>Efecto iceberg del S\u00edndrome Cardiorrenal<\/strong><\/strong><\/p>\n\n\n\n<p>Dr. Walter Douthat &#8211; Nefr\u00f3logo &#8211; Past-President de la Sociedad Latinoamericana de Nefrolog\u00eda e Hipertensi\u00f3n (SLANH)<\/p>\n\n\n\n<p><strong><em>Coordina:\u00a0<\/em><\/strong><em><em>Dr. Joaquin Diaz Fernandez<\/em><\/em><\/p>\n\n\n\n<p><strong><em>Panelistas:<\/em><\/strong> <em><em>Dr. Mario Caceres-Dr. Facundo Lugones \u2013 Dr. Alejandro \u00c1balos &#8211; Dr. Agust\u00edn Sarquiz &#8211; Dr. Mario Ugozzoli<\/em><\/em><\/p>\n\n\n\n<p><strong><u><strong><strong><em>Presentaci\u00f3n de diplomatura en Medicina General y Salud Comunitaria Rural<\/em><\/strong><\/strong><\/u><\/strong> | <strong>13:30 -14:00 Hs<\/strong><\/p>\n\n\n\n<p>Dr Vital Mariano, miembro Soc. de cardiolog\u00eda de SDE.<\/p>\n\n\n\n<p><\/p>\n\n\n\n<p class=\"has-vivid-cyan-blue-color has-text-color\"><strong><em>RECESO | 14:00-15:00 Hs<\/em><\/strong><\/p>\n\n\n\n<p><\/p>\n\n\n\n<p><strong><em><u>M\u00d3DULO DE ENFERMEDAD DE CHAGAS\u00b8<\/u>\u201c<\/em><\/strong>DR. HUGO DANTE MUJICA\u201d |<strong>\u00a015:00 Hs-15:45 hs.<\/strong> (sal\u00f3n Dr. Ricardo Leguizam\u00f3n)<\/p>\n\n\n\n<p><strong>-Terapia de Resincronizaci\u00f3n en pacientes con Enfermedad de Chagas.<\/strong><\/p>\n\n\n\n<p>Dr. Ra\u00fal Vel\u00e1zquez. M\u00e9dico. Cardi\u00f3logo ex presidente de la sociedad de cardiolog\u00eda de Jujuy y ex presidente del comit\u00e9 de Chagas de la FAC.<\/p>\n\n\n\n<p><strong>-Rol de las im\u00e1genes en la enfermedad de Chagas.<\/strong><\/p>\n\n\n\n<p>Dr. Mariano Estofan. M\u00e9dico cardi\u00f3logo especialista en im\u00e1genes card\u00edacas. Co director de la diplomatura de im\u00e1genes de la UNT. 15\u2019<\/p>\n\n\n\n<p><strong><em>Coordina: <\/em><\/strong><em>Dr. Rafael Manzur<\/em><\/p>\n\n\n\n<p><strong><em>Panelistas:<\/em><\/strong> <em>Dr. Javier Rosmiro Fernandez (H)- Dr. Juan Jos\u00e9 Sirena<\/em><\/p>\n\n\n\n<p class=\"has-vivid-cyan-blue-color has-text-color\"><em><strong><u>SIMPOSIO DE ELECTROFISIOLOG\u00cdA<\/u><\/strong> <\/em>| <strong>15:45-16:15hs.<\/strong> (sala 2)<\/p>\n\n\n\n<p><strong>Estimulaci\u00f3n fisiol\u00f3gica.<\/strong><\/p>\n\n\n\n<p>&nbsp;Dr. Horacio Quiroga. M\u00e9dico cardi\u00f3logo y electro fisi\u00f3logo. Jefe de Secci\u00f3n Electrofisiolog\u00eda y Marcapasos del Hospital Aeron\u00e1utico Central Fuerza A\u00e9rea Argentina.<\/p>\n\n\n\n<p><strong><em>Coordina: <\/em><\/strong><em>Dr. Juan Jos\u00e9 Sirena<\/em><\/p>\n\n\n\n<p><strong><em>Panelistas:<\/em><\/strong> <em><em>Dr. Jose Leguizamon &#8211; Dr. Francisco Viano &#8211; Dr. Javier Rosmiro Fern\u00e1ndez (H)<\/em><\/em><\/p>\n\n\n\n<p class=\"has-vivid-cyan-blue-color has-text-color\"><em><strong><u>SIMPOSIO DE <strong>LA MUJER<\/strong><\/u><\/strong><\/em>| <strong>15:15-16:15hs.<\/strong> (sal\u00f3n Luis Walter Fr\u00edas)<\/p>\n\n\n\n<p>&#8211; <strong><strong>Presentaci\u00f3n de la gu\u00eda de prevenci\u00f3n cardiovascular en la mujer<\/strong><\/strong>.<\/p>\n\n\n\n<p>Dra. Mildren del Sueldo, Directora Mujeres en Rojo, Federaci\u00f3n Argentina de Cardiolog\u00eda<\/p>\n\n\n\n<p>&#8211; <strong>Living de expertos: caracteristicas de la Enfermedad Cardiovascular en la mujer<\/strong>.<\/p>\n\n\n\n<p>Dr. Luis Guzm\u00e1n. Ex presidente de la Federaci\u00f3n Argentina de Cardiolog\u00eda.<\/p>\n\n\n\n<p>Dra. Cecilia Moris. M\u00e9dica cardi\u00f3loga. Presidenta del Comit\u00e9 ICC de FAC.<\/p>\n\n\n\n<p>Dra. Mildren del Sueldo. Directora Mujeres en Rojo, Federaci\u00f3n Argentina de Cardiolog\u00eda.<\/p>\n\n\n\n<p>&#8211; <strong>INOCA, actualizaci\u00f3n y tratamiento<strong><strong>.<\/strong><\/strong><\/strong><\/p>\n\n\n\n<p>Dra. Mildren del Sueldo. Directora Mujeres en Rojo, Federaci\u00f3n Argentina de Cardiolog\u00eda.<\/p>\n\n\n\n<p><strong><em>Coordina: <\/em><\/strong><em>Dra. Agustina Pereda<\/em><\/p>\n\n\n\n<p><strong><em>Panelistas:<\/em><\/strong><em> Dra. Angela Sogga Alfano, Dra Ines Avila, Dr. Francisco Garcia Piazza<\/em><\/p>\n\n\n\n<p class=\"has-vivid-cyan-blue-color has-text-color\"><strong><em><u>M\u00d3DULO PREVENCI\u00d3N CARDIOVASCULAR<\/u><\/em><\/strong> | <strong>16.20-17:20 hs.<\/strong> (sala 2)<\/p>\n\n\n\n<p><strong>&#8211; Gesti\u00f3n del paciente metab\u00f3lico.<\/strong><\/p>\n\n\n\n<p>Dr. Daniel Piskorz. Ex presidente de la Federaci\u00f3n Argentina de Cardiolog\u00eda.<\/p>\n\n\n\n<p><strong>&#8211; <strong>Hipertensi\u00f3n arterial y su relaci\u00f3n con la enfermedad coronaria<\/strong><\/strong><\/p>\n\n\n\n<p>Dr. Luis Guzm\u00e1n, Ex presidente de la Federaci\u00f3n Argentina de Cardiolog\u00eda.<\/p>\n\n\n\n<p><strong>&#8211; Fenotipos de insuficiencia card\u00edaca en hipertensi\u00f3n arterial<\/strong><\/p>\n\n\n\n<p>Dr. Daniel Piskorz. Ex presidente de la Federaci\u00f3n Argentina de Cardiolog\u00eda.<\/p>\n\n\n\n<p><strong><em>Coordina: <\/em><\/strong><em>Dr Luis Orellana<\/em><\/p>\n\n\n\n<p><strong><em>Panelistas:<\/em><\/strong> <em>Dra Carolina L\u00f3pez \u00c1vila, Dr. Ramon Alvarez, Dr. H\u00e9ctor Trungelliti<\/em><\/p>\n\n\n\n<p><\/p>\n\n\n\n<p class=\"has-vivid-cyan-blue-color has-text-color\"><strong>RECESO | 17.20-17.40 Hs.<\/strong><\/p>\n\n\n\n<p><\/p>\n\n\n\n<p class=\"has-vivid-cyan-blue-color has-text-color\"><strong><em><u>M\u00d3DULO CARDIOPAT\u00cdA ISQU\u00c9MICA<\/u><\/em><\/strong> | <strong>17.40-18.40 Hs<\/strong><\/p>\n\n\n\n<p><strong>&#8211; Anti agregaci\u00f3n en S\u00edndromes Coronarios Agudos con ST<\/strong><\/p>\n\n\n\n<p>Dr. Walter Quiroga Castro. Coordinador \u00c1rea post operatorio del Servicio de Terapia Intensiva del Instituto Modelo de C\u00f3rdoba.<\/p>\n\n\n\n<p><strong>&#8211; Manejo de los S\u00edndromes coronarios Cr\u00f3nicos en 2022<\/strong><\/p>\n\n\n\n<p>Dr. Ramiro Castellanos. Ex Presidente de la Soc. de Cardiolog\u00eda de Tucum\u00e1n.<\/p>\n\n\n\n<p><strong>&#8211; <strong>Pre-Tratamiento en S\u00edndromes Coronarios Agudos: \u00bfSi o No?<\/strong><\/strong><\/p>\n\n\n\n<p>Dr. Juan Muntaner. Ex Presidente de la Soc. de Cardiolog\u00eda de Tucum\u00e1n. Ex Presidente del Comit\u00e9 de Cardiopat\u00eda Isqu\u00e9mica FAC.<\/p>\n\n\n\n<p><strong><em>Coordina: <\/em><\/strong><em>Dr. Jorge Trejo<\/em><\/p>\n\n\n\n<p><strong><em>Panelistas:<\/em><\/strong> <em>Dr. Facundo Lezana \u2013 Dr. Antenor Alvarez &#8211; Dr. Mariano De Marco &#8211; Dr. German Bernat<\/em> &#8211; <em>Dr. Emanuel Sarnago<\/em><\/p>\n\n\n\n<p><\/p>\n\n\n\n<p class=\"has-white-color has-vivid-purple-background-color has-text-color has-background has-medium-font-size\"><strong>I JORNADA DE ENFERMER\u00cdA<\/strong><\/p>\n\n\n\n<p class=\"has-vivid-purple-color has-text-color\"><strong><em>M\u00d3DULO CARDIOMETABOLICO<\/em><\/strong> | <strong>13:00 A 14:00 HS (sal\u00f3n Luis Walter Fr\u00edas)\u00a0<\/strong><\/p>\n\n\n\n<p><strong>Importancia de la Valoraci\u00f3n del Riesgo Cardiovascular<\/strong><\/p>\n\n\n\n<p>Lic. Paula Cuello.<\/p>\n\n\n\n<p><strong>Hablemos de Hipertensi\u00f3n arterial y Riesgo Cardiovascular.<\/strong><\/p>\n\n\n\n<p>Lic. Martin Loto.<\/p>\n\n\n\n<p><strong>Diabetes y Riesgo Cardiovascular, haciendo prevenci\u00f3n desde el hospital<\/strong><\/p>\n\n\n\n<p>Lic Alejandra Roldan.<\/p>\n\n\n\n<p><strong><strong><strong>Las ECNT y la necesidad de una respuesta integral de salud<\/strong><\/strong><\/strong><\/p>\n\n\n\n<p>Lic. Marina Cura.<\/p>\n\n\n\n<p><strong>Cierre de jornada<\/strong><\/p>\n\n\n\n<p>Lic. Fabiana Mendieta<\/p>\n\n\n\n<p class=\"has-vivid-purple-color has-text-color\"><strong><em>M\u00d3DULO CARDIOPAT\u00cdA ISQU\u00c9MICA<\/em><\/strong> | 14:00 &#8211; 15:00hs.(sal\u00f3n Luis Walter Fr\u00edas)<\/p>\n\n\n\n<p><strong><strong>Conceptos b\u00e1sicos de electrocardiograf\u00eda. \u00bfC\u00f3mo realizarlo?.<\/strong><\/strong><\/p>\n\n\n\n<p>Dr. Alejandro Polti. M\u00e9dico Cardi\u00f3logo, especialista en electrofisiologia. Hospital Independencia.<\/p>\n\n\n\n<p><strong>Estrategias para el armado de redes de derivaci\u00f3n de infarto<\/strong><\/p>\n\n\n\n<p>Dr. Luis Orellana. M\u00e9dico Cardilogo. Referente provincial en enfermedades Cronicas No transmisibles.<\/p>\n\n\n\n<p><strong>Reperfusi\u00f3n en infarto agudo de miocardio, nuevas t\u00e9cnicas.<\/strong><\/p>\n\n\n\n<p>Lic Ariel Carrizo. Licenciado en producci\u00f3n de Bioimagenes- Radiolog\u00eda hemodinamia en Cl\u00ednica Yunes.<\/p>\n\n\n\n<p><\/p>\n\n\n\n<p class=\"has-white-color has-vivid-green-cyan-background-color has-text-color has-background has-medium-font-size\"><strong>TALLERES<\/strong><\/p>\n\n\n\n<p class=\"has-vivid-green-cyan-color has-text-color\"><strong><em>C\u00f3mo realizar un electrocardiograma<\/em><\/strong> | <strong>15:00 &#8211; 17: 00 hs.<\/strong> (sal\u00f3n Hugo Rafael Moreno Caceres)<\/p>\n\n\n\n<p>Equipo de hospital independencia y REDES (Destinado a enfermeros y estudiantes).<\/p>\n\n\n\n<p class=\"has-vivid-green-cyan-color has-text-color\"><strong><em>La salud mental en tus manos ante la presencia de enfermedades cr\u00f3nicas no transmisibles<\/em><\/strong> | <strong>17:00 hs. (explanada)<\/strong><\/p>\n\n\n\n<p>C\u00e1tedra de enfermer\u00eda en salud mental-Fac. de Humanidades y C. Sociales-UNSE<\/p>\n\n\n\n<p><\/p>\n","protected":false},"excerpt":{"rendered":"<p>El evento se realizar\u00e1 el pr\u00f3ximo 26 de Agosto en el FORUM &#8211; Centro de Convenciones y est\u00e1 organizado por la Sociedad de Cardiolog\u00eda de Santiago del Estero, la Federaci\u00f3n Argentina de Cardiolog\u00eda y el Ministerio de Salud de Santiago del Estero. El mismo d\u00eda, tendr\u00e1 lugar la 1\u00b0 Jornada Provincial de Enfermer\u00eda. Para inscribirse, [&hellip;]<\/p>\n","protected":false},"author":3,"featured_media":6522,"comment_status":"open","ping_status":"open","sticky":false,"template":"","format":"standard","meta":{"footnotes":""},"categories":[2,3],"tags":[],"class_list":["post-6521","post","type-post","status-publish","format-standard","has-post-thumbnail","hentry","category-noticias","category-novedades"],"aioseo_notices":[],"_links":{"self":[{"href":"https:\/\/msaludsgo.gov.ar\/web\/wp-json\/wp\/v2\/posts\/6521","targetHints":{"allow":["GET"]}}],"collection":[{"href":"https:\/\/msaludsgo.gov.ar\/web\/wp-json\/wp\/v2\/posts"}],"about":[{"href":"https:\/\/msaludsgo.gov.ar\/web\/wp-json\/wp\/v2\/types\/post"}],"author":[{"embeddable":true,"href":"https:\/\/msaludsgo.gov.ar\/web\/wp-json\/wp\/v2\/users\/3"}],"replies":[{"embeddable":true,"href":"https:\/\/msaludsgo.gov.ar\/web\/wp-json\/wp\/v2\/comments?post=6521"}],"version-history":[{"count":13,"href":"https:\/\/msaludsgo.gov.ar\/web\/wp-json\/wp\/v2\/posts\/6521\/revisions"}],"predecessor-version":[{"id":6690,"href":"https:\/\/msaludsgo.gov.ar\/web\/wp-json\/wp\/v2\/posts\/6521\/revisions\/6690"}],"wp:featuredmedia":[{"embeddable":true,"href":"https:\/\/msaludsgo.gov.ar\/web\/wp-json\/wp\/v2\/media\/6522"}],"wp:attachment":[{"href":"https:\/\/msaludsgo.gov.ar\/web\/wp-json\/wp\/v2\/media?parent=6521"}],"wp:term":[{"taxonomy":"category","embeddable":true,"href":"https:\/\/msaludsgo.gov.ar\/web\/wp-json\/wp\/v2\/categories?post=6521"},{"taxonomy":"post_tag","embeddable":true,"href":"https:\/\/msaludsgo.gov.ar\/web\/wp-json\/wp\/v2\/tags?post=6521"}],"curies":[{"name":"wp","href":"https:\/\/api.w.org\/{rel}","templated":true}]}}