{"id":6699,"date":"2022-08-26T12:44:31","date_gmt":"2022-08-26T12:44:31","guid":{"rendered":"https:\/\/msaludsgo.gov.ar\/web\/?p=6699"},"modified":"2022-08-26T12:44:31","modified_gmt":"2022-08-26T12:44:31","slug":"reporte-semanal-del-31-de-julio-al-6-de-agosto-2022-en-la-provincia-de-santiago-del-estero","status":"publish","type":"post","link":"https:\/\/msaludsgo.gov.ar\/web\/reporte-semanal-del-31-de-julio-al-6-de-agosto-2022-en-la-provincia-de-santiago-del-estero\/","title":{"rendered":"REPORTE SEMANAL del 31 de julio al 6 de agosto 2022 en la Provincia de Santiago del Estero"},"content":{"rendered":"\n<p><img decoding=\"async\" height=\"16\" width=\"16\" alt=\"&#x1f4cc;\" src=\"https:\/\/static.xx.fbcdn.net\/images\/emoji.php\/v9\/tac\/1\/16\/1f4cc.png\">Se reportaron cuatrocientos nueve ( 409 ) casos recuperados, por lo que son ciento catorce mil ciento treinta y un (114.131) casos recuperados en la provincia.<\/p>\n\n\n\n<p><img decoding=\"async\" height=\"16\" width=\"16\" alt=\"&#x1f4cc;\" src=\"https:\/\/static.xx.fbcdn.net\/images\/emoji.php\/v9\/tac\/1\/16\/1f4cc.png\"> Se notificaron 3 (tres) personas fallecidas con diagn\u00f3stico de COVID-19 activo en la provincia. Se trata de personas de 59 y 72 a\u00f1os con patologias previas y esquema de vacunaci\u00f3n incompleto y una persona de 71 a\u00f1os sin vacunaci\u00f3n contra COVID-19.<\/p>\n\n\n\n<p><img decoding=\"async\" height=\"16\" width=\"16\" alt=\"&#x1f4cc;\" src=\"https:\/\/static.xx.fbcdn.net\/images\/emoji.php\/v9\/tac\/1\/16\/1f4cc.png\">Hay un total de mil doscientos seis (1.206) personas positivas fallecidas en la provincia.<\/p>\n\n\n\n<p><img decoding=\"async\" height=\"16\" width=\"16\" alt=\"&#x1f4cc;\" src=\"https:\/\/static.xx.fbcdn.net\/images\/emoji.php\/v9\/tac\/1\/16\/1f4cc.png\">Se procesaron un total de dos mil ochenta y ocho (2088) muestras.<\/p>\n\n\n\n<p><img decoding=\"async\" height=\"16\" width=\"16\" alt=\"&#x1f4cc;\" src=\"https:\/\/static.xx.fbcdn.net\/images\/emoji.php\/v9\/tac\/1\/16\/1f4cc.png\">Se notificaron cuatrocientos setenta y cinco ( 475 ) casos positivos de COVID -19 en la provincia. Capital-Banda 252 e interior 223: Amicha 1, A\u00f1atuya 8, Bandera 2, Beltr\u00e1n 3, Campo Gallo 1, Campo Grande 1, Chaupi Pozo 1, Choya 3, Clodomira 2, Colonia Dora 1, Colonia El Simbolar 1, Colonia Mar\u00eda Elena 1, El Bobadal 2, El Manantial 1, El Polear 1, Estaci\u00f3n Simbolar 1, Estaci\u00f3n Taboada 1, Fern\u00e1ndez 5, Forres 1, Fr\u00edas 21, Guampacha 1, Herrera 1, La Aguada 2, La Ca\u00f1ada 2, La Fragua 2, La Reserva 1, Las Delicias 1, Lavalle 2, Lezcano 1, Los Quiroga 3, Loreto 5, Maco 2, Mansupa 2, Monte Quemado 2, Nueva Esperanza 1, Nueva Francia 2, Pampa de los Guanacos 10, Pinto 2, Pozo Hondo 1, Pozuelos 1, Puesto Retiro 1, Quimili 1, San Andr\u00e9s 2, San Pablo 1, San Pedro de Guasayan 1, Santos Lugares 1, Sotelos 2, Sumampa 19, Suncho Corral 1, Tabla del Boqueron 1, Tasigasta 1, Termas 71, Toro Pampa 1, Vaca Hua\u00f1una 1, Villa Atamisqui 1, Villa Mailin 1, Villa Ojo de Agua 4, Villa Zanj\u00f3n 4, Villa Robles 2, Villa Silipica 1, Vilmer 1, Vilelas 1, Vinara 2.<\/p>\n\n\n\n<p><img decoding=\"async\" height=\"16\" width=\"16\" alt=\"&#x1f4cc;\" src=\"https:\/\/static.xx.fbcdn.net\/images\/emoji.php\/v9\/tac\/1\/16\/1f4cc.png\"> Permanecen activos cuatrocientos veititr\u00e9s (423) casos en la provincia.<\/p>\n\n\n\n<p><img decoding=\"async\" height=\"16\" width=\"16\" alt=\"&#x1f4cc;\" src=\"https:\/\/static.xx.fbcdn.net\/images\/emoji.php\/v9\/tac\/1\/16\/1f4cc.png\"> El total de casos positivos acumulados es de ciento diciochomil noventa y uno (118.091)<\/p>\n\n\n\n<p>Importante: La diferencia de casos acumulados, y difundidos en el informe nacional, obedece a diferentes horarios de carga, y a santiague\u00f1os que residen en otras provincias pero que no tienen realizado el cambio de domicilio legal en su DNI. Se ha solicitado el correspondiente pedido de reclasificaci\u00f3n de los casos excedentes cargados para nuestra provincia.<\/p>\n\n\n\n<figure class=\"wp-block-image size-full\"><img fetchpriority=\"high\" decoding=\"async\" width=\"526\" height=\"526\" src=\"https:\/\/msaludsgo.gov.ar\/web\/wp-content\/uploads\/2022\/08\/image-4.png\" alt=\"\" class=\"wp-image-6700\" srcset=\"https:\/\/msaludsgo.gov.ar\/web\/wp-content\/uploads\/2022\/08\/image-4.png 526w, https:\/\/msaludsgo.gov.ar\/web\/wp-content\/uploads\/2022\/08\/image-4-300x300.png 300w, https:\/\/msaludsgo.gov.ar\/web\/wp-content\/uploads\/2022\/08\/image-4-150x150.png 150w, https:\/\/msaludsgo.gov.ar\/web\/wp-content\/uploads\/2022\/08\/image-4-400x400.png 400w\" sizes=\"(max-width: 526px) 100vw, 526px\" \/><\/figure>\n","protected":false},"excerpt":{"rendered":"<p>Se reportaron cuatrocientos nueve ( 409 ) casos recuperados, por lo que son ciento catorce mil ciento treinta y un (114.131) casos recuperados en la provincia. Se notificaron 3 (tres) personas fallecidas con diagn\u00f3stico de COVID-19 activo en la provincia. Se trata de personas de 59 y 72 a\u00f1os con patologias previas y esquema de [&hellip;]<\/p>\n","protected":false},"author":3,"featured_media":0,"comment_status":"open","ping_status":"open","sticky":false,"template":"","format":"standard","meta":{"footnotes":""},"categories":[10,17],"tags":[],"class_list":["post-6699","post","type-post","status-publish","format-standard","hentry","category-covid-19","category-reporte-diario"],"aioseo_notices":[],"_links":{"self":[{"href":"https:\/\/msaludsgo.gov.ar\/web\/wp-json\/wp\/v2\/posts\/6699","targetHints":{"allow":["GET"]}}],"collection":[{"href":"https:\/\/msaludsgo.gov.ar\/web\/wp-json\/wp\/v2\/posts"}],"about":[{"href":"https:\/\/msaludsgo.gov.ar\/web\/wp-json\/wp\/v2\/types\/post"}],"author":[{"embeddable":true,"href":"https:\/\/msaludsgo.gov.ar\/web\/wp-json\/wp\/v2\/users\/3"}],"replies":[{"embeddable":true,"href":"https:\/\/msaludsgo.gov.ar\/web\/wp-json\/wp\/v2\/comments?post=6699"}],"version-history":[{"count":1,"href":"https:\/\/msaludsgo.gov.ar\/web\/wp-json\/wp\/v2\/posts\/6699\/revisions"}],"predecessor-version":[{"id":6701,"href":"https:\/\/msaludsgo.gov.ar\/web\/wp-json\/wp\/v2\/posts\/6699\/revisions\/6701"}],"wp:attachment":[{"href":"https:\/\/msaludsgo.gov.ar\/web\/wp-json\/wp\/v2\/media?parent=6699"}],"wp:term":[{"taxonomy":"category","embeddable":true,"href":"https:\/\/msaludsgo.gov.ar\/web\/wp-json\/wp\/v2\/categories?post=6699"},{"taxonomy":"post_tag","embeddable":true,"href":"https:\/\/msaludsgo.gov.ar\/web\/wp-json\/wp\/v2\/tags?post=6699"}],"curies":[{"name":"wp","href":"https:\/\/api.w.org\/{rel}","templated":true}]}}