{"id":6702,"date":"2022-08-26T12:46:39","date_gmt":"2022-08-26T12:46:39","guid":{"rendered":"https:\/\/msaludsgo.gov.ar\/web\/?p=6702"},"modified":"2022-08-26T12:46:39","modified_gmt":"2022-08-26T12:46:39","slug":"reporte-semanal-del-7-al-13-de-agosto-2022-en-la-provincia-de-santiago-del-estero","status":"publish","type":"post","link":"https:\/\/msaludsgo.gov.ar\/web\/reporte-semanal-del-7-al-13-de-agosto-2022-en-la-provincia-de-santiago-del-estero\/","title":{"rendered":"REPORTE SEMANAL del 7 al 13 de agosto 2022 en la Provincia de Santiago del Estero"},"content":{"rendered":"\n<p><img decoding=\"async\" height=\"16\" width=\"16\" alt=\"&#x1f4cc;\" src=\"https:\/\/static.xx.fbcdn.net\/images\/emoji.php\/v9\/tac\/1\/16\/1f4cc.png\">Se reportaron trescientos ochenta y tres ( 383 ) casos recuperados, por lo que son ciento catorce mil quinientos catorce (114.514) casos recuperados en la provincia.<\/p>\n\n\n\n<p><img decoding=\"async\" height=\"16\" width=\"16\" alt=\"&#x1f4cc;\" src=\"https:\/\/static.xx.fbcdn.net\/images\/emoji.php\/v9\/tac\/1\/16\/1f4cc.png\"> No se notificaron personas fallecidas con diagn\u00f3stico de COVID-19 activo en la provincia.<\/p>\n\n\n\n<p><img decoding=\"async\" height=\"16\" width=\"16\" alt=\"&#x1f4cc;\" src=\"https:\/\/static.xx.fbcdn.net\/images\/emoji.php\/v9\/tac\/1\/16\/1f4cc.png\">Hay un total de mil doscientos seis (1.206) personas positivas fallecidas en la provincia.<\/p>\n\n\n\n<p><img decoding=\"async\" height=\"16\" width=\"16\" alt=\"&#x1f4cc;\" src=\"https:\/\/static.xx.fbcdn.net\/images\/emoji.php\/v9\/tac\/1\/16\/1f4cc.png\">Se procesaron un total de mil setecientas cuarenta y cuatro (1744) muestras.<\/p>\n\n\n\n<p><img decoding=\"async\" height=\"16\" width=\"16\" alt=\"&#x1f4cc;\" src=\"https:\/\/static.xx.fbcdn.net\/images\/emoji.php\/v9\/tac\/1\/16\/1f4cc.png\">Se notificaron trescientos setenta y siete ( 377 ) casos positivos de COVID -19 en la provincia. Capital-Banda 206 e interior 171: A\u00f1atuya 6, Arraga 2, Bahoma 1, Bandera Bajada 5, Brea Pozo 1, Ca\u00f1ada de la costa 2, Ca\u00f1ada del monte 1, Campo Gallo 1, Cejas de los Ju\u00e1rez 1, Clodomira 2, Colonia Dora 2; Colonia Mar\u00eda Elena 1, Colonia Tinco 2, El Polear 1, El Porvenir 2, Fern\u00e1ndez 3, Fr\u00edas 27, Guampacha 1, Ica\u00f1o 2, La Aguada 1, La Ca\u00f1ada 1, La Cuchilla 1, La Invernada 1, La Nueva Donosa 1, La Reserva 2, Laprida 1, Lezcano 3, Los Juries 1, Loreto 2, Mansupa 2, Mistol 1, Monte Quemado 3, Nueva Francia 2, Pampa de los Guanacos 11, Pinto 2, Pozuelos 2, Quimili 4, Santos Lugares 2, Siete Arboles 1, Simbol 1, Sotelos 1, Sumampa 4, Termas 51, Upianita 1, Villa Mailin 1, Villa Ojo de Agua 4, Villa Robles 1.<\/p>\n\n\n\n<p><img decoding=\"async\" height=\"16\" width=\"16\" alt=\"&#x1f4cc;\" src=\"https:\/\/static.xx.fbcdn.net\/images\/emoji.php\/v9\/tac\/1\/16\/1f4cc.png\"> Permanecen activos cuatrocientos diecisiete (417) casos en la provincia.<\/p>\n\n\n\n<p><img decoding=\"async\" height=\"16\" width=\"16\" alt=\"&#x1f4cc;\" src=\"https:\/\/static.xx.fbcdn.net\/images\/emoji.php\/v9\/tac\/1\/16\/1f4cc.png\"> El total de casos positivos acumulados es de ciento dieciocho mil cuatrocientos sesenta y ocho (118.468)<\/p>\n\n\n\n<p>Importante: La diferencia de casos acumulados, y difundidos en el informe nacional, obedece a diferentes horarios de carga, y a santiague\u00f1os que residen en otras provincias pero que no tienen realizado el cambio de domicilio legal en su DNI. Se ha solicitado el correspondiente pedido de reclasificaci\u00f3n de los casos excedentes cargados para nuestra provincia.<\/p>\n\n\n\n<figure class=\"wp-block-image size-full\"><img fetchpriority=\"high\" decoding=\"async\" width=\"526\" height=\"526\" src=\"https:\/\/msaludsgo.gov.ar\/web\/wp-content\/uploads\/2022\/08\/image-5.png\" alt=\"\" class=\"wp-image-6703\" srcset=\"https:\/\/msaludsgo.gov.ar\/web\/wp-content\/uploads\/2022\/08\/image-5.png 526w, https:\/\/msaludsgo.gov.ar\/web\/wp-content\/uploads\/2022\/08\/image-5-300x300.png 300w, https:\/\/msaludsgo.gov.ar\/web\/wp-content\/uploads\/2022\/08\/image-5-150x150.png 150w, https:\/\/msaludsgo.gov.ar\/web\/wp-content\/uploads\/2022\/08\/image-5-400x400.png 400w\" sizes=\"(max-width: 526px) 100vw, 526px\" \/><\/figure>\n","protected":false},"excerpt":{"rendered":"<p>Se reportaron trescientos ochenta y tres ( 383 ) casos recuperados, por lo que son ciento catorce mil quinientos catorce (114.514) casos recuperados en la provincia. No se notificaron personas fallecidas con diagn\u00f3stico de COVID-19 activo en la provincia. Hay un total de mil doscientos seis (1.206) personas positivas fallecidas en la provincia. Se procesaron [&hellip;]<\/p>\n","protected":false},"author":3,"featured_media":0,"comment_status":"open","ping_status":"open","sticky":false,"template":"","format":"standard","meta":{"footnotes":""},"categories":[10,17],"tags":[],"class_list":["post-6702","post","type-post","status-publish","format-standard","hentry","category-covid-19","category-reporte-diario"],"aioseo_notices":[],"_links":{"self":[{"href":"https:\/\/msaludsgo.gov.ar\/web\/wp-json\/wp\/v2\/posts\/6702","targetHints":{"allow":["GET"]}}],"collection":[{"href":"https:\/\/msaludsgo.gov.ar\/web\/wp-json\/wp\/v2\/posts"}],"about":[{"href":"https:\/\/msaludsgo.gov.ar\/web\/wp-json\/wp\/v2\/types\/post"}],"author":[{"embeddable":true,"href":"https:\/\/msaludsgo.gov.ar\/web\/wp-json\/wp\/v2\/users\/3"}],"replies":[{"embeddable":true,"href":"https:\/\/msaludsgo.gov.ar\/web\/wp-json\/wp\/v2\/comments?post=6702"}],"version-history":[{"count":1,"href":"https:\/\/msaludsgo.gov.ar\/web\/wp-json\/wp\/v2\/posts\/6702\/revisions"}],"predecessor-version":[{"id":6704,"href":"https:\/\/msaludsgo.gov.ar\/web\/wp-json\/wp\/v2\/posts\/6702\/revisions\/6704"}],"wp:attachment":[{"href":"https:\/\/msaludsgo.gov.ar\/web\/wp-json\/wp\/v2\/media?parent=6702"}],"wp:term":[{"taxonomy":"category","embeddable":true,"href":"https:\/\/msaludsgo.gov.ar\/web\/wp-json\/wp\/v2\/categories?post=6702"},{"taxonomy":"post_tag","embeddable":true,"href":"https:\/\/msaludsgo.gov.ar\/web\/wp-json\/wp\/v2\/tags?post=6702"}],"curies":[{"name":"wp","href":"https:\/\/api.w.org\/{rel}","templated":true}]}}