{"id":6705,"date":"2022-08-26T12:48:13","date_gmt":"2022-08-26T12:48:13","guid":{"rendered":"https:\/\/msaludsgo.gov.ar\/web\/?p=6705"},"modified":"2022-08-26T12:48:13","modified_gmt":"2022-08-26T12:48:13","slug":"reporte-semanal-del-14-al-20-de-agosto-2022-en-la-provincia-de-santiago-del-estero","status":"publish","type":"post","link":"https:\/\/msaludsgo.gov.ar\/web\/reporte-semanal-del-14-al-20-de-agosto-2022-en-la-provincia-de-santiago-del-estero\/","title":{"rendered":"REPORTE SEMANAL del 14 al 20 de agosto 2022 en la Provincia de Santiago del Estero"},"content":{"rendered":"\n<p><img decoding=\"async\" height=\"16\" width=\"16\" alt=\"&#x1f4ca;\" src=\"https:\/\/static.xx.fbcdn.net\/images\/emoji.php\/v9\/taa\/1\/16\/1f4ca.png\"><img decoding=\"async\" height=\"16\" width=\"16\" alt=\"&#x1f9a0;\" src=\"https:\/\/static.xx.fbcdn.net\/images\/emoji.php\/v9\/t0\/1\/16\/1f9a0.png\"><a href=\"https:\/\/www.facebook.com\/hashtag\/covid19?__eep__=6&amp;__cft__[0]=AZWeajXdCAznyOeVApjsp9Tss4Ogpzi3uNRafz8rLhMohzn_Om9eOLyZrYR13Bkvqu76LaQ3YwV4YjJ3CTmVBvaglApLW4fGt7jLdHF3MBz2enPv7SziLNub2Xu9KXhJtjkBmc_i_ZAnwhmiiCwHvg_y&amp;__tn__=*NK-R\">#COVID19<\/a> REPORTE SEMANAL del 14 al 20 de agosto 2022 en la Provincia de Santiago del Estero:<\/p>\n\n\n\n<p><img decoding=\"async\" height=\"16\" width=\"16\" alt=\"&#x1f4cc;\" src=\"https:\/\/static.xx.fbcdn.net\/images\/emoji.php\/v9\/tac\/1\/16\/1f4cc.png\">Se reportaron trescientos treinta y nueve ( 339 ) casos recuperados, por lo que son ciento catorce mil ochocientos cincuenta y tres (114.853) casos recuperados en la provincia.<\/p>\n\n\n\n<p><img decoding=\"async\" height=\"16\" width=\"16\" alt=\"&#x1f4cc;\" src=\"https:\/\/static.xx.fbcdn.net\/images\/emoji.php\/v9\/tac\/1\/16\/1f4cc.png\"> Se notificaron cuatros (4) personas fallecidas con diagn\u00f3stico de COVID-19 activo en la provincia. Se trata de personas de 76, 60, 71 y 80 a\u00f1os, con patologias previas y esquema de vacunacion incompleto.<\/p>\n\n\n\n<p><img decoding=\"async\" height=\"16\" width=\"16\" alt=\"&#x1f4cc;\" src=\"https:\/\/static.xx.fbcdn.net\/images\/emoji.php\/v9\/tac\/1\/16\/1f4cc.png\">Hay un total de mil doscientos diez (1.210) personas positivas fallecidas en la provincia.<\/p>\n\n\n\n<p><img decoding=\"async\" height=\"16\" width=\"16\" alt=\"&#x1f4cc;\" src=\"https:\/\/static.xx.fbcdn.net\/images\/emoji.php\/v9\/tac\/1\/16\/1f4cc.png\">Se procesaron un total de mil cuatrocientos sesenta y cinco (1465) muestras.<\/p>\n\n\n\n<p><img decoding=\"async\" height=\"16\" width=\"16\" alt=\"&#x1f4cc;\" src=\"https:\/\/static.xx.fbcdn.net\/images\/emoji.php\/v9\/tac\/1\/16\/1f4cc.png\">Se notificaron doscientos treinta y cinco ( 235 ) casos positivos de COVID -19 en la provincia. Capital-Banda 120 e interior 115: A\u00f1atuya 2; Bandera Belgrano 1; Beltr\u00e1n 1; Brea Pozo 1; Ca\u00f1ada de la costa 1; Ca\u00f1ada del monte 2; Cara Pujio 1; Chilca Juliana 1; Clodomira 1; Colonia El Simbolar 1; Colonia Tinco 2; El Churqui 1; El Dean 1; El Mojon 1; El Polear 1; El Porvenir 2; Fr\u00edas 9; Fuerte Viejo 1; Forres 1; Guampacha 1; Jumial Grande 1; La Ca\u00f1ada 1; La Capilla 1; La Reserva 2; La Soledad 1; Lezcano 1; Los Quiroga 2; Los Telares 1; Loreto 5; Maco 1; Medellin 2; Pozuelos 3; Quimili 1; San Felix 1; Selva 1; Sotelos 1; Suncho Corral 1; Sumampa 1; Tacioj 1; Taco Pujio 1; Termas 49; Villa Ojo de Agua 1; Villa Zanjon 2; Vinal 1; Yutu Yacu 1.<\/p>\n\n\n\n<p><img decoding=\"async\" height=\"16\" width=\"16\" alt=\"&#x1f4cc;\" src=\"https:\/\/static.xx.fbcdn.net\/images\/emoji.php\/v9\/tac\/1\/16\/1f4cc.png\"> Permanecen activos trescientos nueve (309) casos en la provincia.<\/p>\n\n\n\n<p><img decoding=\"async\" height=\"16\" width=\"16\" alt=\"&#x1f4cc;\" src=\"https:\/\/static.xx.fbcdn.net\/images\/emoji.php\/v9\/tac\/1\/16\/1f4cc.png\"> El total de casos positivos acumulados es de ciento dieciocho mil setecientos tres (118.703)<\/p>\n\n\n\n<p>Importante: La diferencia de casos acumulados, y difundidos en el informe nacional, obedece a diferentes horarios de carga, y a santiague\u00f1os que residen en otras provincias pero que no tienen realizado el cambio de domicilio legal en su DNI. Se ha solicitado el correspondiente pedido de reclasificaci\u00f3n de los casos excedentes cargados para nuestra provincia.<\/p>\n\n\n\n<figure class=\"wp-block-image size-full\"><img loading=\"lazy\" decoding=\"async\" width=\"526\" height=\"526\" src=\"https:\/\/msaludsgo.gov.ar\/web\/wp-content\/uploads\/2022\/08\/image-6.png\" alt=\"\" class=\"wp-image-6706\" srcset=\"https:\/\/msaludsgo.gov.ar\/web\/wp-content\/uploads\/2022\/08\/image-6.png 526w, https:\/\/msaludsgo.gov.ar\/web\/wp-content\/uploads\/2022\/08\/image-6-300x300.png 300w, https:\/\/msaludsgo.gov.ar\/web\/wp-content\/uploads\/2022\/08\/image-6-150x150.png 150w, https:\/\/msaludsgo.gov.ar\/web\/wp-content\/uploads\/2022\/08\/image-6-400x400.png 400w\" sizes=\"(max-width: 526px) 100vw, 526px\" \/><\/figure>\n","protected":false},"excerpt":{"rendered":"<p>#COVID19 REPORTE SEMANAL del 14 al 20 de agosto 2022 en la Provincia de Santiago del Estero: Se reportaron trescientos treinta y nueve ( 339 ) casos recuperados, por lo que son ciento catorce mil ochocientos cincuenta y tres (114.853) casos recuperados en la provincia. Se notificaron cuatros (4) personas fallecidas con diagn\u00f3stico de COVID-19 [&hellip;]<\/p>\n","protected":false},"author":3,"featured_media":0,"comment_status":"open","ping_status":"open","sticky":false,"template":"","format":"standard","meta":{"footnotes":""},"categories":[10,17],"tags":[],"class_list":["post-6705","post","type-post","status-publish","format-standard","hentry","category-covid-19","category-reporte-diario"],"aioseo_notices":[],"_links":{"self":[{"href":"https:\/\/msaludsgo.gov.ar\/web\/wp-json\/wp\/v2\/posts\/6705","targetHints":{"allow":["GET"]}}],"collection":[{"href":"https:\/\/msaludsgo.gov.ar\/web\/wp-json\/wp\/v2\/posts"}],"about":[{"href":"https:\/\/msaludsgo.gov.ar\/web\/wp-json\/wp\/v2\/types\/post"}],"author":[{"embeddable":true,"href":"https:\/\/msaludsgo.gov.ar\/web\/wp-json\/wp\/v2\/users\/3"}],"replies":[{"embeddable":true,"href":"https:\/\/msaludsgo.gov.ar\/web\/wp-json\/wp\/v2\/comments?post=6705"}],"version-history":[{"count":1,"href":"https:\/\/msaludsgo.gov.ar\/web\/wp-json\/wp\/v2\/posts\/6705\/revisions"}],"predecessor-version":[{"id":6707,"href":"https:\/\/msaludsgo.gov.ar\/web\/wp-json\/wp\/v2\/posts\/6705\/revisions\/6707"}],"wp:attachment":[{"href":"https:\/\/msaludsgo.gov.ar\/web\/wp-json\/wp\/v2\/media?parent=6705"}],"wp:term":[{"taxonomy":"category","embeddable":true,"href":"https:\/\/msaludsgo.gov.ar\/web\/wp-json\/wp\/v2\/categories?post=6705"},{"taxonomy":"post_tag","embeddable":true,"href":"https:\/\/msaludsgo.gov.ar\/web\/wp-json\/wp\/v2\/tags?post=6705"}],"curies":[{"name":"wp","href":"https:\/\/api.w.org\/{rel}","templated":true}]}}