{"id":6936,"date":"2022-09-19T15:45:48","date_gmt":"2022-09-19T15:45:48","guid":{"rendered":"https:\/\/msaludsgo.gov.ar\/web\/?p=6936"},"modified":"2022-09-19T15:45:48","modified_gmt":"2022-09-19T15:45:48","slug":"reporte-semanal-del-4-al-10-de-septiembre-2022-en-la-provincia-de-santiago-del-estero","status":"publish","type":"post","link":"https:\/\/msaludsgo.gov.ar\/web\/reporte-semanal-del-4-al-10-de-septiembre-2022-en-la-provincia-de-santiago-del-estero\/","title":{"rendered":"REPORTE SEMANAL del 4 al 10 de septiembre 2022 en la Provincia de Santiago del Estero"},"content":{"rendered":"\n<p><img decoding=\"async\" height=\"16\" width=\"16\" src=\"https:\/\/static.xx.fbcdn.net\/images\/emoji.php\/v9\/t3\/1.5\/16\/1f4ca.png\" alt=\"&#x1f4ca;\"><img decoding=\"async\" height=\"16\" width=\"16\" src=\"https:\/\/static.xx.fbcdn.net\/images\/emoji.php\/v9\/t59\/1.5\/16\/1f9a0.png\" alt=\"&#x1f9a0;\"><a href=\"https:\/\/www.facebook.com\/hashtag\/covid19?__eep__=6&amp;__tn__=*NK*F\">#COVID19<\/a>\u00a0REPORTE SEMANAL del 4 al 10 de septiembre 2022 en la Provincia de Santiago del Estero:<\/p>\n\n\n\n<p><br><img decoding=\"async\" height=\"16\" width=\"16\" src=\"https:\/\/static.xx.fbcdn.net\/images\/emoji.php\/v9\/t5\/1.5\/16\/1f4cc.png\" alt=\"&#x1f4cc;\">Se reportaron cuarenta y siete ( 47 ) casos recuperados, por lo que son ciento quince mil ciento veintiseis ( 105.126 ) casos recuperados en la provincia.<br><img decoding=\"async\" height=\"16\" width=\"16\" src=\"https:\/\/static.xx.fbcdn.net\/images\/emoji.php\/v9\/t5\/1.5\/16\/1f4cc.png\" alt=\"&#x1f4cc;\">\u00a0No se notificaron personas fallecidas con diagn\u00f3stico de COVID-19 activo en la provincia.<br><img decoding=\"async\" height=\"16\" width=\"16\" src=\"https:\/\/static.xx.fbcdn.net\/images\/emoji.php\/v9\/t5\/1.5\/16\/1f4cc.png\" alt=\"&#x1f4cc;\">Hay un total de mil doscientos once (1.211) personas positivas fallecidas en la provincia.<br><img decoding=\"async\" height=\"16\" width=\"16\" src=\"https:\/\/static.xx.fbcdn.net\/images\/emoji.php\/v9\/t5\/1.5\/16\/1f4cc.png\" alt=\"&#x1f4cc;\">Se procesaron un total de mil ciento diecis\u00e9is (1.116) muestras.<br><img decoding=\"async\" height=\"16\" width=\"16\" src=\"https:\/\/static.xx.fbcdn.net\/images\/emoji.php\/v9\/t5\/1.5\/16\/1f4cc.png\" alt=\"&#x1f4cc;\">Se notificaron veinticinco ( 25 ) casos positivos de COVID -19 en la provincia. Capital-Banda 14 e interior 11: A\u00f1atuya 1, Estaci\u00f3n Simbolar 1, Fr\u00edas 3, Loreto 1, Pozo Hondo 1, Fern\u00e1ndez 1, San Pedro de Guasayan 1, Sumampa 1, Termas Rio Hondo.<br><img decoding=\"async\" height=\"16\" width=\"16\" src=\"https:\/\/static.xx.fbcdn.net\/images\/emoji.php\/v9\/t5\/1.5\/16\/1f4cc.png\" alt=\"&#x1f4cc;\">\u00a0Permanecen activos doscientos treinta (230) casos en la provincia.<br><img decoding=\"async\" height=\"16\" width=\"16\" src=\"https:\/\/static.xx.fbcdn.net\/images\/emoji.php\/v9\/t5\/1.5\/16\/1f4cc.png\" alt=\"&#x1f4cc;\">\u00a0El total de casos positivos acumulados es de ciento dieciocho mil novecientos (118.900)<br>Importante: La diferencia de casos acumulados, y difundidos en el informe nacional, obedece a diferentes horarios de carga, y a santiague\u00f1os que residen en otras provincias pero que no tienen realizado el cambio de domicilio legal en su DNI. Se ha solicitado el correspondiente pedido de reclasificaci\u00f3n de los casos excedentes cargados para nuestra provincia.<br>Recordemos continuar respetando las medidas de cuidado y completar el esquema de vacunaci\u00f3n contra COVID 19.<\/p>\n\n\n\n<figure class=\"wp-block-image size-large\"><img loading=\"lazy\" decoding=\"async\" width=\"1024\" height=\"1024\" src=\"https:\/\/msaludsgo.gov.ar\/web\/wp-content\/uploads\/2022\/09\/305196331_394284712893059_5908074660799107628_n-1024x1024.jpg\" alt=\"\" class=\"wp-image-6937\" srcset=\"https:\/\/msaludsgo.gov.ar\/web\/wp-content\/uploads\/2022\/09\/305196331_394284712893059_5908074660799107628_n-1024x1024.jpg 1024w, https:\/\/msaludsgo.gov.ar\/web\/wp-content\/uploads\/2022\/09\/305196331_394284712893059_5908074660799107628_n-300x300.jpg 300w, https:\/\/msaludsgo.gov.ar\/web\/wp-content\/uploads\/2022\/09\/305196331_394284712893059_5908074660799107628_n-150x150.jpg 150w, https:\/\/msaludsgo.gov.ar\/web\/wp-content\/uploads\/2022\/09\/305196331_394284712893059_5908074660799107628_n-768x768.jpg 768w, https:\/\/msaludsgo.gov.ar\/web\/wp-content\/uploads\/2022\/09\/305196331_394284712893059_5908074660799107628_n-400x400.jpg 400w, https:\/\/msaludsgo.gov.ar\/web\/wp-content\/uploads\/2022\/09\/305196331_394284712893059_5908074660799107628_n.jpg 1080w\" sizes=\"(max-width: 1024px) 100vw, 1024px\" \/><\/figure>\n","protected":false},"excerpt":{"rendered":"<p>#COVID19\u00a0REPORTE SEMANAL del 4 al 10 de septiembre 2022 en la Provincia de Santiago del Estero: Se reportaron cuarenta y siete ( 47 ) casos recuperados, por lo que son ciento quince mil ciento veintiseis ( 105.126 ) casos recuperados en la provincia.\u00a0No se notificaron personas fallecidas con diagn\u00f3stico de COVID-19 activo en la provincia.Hay [&hellip;]<\/p>\n","protected":false},"author":5,"featured_media":0,"comment_status":"open","ping_status":"open","sticky":false,"template":"","format":"standard","meta":{"footnotes":""},"categories":[10,17],"tags":[],"class_list":["post-6936","post","type-post","status-publish","format-standard","hentry","category-covid-19","category-reporte-diario"],"aioseo_notices":[],"_links":{"self":[{"href":"https:\/\/msaludsgo.gov.ar\/web\/wp-json\/wp\/v2\/posts\/6936","targetHints":{"allow":["GET"]}}],"collection":[{"href":"https:\/\/msaludsgo.gov.ar\/web\/wp-json\/wp\/v2\/posts"}],"about":[{"href":"https:\/\/msaludsgo.gov.ar\/web\/wp-json\/wp\/v2\/types\/post"}],"author":[{"embeddable":true,"href":"https:\/\/msaludsgo.gov.ar\/web\/wp-json\/wp\/v2\/users\/5"}],"replies":[{"embeddable":true,"href":"https:\/\/msaludsgo.gov.ar\/web\/wp-json\/wp\/v2\/comments?post=6936"}],"version-history":[{"count":1,"href":"https:\/\/msaludsgo.gov.ar\/web\/wp-json\/wp\/v2\/posts\/6936\/revisions"}],"predecessor-version":[{"id":6938,"href":"https:\/\/msaludsgo.gov.ar\/web\/wp-json\/wp\/v2\/posts\/6936\/revisions\/6938"}],"wp:attachment":[{"href":"https:\/\/msaludsgo.gov.ar\/web\/wp-json\/wp\/v2\/media?parent=6936"}],"wp:term":[{"taxonomy":"category","embeddable":true,"href":"https:\/\/msaludsgo.gov.ar\/web\/wp-json\/wp\/v2\/categories?post=6936"},{"taxonomy":"post_tag","embeddable":true,"href":"https:\/\/msaludsgo.gov.ar\/web\/wp-json\/wp\/v2\/tags?post=6936"}],"curies":[{"name":"wp","href":"https:\/\/api.w.org\/{rel}","templated":true}]}}