{"id":7565,"date":"2022-11-01T14:09:24","date_gmt":"2022-11-01T14:09:24","guid":{"rendered":"https:\/\/msaludsgo.gov.ar\/web\/?p=7565"},"modified":"2022-11-01T14:09:24","modified_gmt":"2022-11-01T14:09:24","slug":"reporte-semanal-del-10-al-17-de-octubre-de-2022-en-la-provincia-de-santiago-del-estero","status":"publish","type":"post","link":"https:\/\/msaludsgo.gov.ar\/web\/reporte-semanal-del-10-al-17-de-octubre-de-2022-en-la-provincia-de-santiago-del-estero\/","title":{"rendered":"REPORTE SEMANAL del 10 al 17 de octubre de 2022 en la Provincia de Santiago del Estero"},"content":{"rendered":"\n<p><img decoding=\"async\" height=\"16\" width=\"16\" src=\"https:\/\/static.xx.fbcdn.net\/images\/emoji.php\/v9\/t3\/1.5\/16\/1f4ca.png\" alt=\"&#x1f4ca;\"><img decoding=\"async\" height=\"16\" width=\"16\" src=\"https:\/\/static.xx.fbcdn.net\/images\/emoji.php\/v9\/t59\/1.5\/16\/1f9a0.png\" alt=\"&#x1f9a0;\"><a href=\"https:\/\/www.facebook.com\/hashtag\/covid19?__eep__=6&amp;__cft__[0]=AZWoTdYcDju23aCaQ-fzlrwEzJqUXuDBA0gWgjbaAdqeUBzenPIEeCZlFPbh1RelBDdxw7ihbPIGKKHZwBekO0zM9SPVlhSuSJ1i9pL-bfY0I4JyrY_c_qJ6PiTghVsBZFQ&amp;__tn__=*NK*F\">#COVID19<\/a>\u00a0REPORTE SEMANAL del 10 al 17 de octubre 2022 en la Provincia de Santiago del Estero:<\/p>\n\n\n\n<p><\/p>\n\n\n\n<p><img decoding=\"async\" height=\"16\" width=\"16\" src=\"https:\/\/static.xx.fbcdn.net\/images\/emoji.php\/v9\/t5\/1.5\/16\/1f4cc.png\" alt=\"&#x1f4cc;\"> Se procesaron 652 muestras<\/p>\n\n\n\n<p><img decoding=\"async\" height=\"16\" width=\"16\" src=\"https:\/\/static.xx.fbcdn.net\/images\/emoji.php\/v9\/t5\/1.5\/16\/1f4cc.png\" alt=\"&#x1f4cc;\"> Se registraron 2 casos positivos<\/p>\n\n\n\n<p><img decoding=\"async\" height=\"16\" width=\"16\" src=\"https:\/\/static.xx.fbcdn.net\/images\/emoji.php\/v9\/t5\/1.5\/16\/1f4cc.png\" alt=\"&#x1f4cc;\">  Se registr\u00f3 el fallecimiento de una persona de R\u00edo Hondo, no vacunada.<\/p>\n\n\n\n<p><img decoding=\"async\" height=\"16\" width=\"16\" src=\"https:\/\/static.xx.fbcdn.net\/images\/emoji.php\/v9\/t5\/1.5\/16\/1f4cc.png\" alt=\"&#x1f4cc;\"> La ocupaci\u00f3n de camas Covid:<\/p>\n\n\n\n<p>a) UTI -UCI: 0<\/p>\n\n\n\n<p>b) Camas Covid leves y moderados: 0<\/p>\n","protected":false},"excerpt":{"rendered":"<p>#COVID19\u00a0REPORTE SEMANAL del 10 al 17 de octubre 2022 en la Provincia de Santiago del Estero: Se procesaron 652 muestras Se registraron 2 casos positivos Se registr\u00f3 el fallecimiento de una persona de R\u00edo Hondo, no vacunada. La ocupaci\u00f3n de camas Covid: a) UTI -UCI: 0 b) Camas Covid leves y moderados: 0<\/p>\n","protected":false},"author":5,"featured_media":0,"comment_status":"open","ping_status":"open","sticky":false,"template":"","format":"standard","meta":{"footnotes":""},"categories":[10,17],"tags":[],"class_list":["post-7565","post","type-post","status-publish","format-standard","hentry","category-covid-19","category-reporte-diario"],"aioseo_notices":[],"_links":{"self":[{"href":"https:\/\/msaludsgo.gov.ar\/web\/wp-json\/wp\/v2\/posts\/7565","targetHints":{"allow":["GET"]}}],"collection":[{"href":"https:\/\/msaludsgo.gov.ar\/web\/wp-json\/wp\/v2\/posts"}],"about":[{"href":"https:\/\/msaludsgo.gov.ar\/web\/wp-json\/wp\/v2\/types\/post"}],"author":[{"embeddable":true,"href":"https:\/\/msaludsgo.gov.ar\/web\/wp-json\/wp\/v2\/users\/5"}],"replies":[{"embeddable":true,"href":"https:\/\/msaludsgo.gov.ar\/web\/wp-json\/wp\/v2\/comments?post=7565"}],"version-history":[{"count":1,"href":"https:\/\/msaludsgo.gov.ar\/web\/wp-json\/wp\/v2\/posts\/7565\/revisions"}],"predecessor-version":[{"id":7566,"href":"https:\/\/msaludsgo.gov.ar\/web\/wp-json\/wp\/v2\/posts\/7565\/revisions\/7566"}],"wp:attachment":[{"href":"https:\/\/msaludsgo.gov.ar\/web\/wp-json\/wp\/v2\/media?parent=7565"}],"wp:term":[{"taxonomy":"category","embeddable":true,"href":"https:\/\/msaludsgo.gov.ar\/web\/wp-json\/wp\/v2\/categories?post=7565"},{"taxonomy":"post_tag","embeddable":true,"href":"https:\/\/msaludsgo.gov.ar\/web\/wp-json\/wp\/v2\/tags?post=7565"}],"curies":[{"name":"wp","href":"https:\/\/api.w.org\/{rel}","templated":true}]}}