{"id":7937,"date":"2022-11-29T12:24:07","date_gmt":"2022-11-29T12:24:07","guid":{"rendered":"https:\/\/msaludsgo.gov.ar\/web\/?p=7937"},"modified":"2022-11-29T12:27:31","modified_gmt":"2022-11-29T12:27:31","slug":"reporte-semanal-del-7-al-13-de-noviembre-de-2022-en-la-provincia-de-santiago-del-estero","status":"publish","type":"post","link":"https:\/\/msaludsgo.gov.ar\/web\/reporte-semanal-del-7-al-13-de-noviembre-de-2022-en-la-provincia-de-santiago-del-estero\/","title":{"rendered":"REPORTE SEMANAL del 7 al 13 de noviembre de 2022 en la Provincia de Santiago del Estero"},"content":{"rendered":"\n<p>\u00a0<strong>REPORTE SEMANAL COVID-19<\/strong><\/p>\n\n\n\n<p>El Ministerio de Salud de la Provincia informa que desde 7 al 13 de noviembre:<br>&#8211; Se procesaron 470 muestras.<br>&#8211; No se registraron casos positivos<br>&#8211; No se registraron personas fallecidas con diagn\u00f3stico de COVID en al provincia.<br>&#8211; La ocupaci\u00f3n de camas Covid:<br>a) UTI -UCI: 0<br>b) Camas Covid leves y moderados: 0<br>La poblaci\u00f3n que a\u00fan no ha completado su esquema de vacunacion por Covid-19 debe concurrir, a fin de hacerlo, en los Vacunatorios habilitados a tal fin, en Capital y Banda y en el Interior de la Provincia en los Hospitales<\/p>\n","protected":false},"excerpt":{"rendered":"<p>\u00a0REPORTE SEMANAL COVID-19 El Ministerio de Salud de la Provincia informa que desde 7 al 13 de noviembre:&#8211; Se procesaron 470 muestras.&#8211; No se registraron casos positivos&#8211; No se registraron personas fallecidas con diagn\u00f3stico de COVID en al provincia.&#8211; La ocupaci\u00f3n de camas Covid:a) UTI -UCI: 0b) Camas Covid leves y moderados: 0La poblaci\u00f3n que [&hellip;]<\/p>\n","protected":false},"author":5,"featured_media":0,"comment_status":"open","ping_status":"open","sticky":false,"template":"","format":"standard","meta":{"footnotes":""},"categories":[10,17],"tags":[],"class_list":["post-7937","post","type-post","status-publish","format-standard","hentry","category-covid-19","category-reporte-diario"],"aioseo_notices":[],"_links":{"self":[{"href":"https:\/\/msaludsgo.gov.ar\/web\/wp-json\/wp\/v2\/posts\/7937","targetHints":{"allow":["GET"]}}],"collection":[{"href":"https:\/\/msaludsgo.gov.ar\/web\/wp-json\/wp\/v2\/posts"}],"about":[{"href":"https:\/\/msaludsgo.gov.ar\/web\/wp-json\/wp\/v2\/types\/post"}],"author":[{"embeddable":true,"href":"https:\/\/msaludsgo.gov.ar\/web\/wp-json\/wp\/v2\/users\/5"}],"replies":[{"embeddable":true,"href":"https:\/\/msaludsgo.gov.ar\/web\/wp-json\/wp\/v2\/comments?post=7937"}],"version-history":[{"count":2,"href":"https:\/\/msaludsgo.gov.ar\/web\/wp-json\/wp\/v2\/posts\/7937\/revisions"}],"predecessor-version":[{"id":7941,"href":"https:\/\/msaludsgo.gov.ar\/web\/wp-json\/wp\/v2\/posts\/7937\/revisions\/7941"}],"wp:attachment":[{"href":"https:\/\/msaludsgo.gov.ar\/web\/wp-json\/wp\/v2\/media?parent=7937"}],"wp:term":[{"taxonomy":"category","embeddable":true,"href":"https:\/\/msaludsgo.gov.ar\/web\/wp-json\/wp\/v2\/categories?post=7937"},{"taxonomy":"post_tag","embeddable":true,"href":"https:\/\/msaludsgo.gov.ar\/web\/wp-json\/wp\/v2\/tags?post=7937"}],"curies":[{"name":"wp","href":"https:\/\/api.w.org\/{rel}","templated":true}]}}