{"id":7939,"date":"2022-11-29T12:27:06","date_gmt":"2022-11-29T12:27:06","guid":{"rendered":"https:\/\/msaludsgo.gov.ar\/web\/?p=7939"},"modified":"2022-11-29T12:27:06","modified_gmt":"2022-11-29T12:27:06","slug":"reporte-semanal-del-14-al-20-de-noviembre-de-2022-en-la-provincia-de-santiago-del-estero","status":"publish","type":"post","link":"https:\/\/msaludsgo.gov.ar\/web\/reporte-semanal-del-14-al-20-de-noviembre-de-2022-en-la-provincia-de-santiago-del-estero\/","title":{"rendered":"REPORTE SEMANAL del 14 al 20 de noviembre de 2022 en la Provincia de Santiago del Estero"},"content":{"rendered":"\n<p><strong>REPORTE SEMANAL COVID-19<\/strong><br>El Ministerio de Salud de la Provincia informa que desde 14 al 20 de noviembre:<br>&#8211; Se procesaron 401 muestras.<br>&#8211; Se registr\u00f3 1 (un) caso positivo<br>&#8211; No se registraron personas fallecidas con diagn\u00f3stico de COVID en al provincia.<br>&#8211; La ocupaci\u00f3n de camas Covid:<br>a) UTI -UCI: 0<br>b) Camas Covid leves y moderados: 0<br>La poblaci\u00f3n que a\u00fan no ha completado su esquema de vacunacion por Covid-19 debe concurrir, a fin de hacerlo, en los Vacunatorios habilitados a tal fin, en Capital y Banda y en el Interior de la Provincia en los Hospitales.<\/p>\n","protected":false},"excerpt":{"rendered":"<p>REPORTE SEMANAL COVID-19El Ministerio de Salud de la Provincia informa que desde 14 al 20 de noviembre:&#8211; Se procesaron 401 muestras.&#8211; Se registr\u00f3 1 (un) caso positivo&#8211; No se registraron personas fallecidas con diagn\u00f3stico de COVID en al provincia.&#8211; La ocupaci\u00f3n de camas Covid:a) UTI -UCI: 0b) Camas Covid leves y moderados: 0La poblaci\u00f3n que [&hellip;]<\/p>\n","protected":false},"author":5,"featured_media":0,"comment_status":"open","ping_status":"open","sticky":false,"template":"","format":"standard","meta":{"footnotes":""},"categories":[10,17],"tags":[],"class_list":["post-7939","post","type-post","status-publish","format-standard","hentry","category-covid-19","category-reporte-diario"],"aioseo_notices":[],"_links":{"self":[{"href":"https:\/\/msaludsgo.gov.ar\/web\/wp-json\/wp\/v2\/posts\/7939","targetHints":{"allow":["GET"]}}],"collection":[{"href":"https:\/\/msaludsgo.gov.ar\/web\/wp-json\/wp\/v2\/posts"}],"about":[{"href":"https:\/\/msaludsgo.gov.ar\/web\/wp-json\/wp\/v2\/types\/post"}],"author":[{"embeddable":true,"href":"https:\/\/msaludsgo.gov.ar\/web\/wp-json\/wp\/v2\/users\/5"}],"replies":[{"embeddable":true,"href":"https:\/\/msaludsgo.gov.ar\/web\/wp-json\/wp\/v2\/comments?post=7939"}],"version-history":[{"count":1,"href":"https:\/\/msaludsgo.gov.ar\/web\/wp-json\/wp\/v2\/posts\/7939\/revisions"}],"predecessor-version":[{"id":7940,"href":"https:\/\/msaludsgo.gov.ar\/web\/wp-json\/wp\/v2\/posts\/7939\/revisions\/7940"}],"wp:attachment":[{"href":"https:\/\/msaludsgo.gov.ar\/web\/wp-json\/wp\/v2\/media?parent=7939"}],"wp:term":[{"taxonomy":"category","embeddable":true,"href":"https:\/\/msaludsgo.gov.ar\/web\/wp-json\/wp\/v2\/categories?post=7939"},{"taxonomy":"post_tag","embeddable":true,"href":"https:\/\/msaludsgo.gov.ar\/web\/wp-json\/wp\/v2\/tags?post=7939"}],"curies":[{"name":"wp","href":"https:\/\/api.w.org\/{rel}","templated":true}]}}