{"id":8206,"date":"2023-01-02T15:57:52","date_gmt":"2023-01-02T15:57:52","guid":{"rendered":"https:\/\/msaludsgo.gov.ar\/web\/?p=8206"},"modified":"2023-01-02T15:57:52","modified_gmt":"2023-01-02T15:57:52","slug":"reporte-semanal-del-del-12-al-18-de-diciembre-de-2022-en-la-provincia-de-santiago","status":"publish","type":"post","link":"https:\/\/msaludsgo.gov.ar\/web\/reporte-semanal-del-del-12-al-18-de-diciembre-de-2022-en-la-provincia-de-santiago\/","title":{"rendered":"REPORTE SEMANAL del del 12 al 18 de diciembre de 2022 en la Provincia de Santiago"},"content":{"rendered":"\n<p><img decoding=\"async\" height=\"16\" width=\"16\" alt=\"&#x1f449;\" src=\"https:\/\/static.xx.fbcdn.net\/images\/emoji.php\/v9\/t51\/1\/16\/1f449.png\">&nbsp;El Ministerio de Salud de la Provincia informa que del 12 al 18 de diciembre de 2022:<br>&#8211; Se procesaron 755 (setecientos cincuenta y cinco) muestras.<br>&#8211; Se registraron 208 (doscientos ocho) casos positivos.<br>&#8211; No se registraron personas fallecidas con diagn\u00f3stico de COVID en la provincia.<br>&#8211; La ocupaci\u00f3n de camas Covid:<br>a) UTI -UCI: 0<br>b) Camas Covid leves y moderados: 0<br><img decoding=\"async\" height=\"16\" width=\"16\" alt=\"&#x1f489;\" src=\"https:\/\/static.xx.fbcdn.net\/images\/emoji.php\/v9\/tcd\/1\/16\/1f489.png\"><img decoding=\"async\" height=\"16\" width=\"16\" alt=\"&#x1f4aa;&#x1f3fc;\" src=\"https:\/\/static.xx.fbcdn.net\/images\/emoji.php\/v9\/t68\/1\/16\/1f4aa_1f3fc.png\">&nbsp;La poblaci\u00f3n que se coloc\u00f3 la \u00faltima dosis de&nbsp;<a href=\"https:\/\/www.facebook.com\/hashtag\/vacuna?__eep__=6&amp;__tn__=*NK*F\">#Vacuna<\/a>&nbsp;COVID 19 hace m\u00e1s de 4 meses debe concurrir a los vacunatorios, UPAs u Hospitales a fin de consultar la dosis que le corresponde para completar su esquema de vacunaci\u00f3n.<br><img loading=\"lazy\" decoding=\"async\" height=\"16\" width=\"16\" alt=\"&#x1f637;\" src=\"https:\/\/static.xx.fbcdn.net\/images\/emoji.php\/v9\/t32\/1\/16\/1f637.png\">&nbsp;El uso del barbijo es obligatorio para el ingreso a los centros de salud de la provincia.<br>Lugares cerrados, transporte p\u00fablico y espacios de alta concurrencia, se recomiendo usar el barbijo.<\/p>\n","protected":false},"excerpt":{"rendered":"<p>&nbsp;El Ministerio de Salud de la Provincia informa que del 12 al 18 de diciembre de 2022:&#8211; Se procesaron 755 (setecientos cincuenta y cinco) muestras.&#8211; Se registraron 208 (doscientos ocho) casos positivos.&#8211; No se registraron personas fallecidas con diagn\u00f3stico de COVID en la provincia.&#8211; La ocupaci\u00f3n de camas Covid:a) UTI -UCI: 0b) Camas Covid leves [&hellip;]<\/p>\n","protected":false},"author":5,"featured_media":0,"comment_status":"open","ping_status":"open","sticky":false,"template":"","format":"standard","meta":{"footnotes":""},"categories":[10,17],"tags":[],"class_list":["post-8206","post","type-post","status-publish","format-standard","hentry","category-covid-19","category-reporte-diario"],"aioseo_notices":[],"_links":{"self":[{"href":"https:\/\/msaludsgo.gov.ar\/web\/wp-json\/wp\/v2\/posts\/8206","targetHints":{"allow":["GET"]}}],"collection":[{"href":"https:\/\/msaludsgo.gov.ar\/web\/wp-json\/wp\/v2\/posts"}],"about":[{"href":"https:\/\/msaludsgo.gov.ar\/web\/wp-json\/wp\/v2\/types\/post"}],"author":[{"embeddable":true,"href":"https:\/\/msaludsgo.gov.ar\/web\/wp-json\/wp\/v2\/users\/5"}],"replies":[{"embeddable":true,"href":"https:\/\/msaludsgo.gov.ar\/web\/wp-json\/wp\/v2\/comments?post=8206"}],"version-history":[{"count":1,"href":"https:\/\/msaludsgo.gov.ar\/web\/wp-json\/wp\/v2\/posts\/8206\/revisions"}],"predecessor-version":[{"id":8208,"href":"https:\/\/msaludsgo.gov.ar\/web\/wp-json\/wp\/v2\/posts\/8206\/revisions\/8208"}],"wp:attachment":[{"href":"https:\/\/msaludsgo.gov.ar\/web\/wp-json\/wp\/v2\/media?parent=8206"}],"wp:term":[{"taxonomy":"category","embeddable":true,"href":"https:\/\/msaludsgo.gov.ar\/web\/wp-json\/wp\/v2\/categories?post=8206"},{"taxonomy":"post_tag","embeddable":true,"href":"https:\/\/msaludsgo.gov.ar\/web\/wp-json\/wp\/v2\/tags?post=8206"}],"curies":[{"name":"wp","href":"https:\/\/api.w.org\/{rel}","templated":true}]}}