{"id":8423,"date":"2023-01-26T12:44:12","date_gmt":"2023-01-26T12:44:12","guid":{"rendered":"https:\/\/msaludsgo.gov.ar\/web\/?p=8423"},"modified":"2023-01-26T13:11:05","modified_gmt":"2023-01-26T13:11:05","slug":"misioneros-de-la-iglesia-de-los-santos-de-los-ultimos-dias-visitaron-centros-de-salud","status":"publish","type":"post","link":"https:\/\/msaludsgo.gov.ar\/web\/misioneros-de-la-iglesia-de-los-santos-de-los-ultimos-dias-visitaron-centros-de-salud\/","title":{"rendered":"Misioneros de la Iglesia de Jesucristo de los Santos de los \u00daltimos D\u00edas visitaron centros de salud"},"content":{"rendered":"\n<p>Se llev\u00f3 a cabo una reuni\u00f3n, encabezada por la Ministra de Salud Lic. Natividad Nassif y el matrimonio Elder Alyn y Brenda McClure, misioneros de la Iglesia de Jesucristo de los Santos de los \u00daltimos D\u00edas en el marco de su visita por el Noroeste de nuestro pa\u00eds.<\/p>\n\n\n\n<p>El encuentro tuvo como objetivo visitar la UPA N\u00ba 7 del Barrio Parque Aguirre, centro de salud que recibi\u00f3 la donaci\u00f3n de un ec\u00f3grafo digital a fines del a\u00f1o anterior, visualizar c\u00f3mo funciona el nuevo servicio y conversar con el personal a cargo de este. Asimismo, durante la reuni\u00f3n con las autoridades ministeriales, se dialog\u00f3 acerca de las necesidades en el primer nivel de atenci\u00f3n y c\u00f3mo desde las gestiones y acciones solidarias de la Iglesia de Jesucristo de los Santos de los \u00daltimos D\u00edas puedan colaborar con el sistema de salud para incorporar nuevos y m\u00e1s servicios para la comunidad.<\/p>\n\n\n\n<p>Tambi\u00e9n participaron el Subsecretario de Salud Dr. C\u00e9sar Monti, el Director de Desarrollo Social y Salud Comunitaria Lic. Gonzalo Ter\u00e1n y el presidente de la organizaci\u00f3n religiosa en Santiago del Estero Cristian Flavio Zurita.<\/p>\n\n\n\n<p>A su turno, la Ministra de salud recalc\u00f3 la importancia de \u201cfinalizar los procesos que iniciamos con la ayuda de la Iglesia de Jesucristo de los Santos de los \u00daltimos D\u00edas, de afianzar la atenci\u00f3n en los centros de atenci\u00f3n primaria de la salud que atienden a muchas personas de \u00e1reas urbanas. Con esta ayuda nos incentivan a mejorar en capacidad de atenci\u00f3n\u201d.<\/p>\n\n\n\n<p>Por su parte, el Lic. Ter\u00e1n, coment\u00f3 acerca de la visita: \u201cla intenci\u00f3n de los misioneros de la Iglesia fue conocer la UPA que recibi\u00f3 el ec\u00f3grafo digital y ver su funcionamiento. Tambi\u00e9n pudieron conversar con el personal del centro de salud, particularmente con el Dr. Duran, quien realiza las ecograf\u00edas a mujeres embarazadas y a ni\u00f1os.\u201d<\/p>\n\n\n\n<p>Para finalizar el Presidente Zurita se refiri\u00f3 a las tareas de acci\u00f3n social que realizan desde la Iglesia. \u201cNos encontramos con la funci\u00f3n de seguir mejorando los lazos entre nuestra congregaci\u00f3n y la comunidad, agradecemos el esfuerzo y buena gesti\u00f3n que realizan desde el Ministerio de Salud y queremos que este v\u00ednculo siga creciendo. A trav\u00e9s de la visita de misioneros acordamos de qu\u00e9 manera ayudar a la poblaci\u00f3n y seguir los preceptos cristianos de servir a los dem\u00e1s.\u201d<\/p>\n\n\n\n<figure class=\"wp-block-gallery has-nested-images columns-default is-cropped wp-block-gallery-1 is-layout-flex wp-block-gallery-is-layout-flex\">\n<figure class=\"wp-block-image size-large\"><img decoding=\"async\" data-id=\"8426\" src=\"https:\/\/msaludsgo.gov.ar\/web\/wp-content\/uploads\/2023\/01\/WhatsApp-Image-2023-01-25-at-12.17.48-1024x678.jpeg\" alt=\"\" class=\"wp-image-8426\"\/><\/figure>\n\n\n\n<figure class=\"wp-block-image size-large\"><img fetchpriority=\"high\" decoding=\"async\" width=\"1024\" height=\"678\" data-id=\"8424\" src=\"https:\/\/msaludsgo.gov.ar\/web\/wp-content\/uploads\/2023\/01\/WhatsApp-Image-2023-01-25-at-12.17.491-1024x678.jpeg\" alt=\"\" class=\"wp-image-8424\" srcset=\"https:\/\/msaludsgo.gov.ar\/web\/wp-content\/uploads\/2023\/01\/WhatsApp-Image-2023-01-25-at-12.17.491-1024x678.jpeg 1024w, https:\/\/msaludsgo.gov.ar\/web\/wp-content\/uploads\/2023\/01\/WhatsApp-Image-2023-01-25-at-12.17.491-300x199.jpeg 300w, https:\/\/msaludsgo.gov.ar\/web\/wp-content\/uploads\/2023\/01\/WhatsApp-Image-2023-01-25-at-12.17.491-150x99.jpeg 150w, https:\/\/msaludsgo.gov.ar\/web\/wp-content\/uploads\/2023\/01\/WhatsApp-Image-2023-01-25-at-12.17.491-768x508.jpeg 768w, https:\/\/msaludsgo.gov.ar\/web\/wp-content\/uploads\/2023\/01\/WhatsApp-Image-2023-01-25-at-12.17.491-604x400.jpeg 604w, https:\/\/msaludsgo.gov.ar\/web\/wp-content\/uploads\/2023\/01\/WhatsApp-Image-2023-01-25-at-12.17.491.jpeg 1280w\" sizes=\"(max-width: 1024px) 100vw, 1024px\" \/><\/figure>\n\n\n\n<figure class=\"wp-block-image size-large\"><img decoding=\"async\" width=\"1024\" height=\"678\" data-id=\"8425\" src=\"https:\/\/msaludsgo.gov.ar\/web\/wp-content\/uploads\/2023\/01\/WhatsApp-Image-2023-01-25-at-12.17.492-1024x678.jpeg\" alt=\"\" class=\"wp-image-8425\" srcset=\"https:\/\/msaludsgo.gov.ar\/web\/wp-content\/uploads\/2023\/01\/WhatsApp-Image-2023-01-25-at-12.17.492-1024x678.jpeg 1024w, https:\/\/msaludsgo.gov.ar\/web\/wp-content\/uploads\/2023\/01\/WhatsApp-Image-2023-01-25-at-12.17.492-300x199.jpeg 300w, https:\/\/msaludsgo.gov.ar\/web\/wp-content\/uploads\/2023\/01\/WhatsApp-Image-2023-01-25-at-12.17.492-150x99.jpeg 150w, https:\/\/msaludsgo.gov.ar\/web\/wp-content\/uploads\/2023\/01\/WhatsApp-Image-2023-01-25-at-12.17.492-768x508.jpeg 768w, https:\/\/msaludsgo.gov.ar\/web\/wp-content\/uploads\/2023\/01\/WhatsApp-Image-2023-01-25-at-12.17.492-604x400.jpeg 604w, https:\/\/msaludsgo.gov.ar\/web\/wp-content\/uploads\/2023\/01\/WhatsApp-Image-2023-01-25-at-12.17.492.jpeg 1280w\" sizes=\"(max-width: 1024px) 100vw, 1024px\" \/><\/figure>\n<\/figure>\n","protected":false},"excerpt":{"rendered":"<p>Se llev\u00f3 a cabo una reuni\u00f3n, encabezada por la Ministra de Salud Lic. Natividad Nassif y el matrimonio Elder Alyn y Brenda McClure, misioneros de la Iglesia de Jesucristo de los Santos de los \u00daltimos D\u00edas en el marco de su visita por el Noroeste de nuestro pa\u00eds. El encuentro tuvo como objetivo visitar la [&hellip;]<\/p>\n","protected":false},"author":3,"featured_media":8426,"comment_status":"open","ping_status":"open","sticky":false,"template":"","format":"standard","meta":{"footnotes":""},"categories":[2,3],"tags":[],"class_list":["post-8423","post","type-post","status-publish","format-standard","has-post-thumbnail","hentry","category-noticias","category-novedades"],"aioseo_notices":[],"_links":{"self":[{"href":"https:\/\/msaludsgo.gov.ar\/web\/wp-json\/wp\/v2\/posts\/8423","targetHints":{"allow":["GET"]}}],"collection":[{"href":"https:\/\/msaludsgo.gov.ar\/web\/wp-json\/wp\/v2\/posts"}],"about":[{"href":"https:\/\/msaludsgo.gov.ar\/web\/wp-json\/wp\/v2\/types\/post"}],"author":[{"embeddable":true,"href":"https:\/\/msaludsgo.gov.ar\/web\/wp-json\/wp\/v2\/users\/3"}],"replies":[{"embeddable":true,"href":"https:\/\/msaludsgo.gov.ar\/web\/wp-json\/wp\/v2\/comments?post=8423"}],"version-history":[{"count":2,"href":"https:\/\/msaludsgo.gov.ar\/web\/wp-json\/wp\/v2\/posts\/8423\/revisions"}],"predecessor-version":[{"id":8428,"href":"https:\/\/msaludsgo.gov.ar\/web\/wp-json\/wp\/v2\/posts\/8423\/revisions\/8428"}],"wp:featuredmedia":[{"embeddable":true,"href":"https:\/\/msaludsgo.gov.ar\/web\/wp-json\/wp\/v2\/media\/8426"}],"wp:attachment":[{"href":"https:\/\/msaludsgo.gov.ar\/web\/wp-json\/wp\/v2\/media?parent=8423"}],"wp:term":[{"taxonomy":"category","embeddable":true,"href":"https:\/\/msaludsgo.gov.ar\/web\/wp-json\/wp\/v2\/categories?post=8423"},{"taxonomy":"post_tag","embeddable":true,"href":"https:\/\/msaludsgo.gov.ar\/web\/wp-json\/wp\/v2\/tags?post=8423"}],"curies":[{"name":"wp","href":"https:\/\/api.w.org\/{rel}","templated":true}]}}