{"id":9228,"date":"2023-04-17T13:20:27","date_gmt":"2023-04-17T13:20:27","guid":{"rendered":"https:\/\/msaludsgo.gov.ar\/web\/?p=9228"},"modified":"2023-04-17T13:20:27","modified_gmt":"2023-04-17T13:20:27","slug":"reporte-semanal-del-6-al-12-de-marzo-de-2023-en-la-provincia-de-santiago","status":"publish","type":"post","link":"https:\/\/msaludsgo.gov.ar\/web\/reporte-semanal-del-6-al-12-de-marzo-de-2023-en-la-provincia-de-santiago\/","title":{"rendered":"REPORTE SEMANAL del 6 al 12 de marzo de 2023 en la Provincia de Santiago"},"content":{"rendered":"\n<p>&nbsp;El Ministerio de Salud de la Provincia informa que del 6 al 12 de marzo de 2023:<br>&#8211; Se procesaron 405 muestras por PCR.<br>&#8211; Se procesaron 67 muestras por test de ant\u00edgeno.<br>&#8211; Se registraron 5 casos positivos por PCR.<br>&#8211; Se registraron 3 casos positivos por test de ant\u00edgeno.<br><img decoding=\"async\" height=\"16\" width=\"16\" alt=\"&#x1f449;\" src=\"https:\/\/static.xx.fbcdn.net\/images\/emoji.php\/v9\/t51\/1\/16\/1f449.png\">&nbsp;Lo que arroja un total de 8 casos positivos en la provincia.<br><img decoding=\"async\" height=\"16\" width=\"16\" alt=\"&#x1f449;\" src=\"https:\/\/static.xx.fbcdn.net\/images\/emoji.php\/v9\/t51\/1\/16\/1f449.png\">&nbsp;No se registraron personas fallecidas con diagn\u00f3stico de COVID.<br><img decoding=\"async\" height=\"16\" width=\"16\" alt=\"&#x1f489;\" src=\"https:\/\/static.xx.fbcdn.net\/images\/emoji.php\/v9\/tcd\/1\/16\/1f489.png\"><img decoding=\"async\" height=\"16\" width=\"16\" alt=\"&#x1f4aa;&#x1f3fc;\" src=\"https:\/\/static.xx.fbcdn.net\/images\/emoji.php\/v9\/t68\/1\/16\/1f4aa_1f3fc.png\">&nbsp;La poblaci\u00f3n que se coloc\u00f3 la \u00faltima dosis de&nbsp;<a href=\"https:\/\/www.facebook.com\/hashtag\/vacuna?__eep__=6&amp;__tn__=*NK*F\">#Vacuna<\/a>&nbsp;COVID 19 hace m\u00e1s de 4 meses debe concurrir a los vacunatorios, UPAs u Hospitales a fin de consultar la dosis que le corresponde para completar su esquema de vacunaci\u00f3n.<br><img loading=\"lazy\" decoding=\"async\" height=\"16\" width=\"16\" alt=\"&#x203c;&#xfe0f;\" src=\"https:\/\/static.xx.fbcdn.net\/images\/emoji.php\/v9\/t77\/1\/16\/203c.png\">&nbsp;Aquellas personas de 6 meses o m\u00e1s que hayan completado su esquema primario con un intervalo m\u00ednimo de cuatro meses pueden darse un refuerzo (sea el primero, el segundo o el tercero seg\u00fan corresponda).<br>&#8211; 6 meses a 2 a\u00f1os inclusive: primer refuerzo.<br>&#8211; 3 a 11 a\u00f1os inclusive: segundo refuerzo.<br>&#8211; 12 a 17 a\u00f1os inclusive: segundo refuerzo.<br>&#8211; 12 a 17 a\u00f1os inclusive con inmunocompromiso: tercer refuerzo.<br>&#8211; 18 a\u00f1os o m\u00e1s: tercer refuerzo.<br><img loading=\"lazy\" decoding=\"async\" height=\"16\" width=\"16\" alt=\"&#x1f637;\" src=\"https:\/\/static.xx.fbcdn.net\/images\/emoji.php\/v9\/t32\/1\/16\/1f637.png\">&nbsp;El uso del barbijo es obligatorio para el ingreso a los centros de salud de la provincia.<br>En lugares cerrados, transporte p\u00fablico y espacios de alta concurrencia, se recomiendo usar el barbijo.<\/p>\n","protected":false},"excerpt":{"rendered":"<p>&nbsp;El Ministerio de Salud de la Provincia informa que del 6 al 12 de marzo de 2023:&#8211; Se procesaron 405 muestras por PCR.&#8211; Se procesaron 67 muestras por test de ant\u00edgeno.&#8211; Se registraron 5 casos positivos por PCR.&#8211; Se registraron 3 casos positivos por test de ant\u00edgeno.&nbsp;Lo que arroja un total de 8 casos positivos [&hellip;]<\/p>\n","protected":false},"author":5,"featured_media":0,"comment_status":"open","ping_status":"open","sticky":false,"template":"","format":"standard","meta":{"footnotes":""},"categories":[10,17],"tags":[],"class_list":["post-9228","post","type-post","status-publish","format-standard","hentry","category-covid-19","category-reporte-diario"],"aioseo_notices":[],"_links":{"self":[{"href":"https:\/\/msaludsgo.gov.ar\/web\/wp-json\/wp\/v2\/posts\/9228","targetHints":{"allow":["GET"]}}],"collection":[{"href":"https:\/\/msaludsgo.gov.ar\/web\/wp-json\/wp\/v2\/posts"}],"about":[{"href":"https:\/\/msaludsgo.gov.ar\/web\/wp-json\/wp\/v2\/types\/post"}],"author":[{"embeddable":true,"href":"https:\/\/msaludsgo.gov.ar\/web\/wp-json\/wp\/v2\/users\/5"}],"replies":[{"embeddable":true,"href":"https:\/\/msaludsgo.gov.ar\/web\/wp-json\/wp\/v2\/comments?post=9228"}],"version-history":[{"count":1,"href":"https:\/\/msaludsgo.gov.ar\/web\/wp-json\/wp\/v2\/posts\/9228\/revisions"}],"predecessor-version":[{"id":9229,"href":"https:\/\/msaludsgo.gov.ar\/web\/wp-json\/wp\/v2\/posts\/9228\/revisions\/9229"}],"wp:attachment":[{"href":"https:\/\/msaludsgo.gov.ar\/web\/wp-json\/wp\/v2\/media?parent=9228"}],"wp:term":[{"taxonomy":"category","embeddable":true,"href":"https:\/\/msaludsgo.gov.ar\/web\/wp-json\/wp\/v2\/categories?post=9228"},{"taxonomy":"post_tag","embeddable":true,"href":"https:\/\/msaludsgo.gov.ar\/web\/wp-json\/wp\/v2\/tags?post=9228"}],"curies":[{"name":"wp","href":"https:\/\/api.w.org\/{rel}","templated":true}]}}