{"id":9766,"date":"2023-06-07T13:38:08","date_gmt":"2023-06-07T13:38:08","guid":{"rendered":"https:\/\/msaludsgo.gov.ar\/web\/?p=9766"},"modified":"2025-12-19T15:14:48","modified_gmt":"2025-12-19T15:14:48","slug":"upa-mariano-moreno-i","status":"publish","type":"post","link":"https:\/\/msaludsgo.gov.ar\/web\/upa-mariano-moreno-i\/","title":{"rendered":"UPA MARIANO MORENO I"},"content":{"rendered":"\n<p class=\"has-white-color has-vivid-cyan-blue-background-color has-text-color has-background has-large-font-size\"><strong>AGENDA DIGITAL DE SALUD<\/strong><\/p>\n\n\n\n<p class=\"has-text-align-left has-vivid-cyan-blue-color has-white-background-color has-text-color has-background has-medium-font-size\"><strong>VISI\u00d3N Y MISI\u00d3N DE LAS UNIDADES PRIMARIAS DE ATENCI\u00d3N<\/strong><\/p>\n\n\n\n<p class=\"has-black-color has-text-color has-medium-font-size\"><strong>Visi\u00f3n:<\/strong><\/p>\n\n\n\n<p class=\"has-medium-font-size\">La Unidad Primaria de Atenci\u00f3n (UPA), dentro de la estrategia de APS, tiene como visi\u00f3n: \u201cAlcanzar una mejor calidad de vida en personas, familias y comunidades del \u00e1rea de responsabilidad desde el enfoque de la participaci\u00f3n social local\u201d.<\/p>\n\n\n\n<p class=\"has-black-color has-text-color has-medium-font-size\"><strong>Misi\u00f3n:<\/strong><\/p>\n\n\n\n<p class=\"has-medium-font-size\">La UPA tiene la misi\u00f3n de transformarse en el eje operativo, ejecutivo y de control de la implementaci\u00f3n de la estrategia de APS, en la b\u00fasqueda permanente de hacer accesible la asistencia para atender la salud de la poblaci\u00f3n desde una perspectiva de ejercicio de derecho, tratando permanentemente lograr inclusi\u00f3n e igualdad con la equidad necesaria.<br>Sabemos que la salud es una construcci\u00f3n colectiva, y en ese sentido nuestros recursos humanos est\u00e1n cient\u00edficamente formados con la capacidad t\u00e9cnica necesaria y resolutiva para abordar adecuadamente los problemas locales, materializando de manera indispensable, la participaci\u00f3n comunitaria.<\/p>\n\n\n\n<p class=\"has-text-align-left has-vivid-cyan-blue-color has-white-background-color has-text-color has-background has-medium-font-size\"><strong>MAPA DE LA CIUDAD CAPITAL DIVIDIDO SEG\u00daN LA ZONA DE COBERTURA DE CADA CENTRO DE SALUD<\/strong><\/p>\n\n\n\n<figure class=\"wp-block-gallery has-nested-images columns-default is-cropped wp-block-gallery-1 is-layout-flex wp-block-gallery-is-layout-flex\">\n<figure class=\"wp-block-image size-large\"><img fetchpriority=\"high\" decoding=\"async\" width=\"724\" height=\"1024\" data-id=\"9767\" src=\"https:\/\/msaludsgo.gov.ar\/web\/wp-content\/uploads\/2023\/06\/Mapa-de-santiago-724x1024.jpeg\" alt=\"\" class=\"wp-image-9767\" srcset=\"https:\/\/msaludsgo.gov.ar\/web\/wp-content\/uploads\/2023\/06\/Mapa-de-santiago-724x1024.jpeg 724w, https:\/\/msaludsgo.gov.ar\/web\/wp-content\/uploads\/2023\/06\/Mapa-de-santiago-212x300.jpeg 212w, https:\/\/msaludsgo.gov.ar\/web\/wp-content\/uploads\/2023\/06\/Mapa-de-santiago-106x150.jpeg 106w, https:\/\/msaludsgo.gov.ar\/web\/wp-content\/uploads\/2023\/06\/Mapa-de-santiago-768x1086.jpeg 768w, https:\/\/msaludsgo.gov.ar\/web\/wp-content\/uploads\/2023\/06\/Mapa-de-santiago-1086x1536.jpeg 1086w, https:\/\/msaludsgo.gov.ar\/web\/wp-content\/uploads\/2023\/06\/Mapa-de-santiago-283x400.jpeg 283w, https:\/\/msaludsgo.gov.ar\/web\/wp-content\/uploads\/2023\/06\/Mapa-de-santiago.jpeg 1131w\" sizes=\"(max-width: 724px) 100vw, 724px\" \/><\/figure>\n<\/figure>\n\n\n\n<p><\/p>\n\n\n\n<p class=\"has-vivid-cyan-blue-color has-text-color has-medium-font-size\"><strong>MAPA DE LA ZONA DE COBERTURA DE LA UPA MARIANO MORENO I<\/strong><\/p>\n\n\n\n<figure class=\"wp-block-image size-full\"><img decoding=\"async\" width=\"1810\" height=\"2560\" src=\"https:\/\/msaludsgo.gov.ar\/web\/wp-content\/uploads\/2023\/06\/UPA-Mariano-Moreno-I-scaled.png\" alt=\"\" class=\"wp-image-29768\" srcset=\"https:\/\/msaludsgo.gov.ar\/web\/wp-content\/uploads\/2023\/06\/UPA-Mariano-Moreno-I-scaled.png 1810w, https:\/\/msaludsgo.gov.ar\/web\/wp-content\/uploads\/2023\/06\/UPA-Mariano-Moreno-I-212x300.png 212w, https:\/\/msaludsgo.gov.ar\/web\/wp-content\/uploads\/2023\/06\/UPA-Mariano-Moreno-I-724x1024.png 724w, https:\/\/msaludsgo.gov.ar\/web\/wp-content\/uploads\/2023\/06\/UPA-Mariano-Moreno-I-106x150.png 106w, https:\/\/msaludsgo.gov.ar\/web\/wp-content\/uploads\/2023\/06\/UPA-Mariano-Moreno-I-768x1086.png 768w, https:\/\/msaludsgo.gov.ar\/web\/wp-content\/uploads\/2023\/06\/UPA-Mariano-Moreno-I-1086x1536.png 1086w, https:\/\/msaludsgo.gov.ar\/web\/wp-content\/uploads\/2023\/06\/UPA-Mariano-Moreno-I-1448x2048.png 1448w, https:\/\/msaludsgo.gov.ar\/web\/wp-content\/uploads\/2023\/06\/UPA-Mariano-Moreno-I-283x400.png 283w\" sizes=\"(max-width: 1810px) 100vw, 1810px\" \/><\/figure>\n\n\n\n<p class=\"has-background\" style=\"background-color:#fcb9009e;font-size:18px\">Aquellas personas que residan en el <strong>Sector descubierto<\/strong>, pueden dirigirse a la UPA para solicitar la visita de un Agente Sanitario.<\/p>\n\n\n\n<p class=\"has-pale-pink-background-color has-background\" style=\"font-size:24px\"><strong>En el siguiente link puedes acceder al mapa digital:&nbsp;<a href=\"https:\/\/www.google.com\/maps\/d\/u\/0\/viewer?mid=1wqQdKKS_y-bLMpjLlg33an9S1UEFcAA&amp;ll=-27.818086799091656%2C-64.26846499999999&amp;z=15\" target=\"_blank\" rel=\"noopener\" title=\"MAPA DE LA UPA MARIANO MORENO I\">MAPA DE LA UPA MARIANO MORENO I<\/a><\/strong><\/p>\n\n\n\n<p class=\"has-vivid-cyan-blue-color has-text-color has-medium-font-size\"><strong>PARA CONTACTARTE CON TU AGENTE SANITARIO O SOLICITAR UN TURNO<\/strong><\/p>\n\n\n\n<p class=\"has-medium-font-size\"><strong>Dir\u00edgete<\/strong> a la UPA Mariano Moreno 1, Calle Andr\u00e9s Chazarreta y Prof. Gabriel P\u00e9rez (Mz 7 lote 18)<\/p>\n\n\n\n<p class=\"has-medium-font-size\"><strong>Comun\u00edcate<\/strong> al tel\u00e9fonos: 4312675 \u2013 155049366<\/p>\n\n\n\n<p class=\"has-medium-font-size\"><strong>Env\u00eda un mensaje al Facebook<\/strong>: <a href=\"https:\/\/www.facebook.com\/upamarianomoreno1\">UPA Mariano Moreno 1<\/a> o a<strong> <a href=\"https:\/\/www.facebook.com\/profile.php?id=100063723453798&amp;mibextid=ZbWKwL\">Direcci\u00f3n de Atenci\u00f3n Primaria de la Salud<\/a><\/strong><\/p>\n\n\n\n<p class=\"has-vivid-cyan-blue-color has-text-color has-medium-font-size\"><strong>GU\u00cdA DE SERVICIOS DEL CENTRO DE SALUD<\/strong><\/p>\n\n\n\n<p><\/p>\n\n\n\n<div class=\"wp-block-columns alignwide is-layout-flex wp-container-core-columns-is-layout-829b1d53 wp-block-columns-is-layout-flex\" style=\"margin-bottom:0\">\n<div class=\"wp-block-column has-text-color has-background has-link-color wp-elements-28b59ad0c3f925ba939fe092c39a7905 is-layout-flow wp-block-column-is-layout-flow\" style=\"color:#000000;background-color:#ffe97d;padding-top:2em;padding-right:2em;padding-bottom:2em;padding-left:2em\">\n<h2 class=\"wp-block-heading has-medium-font-size\" id=\"single\"><strong>Cl\u00ednica M\u00e9dica<\/strong><\/h2>\n\n\n\n<hr class=\"wp-block-separator has-text-color has-css-opacity has-background is-style-wide\" style=\"background-color:#000000;color:#000000\"\/>\n\n\n\n<p style=\"font-size:15px\">Dra. Ledesma Patricia Martes jueves y viernes 15:00 a 19:00hs.<\/p>\n<\/div>\n\n\n\n<div class=\"wp-block-column has-text-color has-background has-link-color wp-elements-77ef754b5362f3653872bfccc21a40c1 is-layout-flow wp-block-column-is-layout-flow\" style=\"color:#000000;background-color:#d1d1e1;padding-top:2em;padding-right:2em;padding-bottom:2em;padding-left:2em\">\n<h2 class=\"wp-block-heading has-medium-font-size\" id=\"family\"><strong>Obstetricia<\/strong><\/h2>\n\n\n\n<hr class=\"wp-block-separator has-css-opacity is-style-wide\"\/>\n\n\n\n<p>Lic. Juarez Bulacia Martina: Lunes a jueves de 8:00 a 13:00 hs<\/p>\n\n\n\n<p>.<\/p>\n<\/div>\n\n\n\n<div class=\"wp-block-column has-text-color has-background has-link-color wp-elements-114e766e95b34f51b9cee2bde07b32b3 is-layout-flow wp-block-column-is-layout-flow\" style=\"color:#000000;background-color:#c0ebf1;padding-top:2em;padding-right:2em;padding-bottom:2em;padding-left:2em\">\n<h2 class=\"wp-block-heading has-medium-font-size\" id=\"patron\"><strong>Kinesiolog\u00eda<\/strong><\/h2>\n\n\n\n<hr class=\"wp-block-separator has-css-opacity is-style-wide\"\/>\n\n\n\n<p>Lic. Flores Ricardo Lunes a viernes 15:00 a 18:00 hs<\/p>\n<\/div>\n<\/div>\n\n\n\n<p><\/p>\n\n\n\n<div class=\"wp-block-columns is-layout-flex wp-container-core-columns-is-layout-9d6595d7 wp-block-columns-is-layout-flex\">\n<div class=\"wp-block-column has-pale-pink-background-color has-text-color has-background has-link-color wp-elements-bdda1cea8cf803dbf82e1991e48bf28f is-layout-flow wp-block-column-is-layout-flow\" style=\"color:#000000;padding-top:2em;padding-right:2em;padding-bottom:2em;padding-left:2em\">\n<h2 class=\"wp-block-heading has-medium-font-size\" id=\"single\"><strong>Guardia de Enfermer\u00eda<\/strong><\/h2>\n\n\n\n<hr class=\"wp-block-separator has-text-color has-css-opacity has-background is-style-wide\" style=\"background-color:#000000;color:#000000\"\/>\n\n\n\n<p style=\"font-size:15px\">Lunes a Sabado de 7:00 a 19:00 hs.<\/p>\n<\/div>\n\n\n\n<div class=\"wp-block-column has-text-color has-background has-link-color wp-elements-4998e1b6f060eae2caf065be754bd83b is-layout-flow wp-block-column-is-layout-flow\" style=\"color:#000000;background-color:#e7d3f9;padding-top:2em;padding-right:2em;padding-bottom:2em;padding-left:2em\">\n<h2 class=\"wp-block-heading has-medium-font-size\" id=\"family\">Electrocardiograma<\/h2>\n\n\n\n<hr class=\"wp-block-separator has-css-opacity is-style-wide\"\/>\n\n\n\n<p>Lunes a Viernes de 7:00 a 13:00hs<\/p>\n<\/div>\n\n\n\n<div class=\"wp-block-column has-light-green-cyan-background-color has-text-color has-background has-link-color wp-elements-0e3412600c5690b8f5a7848141d3c824 is-layout-flow wp-block-column-is-layout-flow\" style=\"color:#000000;padding-top:2em;padding-right:2em;padding-bottom:2em;padding-left:2em\">\n<h2 class=\"wp-block-heading has-medium-font-size\" id=\"single\"><strong>Educaci\u00f3n Sanitaria<\/strong><\/h2>\n\n\n\n<hr class=\"wp-block-separator has-text-color has-css-opacity has-background is-style-wide\" style=\"background-color:#000000;color:#000000\"\/>\n\n\n\n<p style=\"font-size:15px\">Paz Walter: Lunes a Viernes de 7:00 a 13:00 hs<\/p>\n<\/div>\n<\/div>\n\n\n\n<div class=\"wp-block-columns is-layout-flex wp-container-core-columns-is-layout-9d6595d7 wp-block-columns-is-layout-flex\">\n<div class=\"wp-block-column has-text-color has-background has-link-color wp-elements-f6e612b6e3a09b08045894388b62c42b is-layout-flow wp-block-column-is-layout-flow\" style=\"color:#000000;background-color:#f9bc90;padding-top:2em;padding-right:2em;padding-bottom:2em;padding-left:2em\">\n<h2 class=\"wp-block-heading has-medium-font-size\" id=\"family\"><strong>Extracci\u00f3n de Sangre<\/strong><\/h2>\n\n\n\n<hr class=\"wp-block-separator has-css-opacity is-style-wide\"\/>\n\n\n\n<p>Miercoles de 7:00 a 9:00hs<\/p>\n<\/div>\n\n\n\n<div class=\"wp-block-column has-text-color has-background has-link-color wp-elements-d8ab9eb2defaa4cca710495ac80e239a is-layout-flow wp-block-column-is-layout-flow\" style=\"color:#000000;background-color:#aad5c3;padding-top:2em;padding-right:2em;padding-bottom:2em;padding-left:2em\">\n<h2 class=\"wp-block-heading has-medium-font-size\" id=\"single\">Toma muestra test COVID<\/h2>\n\n\n\n<hr class=\"wp-block-separator has-text-color has-css-opacity has-background is-style-wide\" style=\"background-color:#000000;color:#000000\"\/>\n\n\n\n<p style=\"font-size:15px\">lunes a viernes de 7:00 a 19:00hs<\/p>\n<\/div>\n\n\n\n<div class=\"wp-block-column has-luminous-vivid-amber-background-color has-text-color has-background has-link-color wp-elements-3aeace22821583893cfc64680e314cf3 is-layout-flow wp-block-column-is-layout-flow\" style=\"color:#000000;padding-top:2em;padding-right:2em;padding-bottom:2em;padding-left:2em\">\n<h2 class=\"wp-block-heading has-medium-font-size\" id=\"family\"><strong>Vacunatorio<\/strong><\/h2>\n\n\n\n<hr class=\"wp-block-separator has-css-opacity is-style-wide\"\/>\n\n\n\n<p>lunes a viernes de 7:00 a 19:00hs.<\/p>\n<\/div>\n<\/div>\n\n\n\n<div class=\"wp-block-columns is-layout-flex wp-container-core-columns-is-layout-9d6595d7 wp-block-columns-is-layout-flex\">\n<div class=\"wp-block-column has-pale-pink-background-color has-text-color has-background has-link-color wp-elements-ea5b6d8e52b3aca3187f87a905a2b5bb is-layout-flow wp-block-column-is-layout-flow\" style=\"color:#000000;padding-top:2em;padding-right:2em;padding-bottom:2em;padding-left:2em\">\n<h2 class=\"wp-block-heading has-medium-font-size\" id=\"single\">Testeo de VIH<\/h2>\n\n\n\n<hr class=\"wp-block-separator has-text-color has-css-opacity has-background is-style-wide\" style=\"background-color:#000000;color:#000000\"\/>\n\n\n\n<p style=\"font-size:15px\">lunes a jueves de 7:00 a 19:00hs<\/p>\n<\/div>\n\n\n\n<div class=\"wp-block-column has-text-color has-background has-link-color wp-elements-41deb1853269d759027274b92f00f6eb is-layout-flow wp-block-column-is-layout-flow\" style=\"color:#000000;background-color:#ffe97d;padding-top:2em;padding-right:2em;padding-bottom:2em;padding-left:2em\">\n<h2 class=\"wp-block-heading has-medium-font-size\" id=\"single\">Farmacia<\/h2>\n\n\n\n<hr class=\"wp-block-separator has-text-color has-css-opacity has-background is-style-wide\" style=\"background-color:#000000;color:#000000\"\/>\n\n\n\n<p style=\"font-size:15px\">Lunes a jueves de 8 a 19 hs<\/p>\n<\/div>\n\n\n\n<div class=\"wp-block-column has-text-color has-background has-link-color wp-elements-d29c2da94184e12948e7fe3d1e2a3fb1 is-layout-flow wp-block-column-is-layout-flow\" style=\"color:#000000;background-color:#e7d3f9;padding-top:2em;padding-right:2em;padding-bottom:2em;padding-left:2em\">\n<h2 class=\"wp-block-heading has-medium-font-size\" id=\"family\"><strong>PAP<\/strong><\/h2>\n\n\n\n<hr class=\"wp-block-separator has-css-opacity is-style-wide\"\/>\n\n\n\n<p>Lic. Juarez Bulacia Martina: jueves de 8:00 a 13:00 hs<\/p>\n<\/div>\n<\/div>\n\n\n\n<div class=\"wp-block-columns alignwide is-layout-flex wp-container-core-columns-is-layout-829b1d53 wp-block-columns-is-layout-flex\" style=\"margin-bottom:0\">\n<div class=\"wp-block-column has-light-green-cyan-background-color has-text-color has-background has-link-color wp-elements-619664c9ed65470589d3fa678f234f05 is-layout-flow wp-block-column-is-layout-flow\" style=\"color:#000000;padding-top:2em;padding-right:2em;padding-bottom:2em;padding-left:2em\">\n<h2 class=\"wp-block-heading has-medium-font-size\" id=\"family\"><strong>Programa 1700<\/strong><\/h2>\n\n\n\n<hr class=\"wp-block-separator has-css-opacity is-style-wide\"\/>\n\n\n\n<p>Lunes a Viernes de 7:00 a 19:00 hs.<\/p>\n<\/div>\n\n\n\n<div class=\"wp-block-column has-text-color has-background has-link-color wp-elements-0cdba4d8e581fa1b9c93b3b23d8f1b0c is-layout-flow wp-block-column-is-layout-flow\" style=\"color:#000000;background-color:#6ab8e5;padding-top:2em;padding-right:2em;padding-bottom:2em;padding-left:2em\">\n<h2 class=\"wp-block-heading has-medium-font-size\" id=\"single\">Toma muestra Dengue<\/h2>\n\n\n\n<hr class=\"wp-block-separator has-text-color has-css-opacity has-background is-style-wide\" style=\"background-color:#000000;color:#000000\"\/>\n\n\n\n<p style=\"font-size:15px\">lunes a viernes de 7:00 a 19:00hs<\/p>\n<\/div>\n\n\n\n<div class=\"wp-block-column has-text-color has-background has-link-color wp-elements-82a9c34f1a07ef9ba12031ec80e20041 is-layout-flow wp-block-column-is-layout-flow\" style=\"color:#000000;background-color:#cca9ec;padding-top:2em;padding-right:2em;padding-bottom:2em;padding-left:2em\">\n<h2 class=\"wp-block-heading has-medium-font-size\" id=\"family\"><strong> Entrega de Leche<\/strong><\/h2>\n\n\n\n<hr class=\"wp-block-separator has-css-opacity is-style-wide\"\/>\n\n\n\n<p>lunes a viernes de 7:00 a 13:00hs<\/p>\n<\/div>\n<\/div>\n\n\n\n<p><\/p>\n\n\n\n<p class=\"has-vivid-cyan-blue-color has-text-color has-medium-font-size\"><strong>TEN\u00c9S UNA PLAZA SALUDABLE CERCA DE TU CASA<\/strong><\/p>\n\n\n\n<p class=\"has-medium-font-size\">En cada clase se realizan controles de salud a la comunidad que participa de este espacio, captando y reforzando el seguimiento de pacientes con enfermedades cr\u00f3nicas no transmisibles.<\/p>\n\n\n\n<p class=\"has-medium-font-size\">Seguinos en nuestras redes sociales: <a href=\"https:\/\/www.facebook.com\/PlazasSaludablesSgo\">Plazas Saludables Santiago del Estero<\/a><\/p>\n\n\n\n<div class=\"wp-block-columns is-layout-flex wp-container-core-columns-is-layout-9d6595d7 wp-block-columns-is-layout-flex\">\n<div class=\"wp-block-column is-layout-flow wp-block-column-is-layout-flow\">\n<figure class=\"wp-block-image size-large\"><img decoding=\"async\" width=\"819\" height=\"1024\" src=\"https:\/\/msaludsgo.gov.ar\/web\/wp-content\/uploads\/2023\/06\/WhatsApp-Image-2025-10-06-at-7.46.34-AM-23-819x1024.jpeg\" alt=\"\" class=\"wp-image-28530\" srcset=\"https:\/\/msaludsgo.gov.ar\/web\/wp-content\/uploads\/2023\/06\/WhatsApp-Image-2025-10-06-at-7.46.34-AM-23-819x1024.jpeg 819w, https:\/\/msaludsgo.gov.ar\/web\/wp-content\/uploads\/2023\/06\/WhatsApp-Image-2025-10-06-at-7.46.34-AM-23-240x300.jpeg 240w, https:\/\/msaludsgo.gov.ar\/web\/wp-content\/uploads\/2023\/06\/WhatsApp-Image-2025-10-06-at-7.46.34-AM-23-120x150.jpeg 120w, https:\/\/msaludsgo.gov.ar\/web\/wp-content\/uploads\/2023\/06\/WhatsApp-Image-2025-10-06-at-7.46.34-AM-23-768x960.jpeg 768w, https:\/\/msaludsgo.gov.ar\/web\/wp-content\/uploads\/2023\/06\/WhatsApp-Image-2025-10-06-at-7.46.34-AM-23-320x400.jpeg 320w, https:\/\/msaludsgo.gov.ar\/web\/wp-content\/uploads\/2023\/06\/WhatsApp-Image-2025-10-06-at-7.46.34-AM-23.jpeg 1080w\" sizes=\"(max-width: 819px) 100vw, 819px\" \/><\/figure>\n<\/div>\n\n\n\n<div class=\"wp-block-column is-layout-flow wp-block-column-is-layout-flow\">\n<figure class=\"wp-block-image size-large\"><img loading=\"lazy\" decoding=\"async\" width=\"819\" height=\"1024\" src=\"https:\/\/msaludsgo.gov.ar\/web\/wp-content\/uploads\/2023\/06\/WhatsApp-Image-2025-10-06-at-7.46.35-AM-25-819x1024.jpeg\" alt=\"\" class=\"wp-image-28531\" srcset=\"https:\/\/msaludsgo.gov.ar\/web\/wp-content\/uploads\/2023\/06\/WhatsApp-Image-2025-10-06-at-7.46.35-AM-25-819x1024.jpeg 819w, https:\/\/msaludsgo.gov.ar\/web\/wp-content\/uploads\/2023\/06\/WhatsApp-Image-2025-10-06-at-7.46.35-AM-25-240x300.jpeg 240w, https:\/\/msaludsgo.gov.ar\/web\/wp-content\/uploads\/2023\/06\/WhatsApp-Image-2025-10-06-at-7.46.35-AM-25-120x150.jpeg 120w, https:\/\/msaludsgo.gov.ar\/web\/wp-content\/uploads\/2023\/06\/WhatsApp-Image-2025-10-06-at-7.46.35-AM-25-768x960.jpeg 768w, https:\/\/msaludsgo.gov.ar\/web\/wp-content\/uploads\/2023\/06\/WhatsApp-Image-2025-10-06-at-7.46.35-AM-25-320x400.jpeg 320w, https:\/\/msaludsgo.gov.ar\/web\/wp-content\/uploads\/2023\/06\/WhatsApp-Image-2025-10-06-at-7.46.35-AM-25.jpeg 1080w\" sizes=\"(max-width: 819px) 100vw, 819px\" \/><\/figure>\n<\/div>\n<\/div>\n\n\n\n<div class=\"wp-block-columns is-layout-flex wp-container-core-columns-is-layout-9d6595d7 wp-block-columns-is-layout-flex\">\n<div class=\"wp-block-column is-layout-flow wp-block-column-is-layout-flow\">\n<figure class=\"wp-block-image size-large\"><img loading=\"lazy\" decoding=\"async\" width=\"819\" height=\"1024\" src=\"https:\/\/msaludsgo.gov.ar\/web\/wp-content\/uploads\/2023\/06\/WhatsApp-Image-2025-10-06-at-7.46.35-AM-1-23-819x1024.jpeg\" alt=\"\" class=\"wp-image-28532\" srcset=\"https:\/\/msaludsgo.gov.ar\/web\/wp-content\/uploads\/2023\/06\/WhatsApp-Image-2025-10-06-at-7.46.35-AM-1-23-819x1024.jpeg 819w, https:\/\/msaludsgo.gov.ar\/web\/wp-content\/uploads\/2023\/06\/WhatsApp-Image-2025-10-06-at-7.46.35-AM-1-23-240x300.jpeg 240w, https:\/\/msaludsgo.gov.ar\/web\/wp-content\/uploads\/2023\/06\/WhatsApp-Image-2025-10-06-at-7.46.35-AM-1-23-120x150.jpeg 120w, https:\/\/msaludsgo.gov.ar\/web\/wp-content\/uploads\/2023\/06\/WhatsApp-Image-2025-10-06-at-7.46.35-AM-1-23-768x960.jpeg 768w, https:\/\/msaludsgo.gov.ar\/web\/wp-content\/uploads\/2023\/06\/WhatsApp-Image-2025-10-06-at-7.46.35-AM-1-23-320x400.jpeg 320w, https:\/\/msaludsgo.gov.ar\/web\/wp-content\/uploads\/2023\/06\/WhatsApp-Image-2025-10-06-at-7.46.35-AM-1-23.jpeg 1080w\" sizes=\"(max-width: 819px) 100vw, 819px\" \/><\/figure>\n<\/div>\n\n\n\n<div class=\"wp-block-column is-layout-flow wp-block-column-is-layout-flow\">\n<figure class=\"wp-block-image size-large\"><img loading=\"lazy\" decoding=\"async\" width=\"819\" height=\"1024\" src=\"https:\/\/msaludsgo.gov.ar\/web\/wp-content\/uploads\/2023\/06\/WhatsApp-Image-2025-10-06-at-7.46.35-AM-2-23-819x1024.jpeg\" alt=\"\" class=\"wp-image-28533\" srcset=\"https:\/\/msaludsgo.gov.ar\/web\/wp-content\/uploads\/2023\/06\/WhatsApp-Image-2025-10-06-at-7.46.35-AM-2-23-819x1024.jpeg 819w, https:\/\/msaludsgo.gov.ar\/web\/wp-content\/uploads\/2023\/06\/WhatsApp-Image-2025-10-06-at-7.46.35-AM-2-23-240x300.jpeg 240w, https:\/\/msaludsgo.gov.ar\/web\/wp-content\/uploads\/2023\/06\/WhatsApp-Image-2025-10-06-at-7.46.35-AM-2-23-120x150.jpeg 120w, https:\/\/msaludsgo.gov.ar\/web\/wp-content\/uploads\/2023\/06\/WhatsApp-Image-2025-10-06-at-7.46.35-AM-2-23-768x960.jpeg 768w, https:\/\/msaludsgo.gov.ar\/web\/wp-content\/uploads\/2023\/06\/WhatsApp-Image-2025-10-06-at-7.46.35-AM-2-23-320x400.jpeg 320w, https:\/\/msaludsgo.gov.ar\/web\/wp-content\/uploads\/2023\/06\/WhatsApp-Image-2025-10-06-at-7.46.35-AM-2-23.jpeg 1080w\" sizes=\"(max-width: 819px) 100vw, 819px\" \/><\/figure>\n<\/div>\n<\/div>\n\n\n\n<figure class=\"wp-block-image size-large\"><img loading=\"lazy\" decoding=\"async\" width=\"819\" height=\"1024\" src=\"https:\/\/msaludsgo.gov.ar\/web\/wp-content\/uploads\/2023\/06\/WhatsApp-Image-2025-10-06-at-7.46.37-AM-23-819x1024.jpeg\" alt=\"\" class=\"wp-image-28534\" srcset=\"https:\/\/msaludsgo.gov.ar\/web\/wp-content\/uploads\/2023\/06\/WhatsApp-Image-2025-10-06-at-7.46.37-AM-23-819x1024.jpeg 819w, https:\/\/msaludsgo.gov.ar\/web\/wp-content\/uploads\/2023\/06\/WhatsApp-Image-2025-10-06-at-7.46.37-AM-23-240x300.jpeg 240w, https:\/\/msaludsgo.gov.ar\/web\/wp-content\/uploads\/2023\/06\/WhatsApp-Image-2025-10-06-at-7.46.37-AM-23-120x150.jpeg 120w, https:\/\/msaludsgo.gov.ar\/web\/wp-content\/uploads\/2023\/06\/WhatsApp-Image-2025-10-06-at-7.46.37-AM-23-768x960.jpeg 768w, https:\/\/msaludsgo.gov.ar\/web\/wp-content\/uploads\/2023\/06\/WhatsApp-Image-2025-10-06-at-7.46.37-AM-23-320x400.jpeg 320w, https:\/\/msaludsgo.gov.ar\/web\/wp-content\/uploads\/2023\/06\/WhatsApp-Image-2025-10-06-at-7.46.37-AM-23.jpeg 1080w\" sizes=\"(max-width: 819px) 100vw, 819px\" \/><\/figure>\n","protected":false},"excerpt":{"rendered":"<p>AGENDA DIGITAL DE SALUD VISI\u00d3N Y MISI\u00d3N DE LAS UNIDADES PRIMARIAS DE ATENCI\u00d3N Visi\u00f3n: La Unidad Primaria de Atenci\u00f3n (UPA), dentro de la estrategia de APS, tiene como visi\u00f3n: \u201cAlcanzar una mejor calidad de vida en personas, familias y comunidades del \u00e1rea de responsabilidad desde el enfoque de la participaci\u00f3n social local\u201d. Misi\u00f3n: La UPA [&hellip;]<\/p>\n","protected":false},"author":5,"featured_media":0,"comment_status":"open","ping_status":"open","sticky":false,"template":"","format":"standard","meta":{"footnotes":""},"categories":[1],"tags":[],"class_list":["post-9766","post","type-post","status-publish","format-standard","hentry","category-sin-categoria"],"aioseo_notices":[],"_links":{"self":[{"href":"https:\/\/msaludsgo.gov.ar\/web\/wp-json\/wp\/v2\/posts\/9766","targetHints":{"allow":["GET"]}}],"collection":[{"href":"https:\/\/msaludsgo.gov.ar\/web\/wp-json\/wp\/v2\/posts"}],"about":[{"href":"https:\/\/msaludsgo.gov.ar\/web\/wp-json\/wp\/v2\/types\/post"}],"author":[{"embeddable":true,"href":"https:\/\/msaludsgo.gov.ar\/web\/wp-json\/wp\/v2\/users\/5"}],"replies":[{"embeddable":true,"href":"https:\/\/msaludsgo.gov.ar\/web\/wp-json\/wp\/v2\/comments?post=9766"}],"version-history":[{"count":29,"href":"https:\/\/msaludsgo.gov.ar\/web\/wp-json\/wp\/v2\/posts\/9766\/revisions"}],"predecessor-version":[{"id":29770,"href":"https:\/\/msaludsgo.gov.ar\/web\/wp-json\/wp\/v2\/posts\/9766\/revisions\/29770"}],"wp:attachment":[{"href":"https:\/\/msaludsgo.gov.ar\/web\/wp-json\/wp\/v2\/media?parent=9766"}],"wp:term":[{"taxonomy":"category","embeddable":true,"href":"https:\/\/msaludsgo.gov.ar\/web\/wp-json\/wp\/v2\/categories?post=9766"},{"taxonomy":"post_tag","embeddable":true,"href":"https:\/\/msaludsgo.gov.ar\/web\/wp-json\/wp\/v2\/tags?post=9766"}],"curies":[{"name":"wp","href":"https:\/\/api.w.org\/{rel}","templated":true}]}}