{"id":9802,"date":"2023-06-08T02:44:49","date_gmt":"2023-06-08T02:44:49","guid":{"rendered":"https:\/\/msaludsgo.gov.ar\/web\/?p=9802"},"modified":"2026-04-02T15:44:57","modified_gmt":"2026-04-02T15:44:57","slug":"upa-no-6-b-smata","status":"publish","type":"post","link":"https:\/\/msaludsgo.gov.ar\/web\/upa-no-6-b-smata\/","title":{"rendered":"UPA N\u00ba 6 B\u00b0 Smata"},"content":{"rendered":"\n<p class=\"has-white-color has-vivid-cyan-blue-background-color has-text-color has-background has-large-font-size\"><strong>AGENDA DIGITAL DE SALUD<\/strong><\/p>\n\n\n\n<p class=\"has-text-align-left has-vivid-cyan-blue-color has-white-background-color has-text-color has-background has-medium-font-size\"><strong>VISI\u00d3N Y MISI\u00d3N DE LAS UNIDADES PRIMARIAS DE ATENCI\u00d3N<\/strong><\/p>\n\n\n\n<p class=\"has-black-color has-text-color has-medium-font-size\"><strong>Visi\u00f3n:<\/strong><\/p>\n\n\n\n<p class=\"has-medium-font-size\">La Unidad Primaria de Atenci\u00f3n (UPA), dentro de la estrategia de APS, tiene como visi\u00f3n: \u201cAlcanzar una mejor calidad de vida en personas, familias y comunidades del \u00e1rea de responsabilidad desde el enfoque de la participaci\u00f3n social local\u201d.<\/p>\n\n\n\n<p class=\"has-black-color has-text-color has-medium-font-size\"><strong>Misi\u00f3n:<\/strong><\/p>\n\n\n\n<p class=\"has-medium-font-size\">La UPA tiene la misi\u00f3n de transformarse en el eje operativo, ejecutivo y de control de la implementaci\u00f3n de la estrategia de APS, en la b\u00fasqueda permanente de hacer accesible la asistencia para atender la salud de la poblaci\u00f3n desde una perspectiva de ejercicio de derecho, tratando permanentemente lograr inclusi\u00f3n e igualdad con la equidad necesaria.<br>Sabemos que la salud es una construcci\u00f3n colectiva, y en ese sentido nuestros recursos humanos est\u00e1n cient\u00edficamente formados con la capacidad t\u00e9cnica necesaria y resolutiva para abordar adecuadamente los problemas locales, materializando de manera indispensable, la participaci\u00f3n comunitaria.<\/p>\n\n\n\n<p class=\"has-text-align-left has-vivid-cyan-blue-color has-white-background-color has-text-color has-background has-medium-font-size\"><strong>MAPA DE LA CIUDAD CAPITAL DIVIDIDO SEG\u00daN LA ZONA DE COBERTURA DE CADA CENTRO DE SALUD<\/strong><\/p>\n\n\n\n<figure class=\"wp-block-gallery has-nested-images columns-default is-cropped wp-block-gallery-1 is-layout-flex wp-block-gallery-is-layout-flex\">\n<figure class=\"wp-block-image size-large\"><img fetchpriority=\"high\" decoding=\"async\" width=\"724\" height=\"1024\" data-id=\"9767\" src=\"https:\/\/msaludsgo.gov.ar\/web\/wp-content\/uploads\/2023\/06\/Mapa-de-santiago-724x1024.jpeg\" alt=\"\" class=\"wp-image-9767\" srcset=\"https:\/\/msaludsgo.gov.ar\/web\/wp-content\/uploads\/2023\/06\/Mapa-de-santiago-724x1024.jpeg 724w, https:\/\/msaludsgo.gov.ar\/web\/wp-content\/uploads\/2023\/06\/Mapa-de-santiago-212x300.jpeg 212w, https:\/\/msaludsgo.gov.ar\/web\/wp-content\/uploads\/2023\/06\/Mapa-de-santiago-106x150.jpeg 106w, https:\/\/msaludsgo.gov.ar\/web\/wp-content\/uploads\/2023\/06\/Mapa-de-santiago-768x1086.jpeg 768w, https:\/\/msaludsgo.gov.ar\/web\/wp-content\/uploads\/2023\/06\/Mapa-de-santiago-1086x1536.jpeg 1086w, https:\/\/msaludsgo.gov.ar\/web\/wp-content\/uploads\/2023\/06\/Mapa-de-santiago-283x400.jpeg 283w, https:\/\/msaludsgo.gov.ar\/web\/wp-content\/uploads\/2023\/06\/Mapa-de-santiago.jpeg 1131w\" sizes=\"(max-width: 724px) 100vw, 724px\" \/><\/figure>\n<\/figure>\n\n\n\n<p><\/p>\n\n\n\n<p class=\"has-vivid-cyan-blue-color has-text-color has-medium-font-size\"><strong>MAPA DE LA ZONA DE COBERTURA DE LA UPA N\u00ba 6 B\u00b0 Smata<\/strong><\/p>\n\n\n\n<figure class=\"wp-block-gallery has-nested-images columns-default is-cropped wp-block-gallery-2 is-layout-flex wp-block-gallery-is-layout-flex\">\n<figure class=\"wp-block-image size-large\"><img decoding=\"async\" width=\"1024\" height=\"724\" data-id=\"29711\" src=\"https:\/\/msaludsgo.gov.ar\/web\/wp-content\/uploads\/2023\/06\/UPA-N\u00b0-6-SMATA-1024x724.png\" alt=\"\" class=\"wp-image-29711\" srcset=\"https:\/\/msaludsgo.gov.ar\/web\/wp-content\/uploads\/2023\/06\/UPA-N\u00b0-6-SMATA-1024x724.png 1024w, https:\/\/msaludsgo.gov.ar\/web\/wp-content\/uploads\/2023\/06\/UPA-N\u00b0-6-SMATA-300x212.png 300w, https:\/\/msaludsgo.gov.ar\/web\/wp-content\/uploads\/2023\/06\/UPA-N\u00b0-6-SMATA-150x106.png 150w, https:\/\/msaludsgo.gov.ar\/web\/wp-content\/uploads\/2023\/06\/UPA-N\u00b0-6-SMATA-768x543.png 768w, https:\/\/msaludsgo.gov.ar\/web\/wp-content\/uploads\/2023\/06\/UPA-N\u00b0-6-SMATA-1536x1086.png 1536w, https:\/\/msaludsgo.gov.ar\/web\/wp-content\/uploads\/2023\/06\/UPA-N\u00b0-6-SMATA-2048x1448.png 2048w, https:\/\/msaludsgo.gov.ar\/web\/wp-content\/uploads\/2023\/06\/UPA-N\u00b0-6-SMATA-566x400.png 566w\" sizes=\"(max-width: 1024px) 100vw, 1024px\" \/><\/figure>\n<\/figure>\n\n\n\n<p class=\"has-background\" style=\"background-color:#fcb9009e;font-size:18px\">Aquellas personas que residan en el <strong>Sector descubierto<\/strong>, pueden dirigirse a la UPA para solicitar la visita de un Agente Sanitario.<\/p>\n\n\n\n<p class=\"has-pale-pink-background-color has-background\" style=\"font-size:24px\"><strong>En el siguiente link puedes acceder al mapa digital: <\/strong><a href=\"https:\/\/www.google.com\/maps\/d\/u\/0\/viewer?mid=1-8o1muneJ4nwt29lkX1f-zbQh-ibl3g&amp;ll=-27.81779420662259%2C-64.27269943782748&amp;z=15\" title=\"\"><strong>MAPA DE LA UPA N\u00b0 6<\/strong><\/a><\/p>\n\n\n\n<p class=\"has-vivid-cyan-blue-color has-text-color has-medium-font-size\"><strong>PARA CONTACTARTE CON TU AGENTE SANITARIO O SOLICITAR UN TURNO<\/strong><\/p>\n\n\n\n<p class=\"has-medium-font-size\"><strong>Dir\u00edgete<\/strong> a la UPA N\u00ba 6 B\u00b0 Smata, Mar\u00eda Auxiliadora y Posadas<\/p>\n\n\n\n<p class=\"has-medium-font-size\"><strong>Comun\u00edcate<\/strong> al tel\u00e9fono: 4256054 (Fijo) &#8211; 3853142299 ( WhatsApp)<\/p>\n\n\n\n<p class=\"has-medium-font-size\"><strong>Env\u00eda un mensaje al Facebook<\/strong>: <a href=\"https:\/\/www.facebook.com\/upa.smata.9\">Upa Smata<\/a> o a<strong> <a href=\"https:\/\/www.facebook.com\/profile.php?id=100063723453798&amp;mibextid=ZbWKwL\">Direcci\u00f3n de Atenci\u00f3n Primaria de la Salud<\/a><\/strong><\/p>\n\n\n\n<p class=\"has-vivid-cyan-blue-color has-text-color has-medium-font-size\"><strong>GU\u00cdA DE SERVICIOS DEL CENTRO DE SALUD<\/strong> <\/p>\n\n\n\n<div class=\"wp-block-columns alignwide is-layout-flex wp-container-core-columns-is-layout-829b1d53 wp-block-columns-is-layout-flex\" style=\"margin-bottom:0\">\n<div class=\"wp-block-column has-text-color has-background has-link-color wp-elements-0b9f29b35aa6b7ca086d7f120125cd1f is-layout-flow wp-block-column-is-layout-flow\" style=\"color:#000000;background-color:#ffe97d;padding-top:2em;padding-right:2em;padding-bottom:2em;padding-left:2em\">\n<h2 class=\"wp-block-heading has-medium-font-size\" id=\"single\"><strong>M\u00e9dico de Familia<\/strong><\/h2>\n\n\n\n<hr class=\"wp-block-separator has-text-color has-css-opacity has-background is-style-wide\" style=\"background-color:#000000;color:#000000\"\/>\n\n\n\n<p style=\"font-size:17px\"><strong>Dra. Moya<\/strong>: Lunes a Viernes 9:00 a 13:00hs. \/ <strong>Dra. Picon Gabriela<\/strong>: lunes, martes y jueves de 8:00 a 13:00hs. miercoles y viernes 14:30 a 17:30hs. <strong>Dra. Nieva Natalia<\/strong>: martes, miercoles y jueves 8:00 a 12:00hs. lunes y viernes13:00 a 16:30hs. <strong>Dr. Corrales<\/strong>: lunes y viernes 8:30 a 13:00hs. martes. miercoles y jueves 15:00 a 18:00hs. <\/p>\n<\/div>\n\n\n\n<div class=\"wp-block-column has-text-color has-background has-link-color wp-elements-7a660bb58bb1c1d5caf1bea88d5323a9 is-layout-flow wp-block-column-is-layout-flow\" style=\"color:#000000;background-color:#d1d1e1;padding-top:2em;padding-right:2em;padding-bottom:2em;padding-left:2em\">\n<h2 class=\"wp-block-heading has-medium-font-size\" id=\"family\"><strong><strong>Odontolog\u00eda<\/strong><\/strong><\/h2>\n\n\n\n<hr class=\"wp-block-separator aligncenter has-css-opacity is-style-default\"\/>\n\n\n\n<p><strong>Dra. Maidana<\/strong>: Lunes a viernes 9:00 a 11:00hs <strong> Dra. Mulki:<\/strong> lunes a viernes 14:00 a 16:00hs. <strong>  <\/strong><\/p>\n<\/div>\n\n\n\n<div class=\"wp-block-column has-text-color has-background has-link-color wp-elements-8e759c95ce3c46438012a76864bf0cc9 is-layout-flow wp-block-column-is-layout-flow\" style=\"color:#000000;background-color:#c0ebf1;padding-top:2em;padding-right:2em;padding-bottom:2em;padding-left:2em\">\n<h2 class=\"wp-block-heading has-medium-font-size\" id=\"patron\"><strong>Obstetricia<\/strong><\/h2>\n\n\n\n<hr class=\"wp-block-separator has-css-opacity is-style-wide\"\/>\n\n\n\n<p><strong>Lic. Azaf<\/strong>: lunes a jueves 14:30 a 18:00hs. <\/p>\n<\/div>\n<\/div>\n\n\n\n<p><\/p>\n\n\n\n<div class=\"wp-block-columns alignwide is-layout-flex wp-container-core-columns-is-layout-829b1d53 wp-block-columns-is-layout-flex\" style=\"margin-bottom:0\">\n<div class=\"wp-block-column has-pale-pink-background-color has-text-color has-background has-link-color wp-elements-6f4477b7f021e1c2bd37cd8cdf39e3fe is-layout-flow wp-block-column-is-layout-flow\" style=\"color:#000000;padding-top:2em;padding-right:2em;padding-bottom:2em;padding-left:2em\">\n<h2 class=\"wp-block-heading has-medium-font-size\" id=\"single\"><strong><strong>Ginecolog\u00eda<\/strong><\/strong><\/h2>\n\n\n\n<hr class=\"wp-block-separator has-text-color has-css-opacity has-background is-style-wide\" style=\"background-color:#000000;color:#000000\"\/>\n\n\n\n<p><strong>Dr. Navarro<\/strong>: Lunes a Viernes 8:30 a 9:30hs. <\/p>\n<\/div>\n\n\n\n<div class=\"wp-block-column has-text-color has-background has-link-color wp-elements-245d940ee542885d84f54b9e6bb7dfa3 is-layout-flow wp-block-column-is-layout-flow\" style=\"color:#000000;background-color:#a5cbe3;padding-top:2em;padding-right:2em;padding-bottom:2em;padding-left:2em\">\n<h2 class=\"wp-block-heading has-medium-font-size\" id=\"family\">Cardiolog\u00eda<\/h2>\n\n\n\n<hr class=\"wp-block-separator aligncenter has-css-opacity is-style-default\"\/>\n\n\n\n<p style=\"font-size:16px\"><strong>Dr. Orellana<\/strong>: Jueves 8:00 a 12:30hs. ; <strong>Dr. Fuhr Federico:<\/strong> jueves 15:00 a 19:00hs.<\/p>\n<\/div>\n\n\n\n<div class=\"wp-block-column has-light-green-cyan-background-color has-text-color has-background has-link-color wp-elements-f9febdfb23e0ac501486c674201146cc is-layout-flow wp-block-column-is-layout-flow\" style=\"color:#000000;padding-top:2em;padding-right:2em;padding-bottom:2em;padding-left:2em\">\n<h2 class=\"wp-block-heading has-medium-font-size\" id=\"patron\"><strong>Kinesiolog\u00eda<\/strong><\/h2>\n\n\n\n<hr class=\"wp-block-separator has-css-opacity is-style-wide\"\/>\n\n\n\n<p style=\"font-size:16px\"><strong>Lic. Alagastin Gustavo<\/strong>: Lunes a viernes 7:00 a 11:00hs.<\/p>\n<\/div>\n<\/div>\n\n\n\n<p><\/p>\n\n\n\n<div class=\"wp-block-columns alignwide is-layout-flex wp-container-core-columns-is-layout-829b1d53 wp-block-columns-is-layout-flex\" style=\"margin-bottom:0\">\n<div class=\"wp-block-column has-text-color has-background has-link-color wp-elements-f56a4e6bef4171a62e1c57d97f4f792c is-layout-flow wp-block-column-is-layout-flow\" style=\"color:#000000;background-color:#f9bc90;padding-top:2em;padding-right:2em;padding-bottom:2em;padding-left:2em\">\n<h2 class=\"wp-block-heading has-medium-font-size\" id=\"single\"><strong>Guardia de Enfermer\u00eda<\/strong><\/h2>\n\n\n\n<hr class=\"wp-block-separator has-text-color has-css-opacity has-background is-style-wide\" style=\"background-color:#000000;color:#000000\"\/>\n\n\n\n<p style=\"font-size:16px\">Lunes a viernes de 7:00 a 19:00hs. \/ Domingos y Feriados 8:00 a 12:00hs.<\/p>\n<\/div>\n\n\n\n<div class=\"wp-block-column has-pale-cyan-blue-background-color has-text-color has-background has-link-color wp-elements-741e7f5b300bded9541fd42b125a4efa is-layout-flow wp-block-column-is-layout-flow\" style=\"color:#000000;padding-top:2em;padding-right:2em;padding-bottom:2em;padding-left:2em\">\n<h2 class=\"wp-block-heading has-medium-font-size\" id=\"family\"><strong>PAP<\/strong><\/h2>\n\n\n\n<hr class=\"wp-block-separator aligncenter has-text-color has-black-color has-alpha-channel-opacity has-black-background-color has-background is-style-wide\"\/>\n\n\n\n<p style=\"font-size:16px\">Lunes a viernes de 14:00 a 17:00hs.<\/p>\n<\/div>\n\n\n\n<div class=\"wp-block-column has-text-color has-background has-link-color wp-elements-b74dbdc5980afc8c982b396f37a95363 is-layout-flow wp-block-column-is-layout-flow\" style=\"color:#000000;background-color:#f3ced7;padding-top:2em;padding-right:2em;padding-bottom:2em;padding-left:2em\">\n<h2 class=\"wp-block-heading has-medium-font-size\" id=\"patron\">Toma de muestra para An\u00e1lisis Cl\u00ednicos<\/h2>\n\n\n\n<hr class=\"wp-block-separator has-text-color has-black-color has-alpha-channel-opacity has-black-background-color has-background is-style-wide\"\/>\n\n\n\n<p style=\"font-size:16px\">Jueves 7:00 a 8:00hs.<\/p>\n<\/div>\n<\/div>\n\n\n\n<p><\/p>\n\n\n\n<div class=\"wp-block-columns alignwide is-layout-flex wp-container-core-columns-is-layout-829b1d53 wp-block-columns-is-layout-flex\" style=\"margin-bottom:0\">\n<div class=\"wp-block-column has-text-color has-background has-link-color wp-elements-c5fc533578cc16246f9d7ec0223f744b is-layout-flow wp-block-column-is-layout-flow\" style=\"color:#000000;background-color:#ffe97d;padding-top:2em;padding-right:2em;padding-bottom:2em;padding-left:2em\">\n<h2 class=\"wp-block-heading has-medium-font-size\" id=\"single\"><strong>Electrocardiograma<\/strong><\/h2>\n\n\n\n<hr class=\"wp-block-separator has-text-color has-css-opacity has-background is-style-wide\" style=\"background-color:#000000;color:#000000\"\/>\n\n\n\n<p style=\"font-size:16px\">Jueves 8:00hs. y 14:00hs.<\/p>\n<\/div>\n\n\n\n<div class=\"wp-block-column has-text-color has-background has-link-color wp-elements-5134325c91f6c944c5d0b82aa470e227 is-layout-flow wp-block-column-is-layout-flow\" style=\"color:#000000;background-color:#d1d1e1;padding-top:2em;padding-right:2em;padding-bottom:2em;padding-left:2em\">\n<h2 class=\"wp-block-heading has-medium-font-size\" id=\"family\">Testeo de hepatitis B y C<\/h2>\n\n\n\n<hr class=\"wp-block-separator aligncenter has-text-color has-black-color has-alpha-channel-opacity has-black-background-color has-background is-style-wide\"\/>\n\n\n\n<p style=\"font-size:16px\">Lunes a viernes de 8:00 a 13:00 y de 14:00 a 19:00hs.<\/p>\n<\/div>\n\n\n\n<div class=\"wp-block-column has-text-color has-background has-link-color wp-elements-522c16691702effe54653ae0b4a0edeb is-layout-flow wp-block-column-is-layout-flow\" style=\"color:#000000;background-color:#ff6a00bf;padding-top:2em;padding-right:2em;padding-bottom:2em;padding-left:2em\">\n<h2 class=\"wp-block-heading has-medium-font-size\" id=\"patron\">Vacunatorio<\/h2>\n\n\n\n<hr class=\"wp-block-separator has-text-color has-black-color has-alpha-channel-opacity has-black-background-color has-background is-style-wide\"\/>\n\n\n\n<p>Lunes a viernes de 8:00 a 13:00 y de 14:00 a 19:00hs.<\/p>\n<\/div>\n<\/div>\n\n\n\n<div class=\"wp-block-columns is-layout-flex wp-container-core-columns-is-layout-9d6595d7 wp-block-columns-is-layout-flex\">\n<div class=\"wp-block-column is-layout-flow wp-block-column-is-layout-flow\"><\/div>\n\n\n\n<div class=\"wp-block-column is-layout-flow wp-block-column-is-layout-flow\"><\/div>\n<\/div>\n\n\n\n<div class=\"wp-block-columns is-layout-flex wp-container-core-columns-is-layout-9d6595d7 wp-block-columns-is-layout-flex\">\n<div class=\"wp-block-column has-pale-pink-background-color has-text-color has-background has-link-color wp-elements-99ed70c8a6f39e18e5c4808025c89325 is-layout-flow wp-block-column-is-layout-flow\" style=\"color:#000000;padding-top:2em;padding-right:2em;padding-bottom:2em;padding-left:2em\">\n<h2 class=\"wp-block-heading has-medium-font-size\" id=\"single\"><strong>Educaci\u00f3n Sanitaria<\/strong><\/h2>\n\n\n\n<hr class=\"wp-block-separator has-text-color has-css-opacity has-background is-style-wide\" style=\"background-color:#000000;color:#000000\"\/>\n\n\n\n<p style=\"font-size:16px\"><strong>Coria Walter<\/strong>: Lunes a Viernes 13:00hs a 18:00hs  <strong>Coria Lila<\/strong>: lunes a viernes de 8:00 a 13:00hs.<\/p>\n<\/div>\n\n\n\n<div class=\"wp-block-column has-text-color has-background has-link-color wp-elements-690f55862e65c6d07df9d99fdf874e32 is-layout-flow wp-block-column-is-layout-flow\" style=\"color:#000000;background-color:#9b51e078;padding-top:2em;padding-right:2em;padding-bottom:2em;padding-left:2em\">\n<h2 class=\"wp-block-heading has-medium-font-size\" id=\"single\"><strong><strong>Farmacia <\/strong><\/strong><\/h2>\n\n\n\n<hr class=\"wp-block-separator has-text-color has-css-opacity has-background is-style-wide\" style=\"background-color:#000000;color:#000000\"\/>\n\n\n\n<p style=\"font-size:17px\">Lunes a viernes 800 a 12:30 y de 13:30 a 19:00hs.<\/p>\n<\/div>\n\n\n\n<div class=\"wp-block-column has-luminous-vivid-amber-background-color has-text-color has-background has-link-color wp-elements-af7b7853655a1f26aecddd3ed9fc0c98 is-layout-flow wp-block-column-is-layout-flow\" style=\"color:#000000;padding-top:2em;padding-right:2em;padding-bottom:2em;padding-left:2em\">\n<h2 class=\"wp-block-heading has-medium-font-size\" id=\"single\"><strong><strong>Entrega de Leche<\/strong><\/strong><\/h2>\n\n\n\n<hr class=\"wp-block-separator has-text-color has-css-opacity has-background is-style-wide\" style=\"background-color:#000000;color:#000000\"\/>\n\n\n\n<p style=\"font-size:17px\">Lunes a viernes de 8:00 a 12:00hs.<\/p>\n<\/div>\n<\/div>\n\n\n\n<div class=\"wp-block-columns is-layout-flex wp-container-core-columns-is-layout-9d6595d7 wp-block-columns-is-layout-flex\">\n<div class=\"wp-block-column is-layout-flow wp-block-column-is-layout-flow\"><\/div>\n\n\n\n<div class=\"wp-block-column is-layout-flow wp-block-column-is-layout-flow\"><\/div>\n<\/div>\n\n\n\n<div class=\"wp-block-columns is-layout-flex wp-container-core-columns-is-layout-9d6595d7 wp-block-columns-is-layout-flex\">\n<div class=\"wp-block-column has-light-green-cyan-background-color has-text-color has-background has-link-color wp-elements-0023b85af0a7fef48022e5861f8d5e03 is-layout-flow wp-block-column-is-layout-flow\" style=\"color:#000000;padding-top:2em;padding-right:2em;padding-bottom:2em;padding-left:2em\">\n<h2 class=\"wp-block-heading has-medium-font-size\" id=\"single\"><strong><strong>Toma de muestras COVID<\/strong><\/strong><\/h2>\n\n\n\n<hr class=\"wp-block-separator has-text-color has-css-opacity has-background is-style-wide\" style=\"background-color:#000000;color:#000000\"\/>\n\n\n\n<p style=\"font-size:17px\">Lunes a viernes 7:00 a 8:00hs.<\/p>\n<\/div>\n\n\n\n<div class=\"wp-block-column has-pale-cyan-blue-background-color has-text-color has-background has-link-color wp-elements-1cad3a2093dd05ebb52e73d3eaf1f655 is-layout-flow wp-block-column-is-layout-flow\" style=\"color:#000000;padding-top:2em;padding-right:2em;padding-bottom:2em;padding-left:2em\">\n<h2 class=\"wp-block-heading has-medium-font-size\" id=\"single\"><strong>Programa 1700<\/strong><\/h2>\n\n\n\n<hr class=\"wp-block-separator has-text-color has-css-opacity has-background is-style-wide\" style=\"background-color:#000000;color:#000000\"\/>\n\n\n\n<p style=\"font-size:17px\">Lunes a Viernes de 7:00 a 19:00hs.<\/p>\n<\/div>\n\n\n\n<div class=\"wp-block-column has-text-color has-background has-link-color wp-elements-b69e666b583e6a89e200ad6088cff631 is-layout-flow wp-block-column-is-layout-flow\" style=\"color:#000000;background-color:#f6af7c;padding-top:2em;padding-right:2em;padding-bottom:2em;padding-left:2em\">\n<h2 class=\"wp-block-heading has-medium-font-size\" id=\"single\"><strong><strong>Toma de muestras Dengue<\/strong><\/strong><\/h2>\n\n\n\n<hr class=\"wp-block-separator has-text-color has-css-opacity has-background is-style-wide\" style=\"background-color:#000000;color:#000000\"\/>\n\n\n\n<p style=\"font-size:17px\">Lunes a viernes de 8:00 a 17:00hs.<\/p>\n<\/div>\n<\/div>\n\n\n\n<p class=\"has-vivid-cyan-blue-color has-text-color has-medium-font-size\"><\/p>\n\n\n\n<p><\/p>\n\n\n\n<p class=\"has-vivid-cyan-blue-color has-text-color has-medium-font-size\"><strong>TEN\u00c9S UNA PLAZA SALUDABLE CERCA DE TU CASA<\/strong><\/p>\n\n\n\n<p class=\"has-medium-font-size\">En cada clase se realizan controles de salud a la comunidad que participa de este espacio, captando y reforzando el seguimiento de pacientes con enfermedades cr\u00f3nicas no transmisibles.<\/p>\n\n\n\n<p class=\"has-medium-font-size\">Seguinos en nuestras redes sociales: <a href=\"https:\/\/www.facebook.com\/PlazasSaludablesSgo\">Plazas Saludables Santiago del Estero<\/a><\/p>\n\n\n\n<div class=\"wp-block-columns is-layout-flex wp-container-core-columns-is-layout-9d6595d7 wp-block-columns-is-layout-flex\">\n<div class=\"wp-block-column is-layout-flow wp-block-column-is-layout-flow\">\n<figure class=\"wp-block-image size-large\"><img decoding=\"async\" width=\"819\" height=\"1024\" src=\"https:\/\/msaludsgo.gov.ar\/web\/wp-content\/uploads\/2023\/06\/WhatsApp-Image-2025-10-06-at-7.46.34-AM-4-819x1024.jpeg\" alt=\"\" class=\"wp-image-28402\" srcset=\"https:\/\/msaludsgo.gov.ar\/web\/wp-content\/uploads\/2023\/06\/WhatsApp-Image-2025-10-06-at-7.46.34-AM-4-819x1024.jpeg 819w, https:\/\/msaludsgo.gov.ar\/web\/wp-content\/uploads\/2023\/06\/WhatsApp-Image-2025-10-06-at-7.46.34-AM-4-240x300.jpeg 240w, https:\/\/msaludsgo.gov.ar\/web\/wp-content\/uploads\/2023\/06\/WhatsApp-Image-2025-10-06-at-7.46.34-AM-4-120x150.jpeg 120w, https:\/\/msaludsgo.gov.ar\/web\/wp-content\/uploads\/2023\/06\/WhatsApp-Image-2025-10-06-at-7.46.34-AM-4-768x960.jpeg 768w, https:\/\/msaludsgo.gov.ar\/web\/wp-content\/uploads\/2023\/06\/WhatsApp-Image-2025-10-06-at-7.46.34-AM-4-320x400.jpeg 320w, https:\/\/msaludsgo.gov.ar\/web\/wp-content\/uploads\/2023\/06\/WhatsApp-Image-2025-10-06-at-7.46.34-AM-4.jpeg 1080w\" sizes=\"(max-width: 819px) 100vw, 819px\" \/><\/figure>\n<\/div>\n\n\n\n<div class=\"wp-block-column is-layout-flow wp-block-column-is-layout-flow\">\n<figure class=\"wp-block-image size-large\"><img loading=\"lazy\" decoding=\"async\" width=\"819\" height=\"1024\" src=\"https:\/\/msaludsgo.gov.ar\/web\/wp-content\/uploads\/2023\/06\/WhatsApp-Image-2025-10-06-at-7.46.35-AM-6-819x1024.jpeg\" alt=\"\" class=\"wp-image-28403\" srcset=\"https:\/\/msaludsgo.gov.ar\/web\/wp-content\/uploads\/2023\/06\/WhatsApp-Image-2025-10-06-at-7.46.35-AM-6-819x1024.jpeg 819w, https:\/\/msaludsgo.gov.ar\/web\/wp-content\/uploads\/2023\/06\/WhatsApp-Image-2025-10-06-at-7.46.35-AM-6-240x300.jpeg 240w, https:\/\/msaludsgo.gov.ar\/web\/wp-content\/uploads\/2023\/06\/WhatsApp-Image-2025-10-06-at-7.46.35-AM-6-120x150.jpeg 120w, https:\/\/msaludsgo.gov.ar\/web\/wp-content\/uploads\/2023\/06\/WhatsApp-Image-2025-10-06-at-7.46.35-AM-6-768x960.jpeg 768w, https:\/\/msaludsgo.gov.ar\/web\/wp-content\/uploads\/2023\/06\/WhatsApp-Image-2025-10-06-at-7.46.35-AM-6-320x400.jpeg 320w, https:\/\/msaludsgo.gov.ar\/web\/wp-content\/uploads\/2023\/06\/WhatsApp-Image-2025-10-06-at-7.46.35-AM-6.jpeg 1080w\" sizes=\"(max-width: 819px) 100vw, 819px\" \/><\/figure>\n<\/div>\n<\/div>\n\n\n\n<div class=\"wp-block-columns is-layout-flex wp-container-core-columns-is-layout-9d6595d7 wp-block-columns-is-layout-flex\">\n<div class=\"wp-block-column is-layout-flow wp-block-column-is-layout-flow\">\n<figure class=\"wp-block-image size-large\"><img loading=\"lazy\" decoding=\"async\" width=\"819\" height=\"1024\" src=\"https:\/\/msaludsgo.gov.ar\/web\/wp-content\/uploads\/2023\/06\/WhatsApp-Image-2025-10-06-at-7.46.35-AM-1-4-819x1024.jpeg\" alt=\"\" class=\"wp-image-28404\" srcset=\"https:\/\/msaludsgo.gov.ar\/web\/wp-content\/uploads\/2023\/06\/WhatsApp-Image-2025-10-06-at-7.46.35-AM-1-4-819x1024.jpeg 819w, https:\/\/msaludsgo.gov.ar\/web\/wp-content\/uploads\/2023\/06\/WhatsApp-Image-2025-10-06-at-7.46.35-AM-1-4-240x300.jpeg 240w, https:\/\/msaludsgo.gov.ar\/web\/wp-content\/uploads\/2023\/06\/WhatsApp-Image-2025-10-06-at-7.46.35-AM-1-4-120x150.jpeg 120w, https:\/\/msaludsgo.gov.ar\/web\/wp-content\/uploads\/2023\/06\/WhatsApp-Image-2025-10-06-at-7.46.35-AM-1-4-768x960.jpeg 768w, https:\/\/msaludsgo.gov.ar\/web\/wp-content\/uploads\/2023\/06\/WhatsApp-Image-2025-10-06-at-7.46.35-AM-1-4-320x400.jpeg 320w, https:\/\/msaludsgo.gov.ar\/web\/wp-content\/uploads\/2023\/06\/WhatsApp-Image-2025-10-06-at-7.46.35-AM-1-4.jpeg 1080w\" sizes=\"(max-width: 819px) 100vw, 819px\" \/><\/figure>\n<\/div>\n\n\n\n<div class=\"wp-block-column is-layout-flow wp-block-column-is-layout-flow\">\n<figure class=\"wp-block-image size-large\"><img loading=\"lazy\" decoding=\"async\" width=\"819\" height=\"1024\" src=\"https:\/\/msaludsgo.gov.ar\/web\/wp-content\/uploads\/2023\/06\/WhatsApp-Image-2025-10-06-at-7.46.35-AM-2-4-819x1024.jpeg\" alt=\"\" class=\"wp-image-28405\" srcset=\"https:\/\/msaludsgo.gov.ar\/web\/wp-content\/uploads\/2023\/06\/WhatsApp-Image-2025-10-06-at-7.46.35-AM-2-4-819x1024.jpeg 819w, https:\/\/msaludsgo.gov.ar\/web\/wp-content\/uploads\/2023\/06\/WhatsApp-Image-2025-10-06-at-7.46.35-AM-2-4-240x300.jpeg 240w, https:\/\/msaludsgo.gov.ar\/web\/wp-content\/uploads\/2023\/06\/WhatsApp-Image-2025-10-06-at-7.46.35-AM-2-4-120x150.jpeg 120w, https:\/\/msaludsgo.gov.ar\/web\/wp-content\/uploads\/2023\/06\/WhatsApp-Image-2025-10-06-at-7.46.35-AM-2-4-768x960.jpeg 768w, https:\/\/msaludsgo.gov.ar\/web\/wp-content\/uploads\/2023\/06\/WhatsApp-Image-2025-10-06-at-7.46.35-AM-2-4-320x400.jpeg 320w, https:\/\/msaludsgo.gov.ar\/web\/wp-content\/uploads\/2023\/06\/WhatsApp-Image-2025-10-06-at-7.46.35-AM-2-4.jpeg 1080w\" sizes=\"(max-width: 819px) 100vw, 819px\" \/><\/figure>\n<\/div>\n<\/div>\n\n\n\n<figure class=\"wp-block-image size-large\"><img loading=\"lazy\" decoding=\"async\" width=\"819\" height=\"1024\" src=\"https:\/\/msaludsgo.gov.ar\/web\/wp-content\/uploads\/2023\/06\/WhatsApp-Image-2025-10-06-at-7.46.37-AM-4-819x1024.jpeg\" alt=\"\" class=\"wp-image-28406\" srcset=\"https:\/\/msaludsgo.gov.ar\/web\/wp-content\/uploads\/2023\/06\/WhatsApp-Image-2025-10-06-at-7.46.37-AM-4-819x1024.jpeg 819w, https:\/\/msaludsgo.gov.ar\/web\/wp-content\/uploads\/2023\/06\/WhatsApp-Image-2025-10-06-at-7.46.37-AM-4-240x300.jpeg 240w, https:\/\/msaludsgo.gov.ar\/web\/wp-content\/uploads\/2023\/06\/WhatsApp-Image-2025-10-06-at-7.46.37-AM-4-120x150.jpeg 120w, https:\/\/msaludsgo.gov.ar\/web\/wp-content\/uploads\/2023\/06\/WhatsApp-Image-2025-10-06-at-7.46.37-AM-4-768x960.jpeg 768w, https:\/\/msaludsgo.gov.ar\/web\/wp-content\/uploads\/2023\/06\/WhatsApp-Image-2025-10-06-at-7.46.37-AM-4-320x400.jpeg 320w, https:\/\/msaludsgo.gov.ar\/web\/wp-content\/uploads\/2023\/06\/WhatsApp-Image-2025-10-06-at-7.46.37-AM-4.jpeg 1080w\" sizes=\"(max-width: 819px) 100vw, 819px\" \/><\/figure>\n","protected":false},"excerpt":{"rendered":"<p>AGENDA DIGITAL DE SALUD VISI\u00d3N Y MISI\u00d3N DE LAS UNIDADES PRIMARIAS DE ATENCI\u00d3N Visi\u00f3n: La Unidad Primaria de Atenci\u00f3n (UPA), dentro de la estrategia de APS, tiene como visi\u00f3n: \u201cAlcanzar una mejor calidad de vida en personas, familias y comunidades del \u00e1rea de responsabilidad desde el enfoque de la participaci\u00f3n social local\u201d. Misi\u00f3n: La UPA [&hellip;]<\/p>\n","protected":false},"author":5,"featured_media":0,"comment_status":"open","ping_status":"open","sticky":false,"template":"","format":"standard","meta":{"footnotes":""},"categories":[1],"tags":[],"class_list":["post-9802","post","type-post","status-publish","format-standard","hentry","category-sin-categoria"],"aioseo_notices":[],"_links":{"self":[{"href":"https:\/\/msaludsgo.gov.ar\/web\/wp-json\/wp\/v2\/posts\/9802","targetHints":{"allow":["GET"]}}],"collection":[{"href":"https:\/\/msaludsgo.gov.ar\/web\/wp-json\/wp\/v2\/posts"}],"about":[{"href":"https:\/\/msaludsgo.gov.ar\/web\/wp-json\/wp\/v2\/types\/post"}],"author":[{"embeddable":true,"href":"https:\/\/msaludsgo.gov.ar\/web\/wp-json\/wp\/v2\/users\/5"}],"replies":[{"embeddable":true,"href":"https:\/\/msaludsgo.gov.ar\/web\/wp-json\/wp\/v2\/comments?post=9802"}],"version-history":[{"count":63,"href":"https:\/\/msaludsgo.gov.ar\/web\/wp-json\/wp\/v2\/posts\/9802\/revisions"}],"predecessor-version":[{"id":31394,"href":"https:\/\/msaludsgo.gov.ar\/web\/wp-json\/wp\/v2\/posts\/9802\/revisions\/31394"}],"wp:attachment":[{"href":"https:\/\/msaludsgo.gov.ar\/web\/wp-json\/wp\/v2\/media?parent=9802"}],"wp:term":[{"taxonomy":"category","embeddable":true,"href":"https:\/\/msaludsgo.gov.ar\/web\/wp-json\/wp\/v2\/categories?post=9802"},{"taxonomy":"post_tag","embeddable":true,"href":"https:\/\/msaludsgo.gov.ar\/web\/wp-json\/wp\/v2\/tags?post=9802"}],"curies":[{"name":"wp","href":"https:\/\/api.w.org\/{rel}","templated":true}]}}