{"id":9838,"date":"2023-06-08T03:01:51","date_gmt":"2023-06-08T03:01:51","guid":{"rendered":"https:\/\/msaludsgo.gov.ar\/web\/?p=9838"},"modified":"2026-04-13T15:07:57","modified_gmt":"2026-04-13T15:07:57","slug":"upa-no-18-b-aeropuerto","status":"publish","type":"post","link":"https:\/\/msaludsgo.gov.ar\/web\/upa-no-18-b-aeropuerto\/","title":{"rendered":"UPA N\u00ba 18 B\u00b0 Aeropuerto"},"content":{"rendered":"\n<p class=\"has-white-color has-vivid-cyan-blue-background-color has-text-color has-background has-large-font-size\"><strong>AGENDA DIGITAL DE SALUD<\/strong><\/p>\n\n\n\n<p class=\"has-text-align-left has-vivid-cyan-blue-color has-white-background-color has-text-color has-background has-medium-font-size\"><strong>VISI\u00d3N Y MISI\u00d3N DE LAS UNIDADES PRIMARIAS DE ATENCI\u00d3N<\/strong><\/p>\n\n\n\n<p class=\"has-black-color has-text-color has-medium-font-size\"><strong>Visi\u00f3n:<\/strong><\/p>\n\n\n\n<p class=\"has-medium-font-size\">La Unidad Primaria de Atenci\u00f3n (UPA), dentro de la estrategia de APS, tiene como visi\u00f3n: \u201cAlcanzar una mejor calidad de vida en personas, familias y comunidades del \u00e1rea de responsabilidad desde el enfoque de la participaci\u00f3n social local\u201d.<\/p>\n\n\n\n<p class=\"has-black-color has-text-color has-medium-font-size\"><strong>Misi\u00f3n:<\/strong><\/p>\n\n\n\n<p class=\"has-medium-font-size\">La UPA tiene la misi\u00f3n de transformarse en el eje operativo, ejecutivo y de control de la implementaci\u00f3n de la estrategia de APS, en la b\u00fasqueda permanente de hacer accesible la asistencia para atender la salud de la poblaci\u00f3n desde una perspectiva de ejercicio de derecho, tratando permanentemente lograr inclusi\u00f3n e igualdad con la equidad necesaria.<br>Sabemos que la salud es una construcci\u00f3n colectiva, y en ese sentido nuestros recursos humanos est\u00e1n cient\u00edficamente formados con la capacidad t\u00e9cnica necesaria y resolutiva para abordar adecuadamente los problemas locales, materializando de manera indispensable, la participaci\u00f3n comunitaria.<\/p>\n\n\n\n<p class=\"has-text-align-left has-vivid-cyan-blue-color has-white-background-color has-text-color has-background has-medium-font-size\"><strong>MAPA DE LA CIUDAD CAPITAL DIVIDIDO SEG\u00daN LA ZONA DE COBERTURA DE CADA CENTRO DE SALUD<\/strong><\/p>\n\n\n\n<figure class=\"wp-block-gallery has-nested-images columns-default is-cropped wp-block-gallery-1 is-layout-flex wp-block-gallery-is-layout-flex\">\n<figure class=\"wp-block-image size-large\"><img fetchpriority=\"high\" decoding=\"async\" width=\"724\" height=\"1024\" data-id=\"9767\" src=\"https:\/\/msaludsgo.gov.ar\/web\/wp-content\/uploads\/2023\/06\/Mapa-de-santiago-724x1024.jpeg\" alt=\"\" class=\"wp-image-9767\" srcset=\"https:\/\/msaludsgo.gov.ar\/web\/wp-content\/uploads\/2023\/06\/Mapa-de-santiago-724x1024.jpeg 724w, https:\/\/msaludsgo.gov.ar\/web\/wp-content\/uploads\/2023\/06\/Mapa-de-santiago-212x300.jpeg 212w, https:\/\/msaludsgo.gov.ar\/web\/wp-content\/uploads\/2023\/06\/Mapa-de-santiago-106x150.jpeg 106w, https:\/\/msaludsgo.gov.ar\/web\/wp-content\/uploads\/2023\/06\/Mapa-de-santiago-768x1086.jpeg 768w, https:\/\/msaludsgo.gov.ar\/web\/wp-content\/uploads\/2023\/06\/Mapa-de-santiago-1086x1536.jpeg 1086w, https:\/\/msaludsgo.gov.ar\/web\/wp-content\/uploads\/2023\/06\/Mapa-de-santiago-283x400.jpeg 283w, https:\/\/msaludsgo.gov.ar\/web\/wp-content\/uploads\/2023\/06\/Mapa-de-santiago.jpeg 1131w\" sizes=\"(max-width: 724px) 100vw, 724px\" \/><\/figure>\n<\/figure>\n\n\n\n<p><\/p>\n\n\n\n<p class=\"has-vivid-cyan-blue-color has-text-color has-medium-font-size\"><strong>MAPA DE LA ZONA DE COBERTURA DE LA UPA N\u00ba 18 B\u00b0 Aeropuerto<\/strong><\/p>\n\n\n\n<figure class=\"wp-block-gallery has-nested-images columns-default is-cropped wp-block-gallery-2 is-layout-flex wp-block-gallery-is-layout-flex\">\n<figure class=\"wp-block-image size-large\"><img decoding=\"async\" width=\"1024\" height=\"724\" data-id=\"29744\" src=\"https:\/\/msaludsgo.gov.ar\/web\/wp-content\/uploads\/2023\/06\/UPA-N\u00b0-18-Aeropuerto-1024x724.png\" alt=\"\" class=\"wp-image-29744\" srcset=\"https:\/\/msaludsgo.gov.ar\/web\/wp-content\/uploads\/2023\/06\/UPA-N\u00b0-18-Aeropuerto-1024x724.png 1024w, https:\/\/msaludsgo.gov.ar\/web\/wp-content\/uploads\/2023\/06\/UPA-N\u00b0-18-Aeropuerto-300x212.png 300w, https:\/\/msaludsgo.gov.ar\/web\/wp-content\/uploads\/2023\/06\/UPA-N\u00b0-18-Aeropuerto-150x106.png 150w, https:\/\/msaludsgo.gov.ar\/web\/wp-content\/uploads\/2023\/06\/UPA-N\u00b0-18-Aeropuerto-768x543.png 768w, https:\/\/msaludsgo.gov.ar\/web\/wp-content\/uploads\/2023\/06\/UPA-N\u00b0-18-Aeropuerto-1536x1086.png 1536w, https:\/\/msaludsgo.gov.ar\/web\/wp-content\/uploads\/2023\/06\/UPA-N\u00b0-18-Aeropuerto-2048x1448.png 2048w, https:\/\/msaludsgo.gov.ar\/web\/wp-content\/uploads\/2023\/06\/UPA-N\u00b0-18-Aeropuerto-566x400.png 566w\" sizes=\"(max-width: 1024px) 100vw, 1024px\" \/><\/figure>\n<\/figure>\n\n\n\n<p class=\"has-background\" style=\"background-color:#fcb9009e;font-size:18px\">Aquellas personas que residan en el <strong>Sector descubierto<\/strong>, pueden dirigirse a la UPA para solicitar la visita de un Agente Sanitario.<\/p>\n\n\n\n<p class=\"has-pale-pink-background-color has-background\" style=\"font-size:24px\"><strong>En el siguiente link puedes acceder al mapa digital:&nbsp;<a href=\"https:\/\/www.google.com\/maps\/d\/u\/0\/viewer?mid=1EycwPbxghnNpskQDUx13s1-rLx-YZlE&amp;ll=-27.752056179406406%2C-64.29561332537841&amp;z=15\" title=\"MAPA DE LA UPA N\u00b0 18\">MAPA DE LA UPA N\u00b0 18<\/a><\/strong><\/p>\n\n\n\n<p class=\"has-vivid-cyan-blue-color has-text-color has-medium-font-size\"><strong>PARA CONTACTARTE CON TU AGENTE SANITARIO O SOLICITAR UN TURNO<\/strong><\/p>\n\n\n\n<p class=\"has-medium-font-size\"><strong>Dir\u00edgete<\/strong> a la UPA N\u00ba 18 B\u00b0 Aeropuerto, Av. Madre de Ciudades S\/N<\/p>\n\n\n\n<p class=\"has-medium-font-size\"><strong>Comun\u00edcate<\/strong> al tel\u00e9fono: 4345033&#8211;3855936486<\/p>\n\n\n\n<p class=\"has-medium-font-size\"><strong>Env\u00eda un mensaje al Facebook<\/strong>: <a href=\"https:\/\/www.facebook.com\/profile.php?id=100083100140413\">UPA 18 Aeropuerto<\/a>  o a<strong> <a href=\"https:\/\/www.facebook.com\/profile.php?id=100063723453798&amp;mibextid=ZbWKwL\">Direcci\u00f3n de Atenci\u00f3n Primaria de la Salud<\/a><\/strong><\/p>\n\n\n\n<p class=\"has-vivid-cyan-blue-color has-text-color has-medium-font-size\"><strong>GU\u00cdA DE SERVICIOS DEL CENTRO DE SALUD<\/strong> <\/p>\n\n\n\n<div class=\"wp-block-columns alignwide is-layout-flex wp-container-core-columns-is-layout-829b1d53 wp-block-columns-is-layout-flex\" style=\"margin-bottom:0\">\n<div class=\"wp-block-column has-text-color has-background has-link-color wp-elements-e683a22bf13a519a927ed8fc64dbc280 is-layout-flow wp-block-column-is-layout-flow\" style=\"color:#000000;background-color:#ffe97d;padding-top:2em;padding-right:2em;padding-bottom:2em;padding-left:2em\">\n<h2 class=\"wp-block-heading has-medium-font-size\" id=\"single\"><strong>M\u00e9dico Cl\u00ednico<\/strong><\/h2>\n\n\n\n<hr class=\"wp-block-separator has-text-color has-css-opacity has-background is-style-wide\" style=\"background-color:#000000;color:#000000\"\/>\n\n\n\n<p style=\"font-size:17px\"><strong>Dra. Santill\u00e1n Salome<\/strong>: Mi\u00e9rcoles 9:00hs.<\/p>\n<\/div>\n\n\n\n<div class=\"wp-block-column has-text-color has-background has-link-color wp-elements-e8279601eb2b7e8502baba723721df9c is-layout-flow wp-block-column-is-layout-flow\" style=\"color:#000000;background-color:#d1d1e1;padding-top:2em;padding-right:2em;padding-bottom:2em;padding-left:2em\">\n<h2 class=\"wp-block-heading has-medium-font-size\" id=\"family\"><strong>Pediatr\u00eda<\/strong><\/h2>\n\n\n\n<hr class=\"wp-block-separator aligncenter has-css-opacity is-style-default\"\/>\n\n\n\n<p style=\"font-size:16px\"><strong>Dr. Vieyra Carlos<\/strong>: Martes y Jueves 14:30hs. y miercoles y viernes 8:30hs. <\/p>\n<\/div>\n\n\n\n<div class=\"wp-block-column has-text-color has-background has-link-color wp-elements-0dbc180ca91f36af68c53bcf728840ce is-layout-flow wp-block-column-is-layout-flow\" style=\"color:#000000;background-color:#c0ebf1;padding-top:2em;padding-right:2em;padding-bottom:2em;padding-left:2em\">\n<h2 class=\"wp-block-heading has-medium-font-size\" id=\"patron\"><strong>Obstetricia<\/strong><\/h2>\n\n\n\n<hr class=\"wp-block-separator has-css-opacity is-style-wide\"\/>\n\n\n\n<p style=\"font-size:17px\"><strong>Lic. Perez Gabriela<\/strong>: Jueves 14:30hs.<\/p>\n<\/div>\n<\/div>\n\n\n\n<p><\/p>\n\n\n\n<div class=\"wp-block-columns alignwide is-layout-flex wp-container-core-columns-is-layout-829b1d53 wp-block-columns-is-layout-flex\" style=\"margin-bottom:0\">\n<div class=\"wp-block-column has-pale-pink-background-color has-text-color has-background has-link-color wp-elements-a7926467d5081527a454c012092182ad is-layout-flow wp-block-column-is-layout-flow\" style=\"color:#000000;padding-top:2em;padding-right:2em;padding-bottom:2em;padding-left:2em\">\n<h2 class=\"wp-block-heading has-medium-font-size\" id=\"single\">Medico de Familia<\/h2>\n\n\n\n<hr class=\"wp-block-separator has-text-color has-css-opacity has-background is-style-wide\" style=\"background-color:#000000;color:#000000\"\/>\n\n\n\n<p style=\"font-size:17px\"><strong>Dr. Sosa Juan<\/strong>: jueves y viernes de 8:00hs. <\/p>\n<\/div>\n\n\n\n<div class=\"wp-block-column has-text-color has-background has-link-color wp-elements-ca275b1539c19703ce264063dd3f3ad2 is-layout-flow wp-block-column-is-layout-flow\" style=\"color:#000000;background-color:#f9bc90;padding-top:2em;padding-right:2em;padding-bottom:2em;padding-left:2em\">\n<h2 class=\"wp-block-heading has-medium-font-size\" id=\"single\"><strong><strong>Colocaci\u00f3n y extracci\u00f3n de Implantes Subdermicos<\/strong><\/strong><\/h2>\n\n\n\n<hr class=\"wp-block-separator has-text-color has-css-opacity has-background is-style-wide\" style=\"background-color:#000000;color:#000000\"\/>\n\n\n\n<p>Jueves 14:30HS<\/p>\n<\/div>\n\n\n\n<div class=\"wp-block-column has-pale-cyan-blue-background-color has-text-color has-background has-link-color wp-elements-c9da6c930863d2b41d6e10ab3a6756ae is-layout-flow wp-block-column-is-layout-flow\" style=\"color:#000000;padding-top:2em;padding-right:2em;padding-bottom:2em;padding-left:2em\">\n<h2 class=\"wp-block-heading has-medium-font-size\" id=\"family\">Pap<\/h2>\n\n\n\n<hr class=\"wp-block-separator aligncenter has-css-opacity is-style-default\"\/>\n\n\n\n<p style=\"font-size:16px\">Jueves 14:30hs<\/p>\n<\/div>\n<\/div>\n\n\n\n<p><\/p>\n\n\n\n<div class=\"wp-block-columns is-layout-flex wp-container-core-columns-is-layout-9d6595d7 wp-block-columns-is-layout-flex\">\n<div class=\"wp-block-column has-text-color has-background has-link-color wp-elements-b9c6ea8ff93531aa8526bd09c386ae14 is-layout-flow wp-block-column-is-layout-flow\" style=\"color:#000000;background-color:#f9bc90;padding-top:2em;padding-right:2em;padding-bottom:2em;padding-left:2em\">\n<h2 class=\"wp-block-heading has-medium-font-size\" id=\"single\"><strong><strong>Programa 1700<\/strong><\/strong><\/h2>\n\n\n\n<hr class=\"wp-block-separator has-text-color has-css-opacity has-background is-style-wide\" style=\"background-color:#000000;color:#000000\"\/>\n\n\n\n<p>Lunes a Viernes de 7 a 19 hs.<\/p>\n<\/div>\n\n\n\n<div class=\"wp-block-column has-text-color has-background has-link-color wp-elements-01ebb7b68535efb4e436d1b921d44bce is-layout-flow wp-block-column-is-layout-flow\" style=\"color:#000000;background-color:#ffe97d;padding-top:2em;padding-right:2em;padding-bottom:2em;padding-left:2em\">\n<h2 class=\"wp-block-heading has-medium-font-size\" id=\"single\">Electrocardiograma<\/h2>\n\n\n\n<hr class=\"wp-block-separator has-text-color has-css-opacity has-background is-style-wide\" style=\"background-color:#000000;color:#000000\"\/>\n\n\n\n<p style=\"font-size:17px\">Lunes a Viernes 7 a 19hs<\/p>\n<\/div>\n\n\n\n<div class=\"wp-block-column has-text-color has-background has-link-color wp-elements-0dc4eb3323493a35b071b7f75a594463 is-layout-flow wp-block-column-is-layout-flow\" style=\"color:#000000;background-color:#a5cbe3;padding-top:2em;padding-right:2em;padding-bottom:2em;padding-left:2em\">\n<h2 class=\"wp-block-heading has-medium-font-size\" id=\"family\"><strong>Farmacia <\/strong><\/h2>\n\n\n\n<hr class=\"wp-block-separator aligncenter has-css-opacity is-style-default\"\/>\n\n\n\n<p>Lunes a Viernes de 7 a 19 hs.<\/p>\n<\/div>\n<\/div>\n\n\n\n<p><\/p>\n\n\n\n<div class=\"wp-block-columns is-layout-flex wp-container-core-columns-is-layout-9d6595d7 wp-block-columns-is-layout-flex\">\n<div class=\"wp-block-column has-light-green-cyan-background-color has-text-color has-background has-link-color wp-elements-b3eaa3cbb59c7247237ed2e993c4f167 is-layout-flow wp-block-column-is-layout-flow\" style=\"color:#000000;padding-top:2em;padding-right:2em;padding-bottom:2em;padding-left:2em\">\n<h2 class=\"wp-block-heading has-medium-font-size\" id=\"patron\"><strong>Vacunatorio<\/strong><\/h2>\n\n\n\n<hr class=\"wp-block-separator has-css-opacity is-style-wide\"\/>\n\n\n\n<p>lunes a viernes de 7hs a 19hs Feriados,s\u00e1bados y domingo de 8 a 13:00hs<\/p>\n<\/div>\n\n\n\n<div class=\"wp-block-column has-text-color has-background has-link-color wp-elements-a0ad09c0c423da8f9b5ead42fbab9bd1 is-layout-flow wp-block-column-is-layout-flow\" style=\"color:#000000;background-color:#a5cbe3;padding-top:2em;padding-right:2em;padding-bottom:2em;padding-left:2em\">\n<h2 class=\"wp-block-heading has-medium-font-size\" id=\"family\"><strong>Educaci\u00f3n Sanitaria.<\/strong><\/h2>\n\n\n\n<hr class=\"wp-block-separator aligncenter has-css-opacity is-style-default\"\/>\n\n\n\n<p> lunes a viernes de 7:00 a 14:00 hs<\/p>\n<\/div>\n\n\n\n<div class=\"wp-block-column has-pale-pink-background-color has-text-color has-background has-link-color wp-elements-51f84b765974b522632900935d949542 is-layout-flow wp-block-column-is-layout-flow\" style=\"color:#000000;padding-top:2em;padding-right:2em;padding-bottom:2em;padding-left:2em\">\n<h2 class=\"wp-block-heading has-medium-font-size\" id=\"single\"><strong><strong>Guardia de Enfermer\u00eda<\/strong><\/strong><\/h2>\n\n\n\n<hr class=\"wp-block-separator has-text-color has-css-opacity has-background is-style-wide\" style=\"background-color:#000000;color:#000000\"\/>\n\n\n\n<p style=\"font-size:16px\">Domingos y Feriados 8:00 a 13:00 hs<\/p>\n<\/div>\n<\/div>\n\n\n\n<p><\/p>\n\n\n\n<div class=\"wp-block-columns is-layout-flex wp-container-core-columns-is-layout-9d6595d7 wp-block-columns-is-layout-flex\">\n<div class=\"wp-block-column has-text-color has-background has-link-color wp-elements-e1f50e77d0bf6dc60e4d08d5505e45e7 is-layout-flow wp-block-column-is-layout-flow\" style=\"color:#000000;background-color:#fab2c4;padding-top:2em;padding-right:2em;padding-bottom:2em;padding-left:2em\">\n<h2 class=\"wp-block-heading has-medium-font-size\" id=\"family\"><strong><strong>Toma de muestra para An\u00e1lisis Cl\u00ednicos<\/strong><\/strong><\/h2>\n\n\n\n<hr class=\"wp-block-separator aligncenter has-css-opacity is-style-default\"\/>\n\n\n\n<p style=\"font-size:16px\">Lunes 6:00hs<\/p>\n<\/div>\n\n\n\n<div class=\"wp-block-column has-luminous-vivid-amber-background-color has-text-color has-background has-link-color wp-elements-db97796d91e97ec685a3803b49a037fc is-layout-flow wp-block-column-is-layout-flow\" style=\"color:#000000;padding-top:2em;padding-right:2em;padding-bottom:2em;padding-left:2em\">\n<h2 class=\"wp-block-heading has-medium-font-size\" id=\"family\"><strong>Entrega de Leche<\/strong><\/h2>\n\n\n\n<hr class=\"wp-block-separator aligncenter has-css-opacity is-style-default\"\/>\n\n\n\n<p>lunes a viernes de 7:00hs a 19hs .<\/p>\n<\/div>\n\n\n\n<div class=\"wp-block-column has-cyan-bluish-gray-background-color has-text-color has-background has-link-color wp-elements-01009b0ce0c85376325f399a4d4ed463 is-layout-flow wp-block-column-is-layout-flow\" style=\"color:#000000;padding-top:2em;padding-right:2em;padding-bottom:2em;padding-left:2em\">\n<h2 class=\"wp-block-heading has-medium-font-size\" id=\"family\"><strong><strong>Toma de muestra Dengue<\/strong><\/strong><\/h2>\n\n\n\n<hr class=\"wp-block-separator aligncenter has-css-opacity is-style-default\"\/>\n\n\n\n<p style=\"font-size:16px\">lunes a viernes de 7:30 a 12:00hs<\/p>\n<\/div>\n<\/div>\n\n\n\n<div class=\"wp-block-columns is-layout-flex wp-container-core-columns-is-layout-9d6595d7 wp-block-columns-is-layout-flex\">\n<div class=\"wp-block-column is-layout-flow wp-block-column-is-layout-flow\"><\/div>\n\n\n\n<div class=\"wp-block-column is-layout-flow wp-block-column-is-layout-flow\"><\/div>\n<\/div>\n\n\n\n<p><\/p>\n\n\n\n<p class=\"has-vivid-cyan-blue-color has-text-color has-medium-font-size\"><strong>TEN\u00c9S UNA PLAZA SALUDABLE CERCA DE TU CASA<\/strong><\/p>\n\n\n\n<p class=\"has-medium-font-size\">En cada clase se realizan controles de salud a la comunidad que participa de este espacio, captando y reforzando el seguimiento de pacientes con enfermedades cr\u00f3nicas no transmisibles.<\/p>\n\n\n\n<p class=\"has-medium-font-size\">Seguinos en nuestras redes sociales: <a href=\"https:\/\/www.facebook.com\/PlazasSaludablesSgo\">Plazas Saludables Santiago del Estero<\/a><\/p>\n\n\n\n<div class=\"wp-block-columns is-layout-flex wp-container-core-columns-is-layout-9d6595d7 wp-block-columns-is-layout-flex\">\n<div class=\"wp-block-column is-layout-flow wp-block-column-is-layout-flow\">\n<figure class=\"wp-block-image size-large\"><img decoding=\"async\" width=\"819\" height=\"1024\" src=\"https:\/\/msaludsgo.gov.ar\/web\/wp-content\/uploads\/2023\/06\/WhatsApp-Image-2025-10-06-at-7.46.34-AM-15-819x1024.jpeg\" alt=\"\" class=\"wp-image-28474\" srcset=\"https:\/\/msaludsgo.gov.ar\/web\/wp-content\/uploads\/2023\/06\/WhatsApp-Image-2025-10-06-at-7.46.34-AM-15-819x1024.jpeg 819w, https:\/\/msaludsgo.gov.ar\/web\/wp-content\/uploads\/2023\/06\/WhatsApp-Image-2025-10-06-at-7.46.34-AM-15-240x300.jpeg 240w, https:\/\/msaludsgo.gov.ar\/web\/wp-content\/uploads\/2023\/06\/WhatsApp-Image-2025-10-06-at-7.46.34-AM-15-120x150.jpeg 120w, https:\/\/msaludsgo.gov.ar\/web\/wp-content\/uploads\/2023\/06\/WhatsApp-Image-2025-10-06-at-7.46.34-AM-15-768x960.jpeg 768w, https:\/\/msaludsgo.gov.ar\/web\/wp-content\/uploads\/2023\/06\/WhatsApp-Image-2025-10-06-at-7.46.34-AM-15-320x400.jpeg 320w, https:\/\/msaludsgo.gov.ar\/web\/wp-content\/uploads\/2023\/06\/WhatsApp-Image-2025-10-06-at-7.46.34-AM-15.jpeg 1080w\" sizes=\"(max-width: 819px) 100vw, 819px\" \/><\/figure>\n<\/div>\n\n\n\n<div class=\"wp-block-column is-layout-flow wp-block-column-is-layout-flow\">\n<figure class=\"wp-block-image size-large\"><img loading=\"lazy\" decoding=\"async\" width=\"819\" height=\"1024\" src=\"https:\/\/msaludsgo.gov.ar\/web\/wp-content\/uploads\/2023\/06\/WhatsApp-Image-2025-10-06-at-7.46.35-AM-17-819x1024.jpeg\" alt=\"\" class=\"wp-image-28475\" srcset=\"https:\/\/msaludsgo.gov.ar\/web\/wp-content\/uploads\/2023\/06\/WhatsApp-Image-2025-10-06-at-7.46.35-AM-17-819x1024.jpeg 819w, https:\/\/msaludsgo.gov.ar\/web\/wp-content\/uploads\/2023\/06\/WhatsApp-Image-2025-10-06-at-7.46.35-AM-17-240x300.jpeg 240w, https:\/\/msaludsgo.gov.ar\/web\/wp-content\/uploads\/2023\/06\/WhatsApp-Image-2025-10-06-at-7.46.35-AM-17-120x150.jpeg 120w, https:\/\/msaludsgo.gov.ar\/web\/wp-content\/uploads\/2023\/06\/WhatsApp-Image-2025-10-06-at-7.46.35-AM-17-768x960.jpeg 768w, https:\/\/msaludsgo.gov.ar\/web\/wp-content\/uploads\/2023\/06\/WhatsApp-Image-2025-10-06-at-7.46.35-AM-17-320x400.jpeg 320w, https:\/\/msaludsgo.gov.ar\/web\/wp-content\/uploads\/2023\/06\/WhatsApp-Image-2025-10-06-at-7.46.35-AM-17.jpeg 1080w\" sizes=\"(max-width: 819px) 100vw, 819px\" \/><\/figure>\n<\/div>\n<\/div>\n\n\n\n<div class=\"wp-block-columns is-layout-flex wp-container-core-columns-is-layout-9d6595d7 wp-block-columns-is-layout-flex\">\n<div class=\"wp-block-column is-layout-flow wp-block-column-is-layout-flow\">\n<figure class=\"wp-block-image size-large\"><img loading=\"lazy\" decoding=\"async\" width=\"819\" height=\"1024\" src=\"https:\/\/msaludsgo.gov.ar\/web\/wp-content\/uploads\/2023\/06\/WhatsApp-Image-2025-10-06-at-7.46.35-AM-1-15-819x1024.jpeg\" alt=\"\" class=\"wp-image-28476\" srcset=\"https:\/\/msaludsgo.gov.ar\/web\/wp-content\/uploads\/2023\/06\/WhatsApp-Image-2025-10-06-at-7.46.35-AM-1-15-819x1024.jpeg 819w, https:\/\/msaludsgo.gov.ar\/web\/wp-content\/uploads\/2023\/06\/WhatsApp-Image-2025-10-06-at-7.46.35-AM-1-15-240x300.jpeg 240w, https:\/\/msaludsgo.gov.ar\/web\/wp-content\/uploads\/2023\/06\/WhatsApp-Image-2025-10-06-at-7.46.35-AM-1-15-120x150.jpeg 120w, https:\/\/msaludsgo.gov.ar\/web\/wp-content\/uploads\/2023\/06\/WhatsApp-Image-2025-10-06-at-7.46.35-AM-1-15-768x960.jpeg 768w, https:\/\/msaludsgo.gov.ar\/web\/wp-content\/uploads\/2023\/06\/WhatsApp-Image-2025-10-06-at-7.46.35-AM-1-15-320x400.jpeg 320w, https:\/\/msaludsgo.gov.ar\/web\/wp-content\/uploads\/2023\/06\/WhatsApp-Image-2025-10-06-at-7.46.35-AM-1-15.jpeg 1080w\" sizes=\"(max-width: 819px) 100vw, 819px\" \/><\/figure>\n<\/div>\n\n\n\n<div class=\"wp-block-column is-layout-flow wp-block-column-is-layout-flow\">\n<figure class=\"wp-block-image size-large\"><img loading=\"lazy\" decoding=\"async\" width=\"819\" height=\"1024\" src=\"https:\/\/msaludsgo.gov.ar\/web\/wp-content\/uploads\/2023\/06\/WhatsApp-Image-2025-10-06-at-7.46.35-AM-2-15-819x1024.jpeg\" alt=\"\" class=\"wp-image-28477\" srcset=\"https:\/\/msaludsgo.gov.ar\/web\/wp-content\/uploads\/2023\/06\/WhatsApp-Image-2025-10-06-at-7.46.35-AM-2-15-819x1024.jpeg 819w, https:\/\/msaludsgo.gov.ar\/web\/wp-content\/uploads\/2023\/06\/WhatsApp-Image-2025-10-06-at-7.46.35-AM-2-15-240x300.jpeg 240w, https:\/\/msaludsgo.gov.ar\/web\/wp-content\/uploads\/2023\/06\/WhatsApp-Image-2025-10-06-at-7.46.35-AM-2-15-120x150.jpeg 120w, https:\/\/msaludsgo.gov.ar\/web\/wp-content\/uploads\/2023\/06\/WhatsApp-Image-2025-10-06-at-7.46.35-AM-2-15-768x960.jpeg 768w, https:\/\/msaludsgo.gov.ar\/web\/wp-content\/uploads\/2023\/06\/WhatsApp-Image-2025-10-06-at-7.46.35-AM-2-15-320x400.jpeg 320w, https:\/\/msaludsgo.gov.ar\/web\/wp-content\/uploads\/2023\/06\/WhatsApp-Image-2025-10-06-at-7.46.35-AM-2-15.jpeg 1080w\" sizes=\"(max-width: 819px) 100vw, 819px\" \/><\/figure>\n<\/div>\n<\/div>\n\n\n\n<figure class=\"wp-block-image size-large\"><img loading=\"lazy\" decoding=\"async\" width=\"819\" height=\"1024\" src=\"https:\/\/msaludsgo.gov.ar\/web\/wp-content\/uploads\/2023\/06\/WhatsApp-Image-2025-10-06-at-7.46.37-AM-15-819x1024.jpeg\" alt=\"\" class=\"wp-image-28478\" srcset=\"https:\/\/msaludsgo.gov.ar\/web\/wp-content\/uploads\/2023\/06\/WhatsApp-Image-2025-10-06-at-7.46.37-AM-15-819x1024.jpeg 819w, https:\/\/msaludsgo.gov.ar\/web\/wp-content\/uploads\/2023\/06\/WhatsApp-Image-2025-10-06-at-7.46.37-AM-15-240x300.jpeg 240w, https:\/\/msaludsgo.gov.ar\/web\/wp-content\/uploads\/2023\/06\/WhatsApp-Image-2025-10-06-at-7.46.37-AM-15-120x150.jpeg 120w, https:\/\/msaludsgo.gov.ar\/web\/wp-content\/uploads\/2023\/06\/WhatsApp-Image-2025-10-06-at-7.46.37-AM-15-768x960.jpeg 768w, https:\/\/msaludsgo.gov.ar\/web\/wp-content\/uploads\/2023\/06\/WhatsApp-Image-2025-10-06-at-7.46.37-AM-15-320x400.jpeg 320w, https:\/\/msaludsgo.gov.ar\/web\/wp-content\/uploads\/2023\/06\/WhatsApp-Image-2025-10-06-at-7.46.37-AM-15.jpeg 1080w\" sizes=\"(max-width: 819px) 100vw, 819px\" \/><\/figure>\n","protected":false},"excerpt":{"rendered":"<p>AGENDA DIGITAL DE SALUD VISI\u00d3N Y MISI\u00d3N DE LAS UNIDADES PRIMARIAS DE ATENCI\u00d3N Visi\u00f3n: La Unidad Primaria de Atenci\u00f3n (UPA), dentro de la estrategia de APS, tiene como visi\u00f3n: \u201cAlcanzar una mejor calidad de vida en personas, familias y comunidades del \u00e1rea de responsabilidad desde el enfoque de la participaci\u00f3n social local\u201d. Misi\u00f3n: La UPA [&hellip;]<\/p>\n","protected":false},"author":5,"featured_media":0,"comment_status":"open","ping_status":"open","sticky":false,"template":"","format":"standard","meta":{"footnotes":""},"categories":[1],"tags":[],"class_list":["post-9838","post","type-post","status-publish","format-standard","hentry","category-sin-categoria"],"aioseo_notices":[],"_links":{"self":[{"href":"https:\/\/msaludsgo.gov.ar\/web\/wp-json\/wp\/v2\/posts\/9838","targetHints":{"allow":["GET"]}}],"collection":[{"href":"https:\/\/msaludsgo.gov.ar\/web\/wp-json\/wp\/v2\/posts"}],"about":[{"href":"https:\/\/msaludsgo.gov.ar\/web\/wp-json\/wp\/v2\/types\/post"}],"author":[{"embeddable":true,"href":"https:\/\/msaludsgo.gov.ar\/web\/wp-json\/wp\/v2\/users\/5"}],"replies":[{"embeddable":true,"href":"https:\/\/msaludsgo.gov.ar\/web\/wp-json\/wp\/v2\/comments?post=9838"}],"version-history":[{"count":51,"href":"https:\/\/msaludsgo.gov.ar\/web\/wp-json\/wp\/v2\/posts\/9838\/revisions"}],"predecessor-version":[{"id":31468,"href":"https:\/\/msaludsgo.gov.ar\/web\/wp-json\/wp\/v2\/posts\/9838\/revisions\/31468"}],"wp:attachment":[{"href":"https:\/\/msaludsgo.gov.ar\/web\/wp-json\/wp\/v2\/media?parent=9838"}],"wp:term":[{"taxonomy":"category","embeddable":true,"href":"https:\/\/msaludsgo.gov.ar\/web\/wp-json\/wp\/v2\/categories?post=9838"},{"taxonomy":"post_tag","embeddable":true,"href":"https:\/\/msaludsgo.gov.ar\/web\/wp-json\/wp\/v2\/tags?post=9838"}],"curies":[{"name":"wp","href":"https:\/\/api.w.org\/{rel}","templated":true}]}}